{"id":40886,"date":"2023-11-24T04:46:00","date_gmt":"2023-11-24T03:46:00","guid":{"rendered":"https:\/\/www.infokuryr.cz\/n\/?p=40886"},"modified":"2023-11-24T04:46:00","modified_gmt":"2023-11-24T03:46:00","slug":"jindrich-kulhavy-z-eu-je-treba-rychle-utect","status":"publish","type":"post","link":"https:\/\/www.infokuryr.cz\/n\/2023\/11\/24\/jindrich-kulhavy-z-eu-je-treba-rychle-utect\/","title":{"rendered":"Jind\u0159ich Kulhav\u00fd: Z EU je t\u0159eba rychle ut\u00e9ct"},"content":{"rendered":"<div id=\"fb-root\"><\/div>\n<p><span class=\"anotation\">\u010ctvrtek 23.11.2023 byl dvojn\u00e1sobn\u011b \u010dern\u00fdm dnem. Nejd\u0159\u00edve jsme se dozv\u011bd\u011bli, \u017ee gener\u00e1l a bohu\u017eel i prezident \u010cR Petr Pavel p\u0159ipojil sv\u016fj podpis pod Konsolida\u010dn\u00ed bal\u00ed\u010dek, jeho\u017e dopad na ob\u010dany a \u010desk\u00e9 firmy \u010di podnikatele bude likvida\u010dn\u00ed. Vyj\u00e1d\u0159en\u00ed prezidenta, kter\u00fdm rozhodnut\u00ed t\u00fdmu \u0159\u00edzen\u00e9ho Kol\u00e1\u0159em obhajuje sv\u016fj souhlas s\u00a0t\u00edmto paskvilem vedouc\u00edm k\u00a0vytahov\u00e1n\u00ed posledn\u00edch pen\u011bz z\u00a0kapes \u010cech\u016f a Morav\u00e1k\u016f, jasn\u011b ukazuje na to, \u017ee bu\u010f nech\u00e1pe \u0161\u00edlenost obsa\u017eenou v\u00a0tomto bal\u00edku tragick\u00fdch opat\u0159en\u00ed, nebo prost\u011b sv\u016fj podpis vyb\u00e1rtroval s\u00a0vl\u00e1dn\u00ed P\u011btikoalic\u00ed za n\u011bco, co bude pro n\u011bj \u010di Kol\u00e1\u0159e pozd\u011bji v\u00fdhodn\u00e9.<\/span><\/p>\n<div id=\"pagetext\">\n<p>\u00a0 Pokud by m\u011bl Petr Pavel sv\u011bdom\u00ed, pochopen\u00ed pro obyvatele \u010cesk\u00e9 republiky \u010di z\u00e1jem o jejich blaho, vyhodil by Fialu s\u00a0jeho experimentem u\u017e u prvn\u00ed vstupn\u00ed br\u00e1ny u 1.n\u00e1dvo\u0159\u00ed. Naopak hran\u00e9 vy\u010dk\u00e1v\u00e1n\u00ed Hradu nahr\u00e1v\u00e1 my\u0161lence na snahu z\u00edskat jako odm\u011bnu za spolupr\u00e1ci n\u011bjak\u00e9 bonusy. Bohu\u017eel, tomu se \u0159\u00edk\u00e1 politika, v\u00a0p\u0159ekladu kup\u010den\u00ed, ur\u010dit\u00fd druh korupce a naprost\u00e1 ignorace pot\u0159eb voli\u010d\u016f, kte\u0159\u00ed jsou pro strany zaj\u00edmav\u00fdmi pouze do t\u00e9 chv\u00edle, ne\u017e hod\u00ed sv\u016fj hlas do volebn\u00ed urny. Pot\u00e9 u\u017e jsou pouh\u00fdm zdrojem pen\u011bz, kter\u00e9 jsou mnoha zp\u016fsoby p\u0159evedeny ze soukrom\u00e9ho sektoru do toho st\u00e1tn\u00edho a z\u00a0n\u011bj na konta vyvolen\u00fdch. Jde o dal\u0161\u00ed uk\u00e1zku oboustrann\u011b \u017eiven\u00e9ho spojenectv\u00ed mezi Hradem a Strakovkou.<\/p>\n<p>Dal\u0161\u00ed trag\u00e9di\u00ed dne je rozhodnut\u00ed europoslanc\u016f o p\u0159erodu Evropsk\u00e9 unie ve federaci. Ke gauner\u016fm sna\u017e\u00edc\u00edm se zru\u0161it pr\u00e1vo VETA \u010dlensk\u00fdm st\u00e1t\u016fm, vytvo\u0159it spole\u010dnou evropskou arm\u00e1du, sjednotit dan\u011b ve v\u0161ech \u010dlensk\u00fdch zem\u00edch bez ohledu na ekonomick\u00e9 rozd\u00edly mezi st\u00e1ty, pov\u00fd\u0161it unijn\u00ed pr\u00e1vo nad to dosud platn\u00e9 ve svrchovan\u00fdch zem\u00edch pat\u0159\u00ed i zcela o\u010dek\u00e1van\u011b, op\u011bt a p\u0159edev\u0161\u00edm Pir\u00e1ti zastupuj\u00edc\u00ed \u010cR v\u00a0bruselsk\u00e9m hn\u00edzdu zla. Spole\u010dn\u00e1 by m\u011bl b\u00fdt d\u00e1le \u0161kolsk\u00fd syst\u00e9m a pod kontrolou Bruselu by z\u016fstalo zdravotnictv\u00ed, a nakonec i migrace. Zde je t\u0159eba si p\u0159ipomenout chov\u00e1n\u00ed euro\u0161mejd\u016f v\u00a0dob\u011b covidov\u00e9 pseudopandemie. Jen hloup\u00fd a zmanipulovan\u00fd \u010dlov\u011bk nevn\u00edm\u00e1 v\u0161echna re\u00e1ln\u00e1 rizika, kter\u00e1 dal\u0161\u00ed byt\u00ed v\u00a0tomto budouc\u00edm soust\u00e1t\u00ed p\u0159in\u00e1\u0161\u00ed. Absolutn\u00ed p\u0159ed\u00e1n\u00ed moci a vl\u00e1dy nad jednotliv\u00fdmi st\u00e1ty \u00fa\u0159edn\u00edk\u016fm hraj\u00edc\u00edm si na bohy je prost\u011b nep\u0159\u00edpustn\u00e9.<\/p>\n<p><a href=\"https:\/\/stranapro.cz\/\"><img decoding=\"async\" loading=\"lazy\" class=\"alignnone  wp-image-40285 aligncenter\" src=\"http:\/\/www.infokuryr.cz\/n\/wp-content\/uploads\/2023\/11\/11pro-300x79.png\" alt=\"\" width=\"608\" height=\"160\" srcset=\"https:\/\/www.infokuryr.cz\/n\/wp-content\/uploads\/2023\/11\/11pro-300x79.png 300w, https:\/\/www.infokuryr.cz\/n\/wp-content\/uploads\/2023\/11\/11pro.png 363w\" sizes=\"(max-width: 608px) 100vw, 608px\" \/><\/a><\/p>\n<p>Abychom si to dok\u00e1zali dokonale p\u0159edstavit, sta\u010d\u00ed si uv\u011bdomit, jak absolutisticky se chov\u00e1 P\u011btikoalice u n\u00e1s. V\u00a0evropsk\u00e9m m\u011b\u0159\u00edtku by stejnou moc z\u00edskali p\u0159edstavitel\u00e9 nejsiln\u011bj\u0161\u00edch ekonomik. Velk\u00e1 Brit\u00e1nie je mimo, tak\u017ee by se pravd\u011bpodobn\u011b domlouvali Francouzi s\u00a0N\u011bmci. A proto\u017ee Francie m\u00e1 plno sv\u00fdch starost\u00ed, hlavn\u00ed ,,t\u00edhu\u201c vl\u00e1dy by se sna\u017eili n\u00e9st, ostatn\u011b jako u\u017e mnohokr\u00e1t, N\u011bmci. Pr\u00e1v\u011b v\u00a0Berl\u00edn\u011b u\u017e nyn\u00ed vznik\u00e1 mnoho naprosto zcestn\u00fdch ideologi\u00ed. Jistou nad\u011bj\u00ed, jak tento proces zastavit, je rozhodnut\u00ed vl\u00e1d jednotliv\u00fdch st\u00e1t\u016f vzep\u0159\u00edt se v\u00fdsledku t\u011bsn\u00e9ho hlasov\u00e1n\u00ed v\u00a0europarlamentu a p\u0159\u00e1n\u00ed skute\u010dn\u00e9ho uzurp\u00e1tora moci ve veden\u00ed Evropsk\u00e9 komise Leyenov\u00e9. D\u00e1 se o\u010dek\u00e1vat, \u017ee se vzbou\u0159\u00ed Ma\u010farsko, snad i Slovensko, u dal\u0161\u00edch st\u00e1t\u016f lze sp\u00ed\u0161e doufat.<\/p>\n<p>V\u00a0Holandsku ve volb\u00e1ch vyhr\u00e1l dal\u0161\u00ed nep\u0159\u00edtel migrace a vyzbrojov\u00e1n\u00ed Ukrajiny\u00a0<b>Geert Wilders, co\u017e zp\u016fsobilo po v\u00edt\u011bzstv\u00ed Fica na Slovensku zd\u011b\u0161en\u00ed mezi liber\u00e1ly. M\u016f\u017ee to b\u00fdt velk\u00fdm varov\u00e1n\u00edm p\u0159ed bl\u00ed\u017e\u00edc\u00edmi se eurovolbami pro liber\u00e1ln\u00ed \u010d\u00e1st politick\u00e9 sc\u00e9ny a lze se ob\u00e1vat zneu\u017eit\u00ed manipulace s\u00a0hlasy tak, aby o svou moc nep\u0159i\u0161li. Ostatn\u011b i t\u011bsnost hlasov\u00e1n\u00ed o procesu federalizace EU je jist\u00fdm n\u00e1znakem toho, \u017ee ani pen\u00edze v\u00a0podob\u011b naprosto nesmysln\u00fdch plat\u016f europoslanc\u016f nejsou z\u00e1rukou stejn\u00e9ho p\u0159\u00edstupu v\u0161ech \u00fa\u010dastn\u00edk\u016f k\u00a0t\u00e9to problematice.<\/b><\/p>\n<p><b>\u00a0Je evidentn\u00ed, \u017ee se Evropan\u00e9 za\u010d\u00ednaj\u00ed probouzet. Jestli\u017ee v\u00a0\u010cesk\u00e9 republice jsou nejv\u011bt\u0161\u00edm probl\u00e9mem tristn\u00ed ekonomick\u00e1 situace obyvatelstva a cel\u00e9 zem\u011b, vysok\u00e9 ceny energie, potravin, pohonn\u00fdch hmot vzhledem k\u00a0\u00farovni p\u0159\u00edjm\u016f, rekordn\u00ed inflace a rozklad celkov\u00e9ho hospod\u00e1\u0159stv\u00ed, pak v\u00a0Z\u00e1padn\u00ed Evrop\u011b se hlavn\u00edm pr\u016f\u0161vihem jev\u00ed b\u00fdt nejen dopady vych\u00e1zej\u00edc\u00ed ze sankc\u00ed v\u016f\u010di Rusku, ale p\u0159edev\u0161\u00edm otev\u0159en\u00e9 dve\u0159e migrant\u016fm. Zat\u00edmco ti u n\u00e1s se zdr\u017euj\u00edc\u00ed Ukrajinci jsou p\u0159edev\u0161\u00edm draz\u00ed, a\u017e pot\u00e9 nebezpe\u010dn\u00ed sv\u00e9mu okol\u00ed, pak v\u00a0zem\u00edch na Z\u00e1padu jsou migranti z\u00a0Afriky \u010di Bl\u00edzk\u00e9ho V\u00fdchodu nav\u00edc velmi agresivn\u00ed a kulturn\u011b mnohem odli\u0161n\u011bj\u0161\u00ed ne\u017e ti u n\u00e1s. My m\u00e1me p\u0159edev\u0161\u00edm ekonomick\u00e9 probl\u00e9my (zat\u00edm), v\u00a0N\u011bmecku, Francii, Beneluxu, seversk\u00fdch zem\u00edch \u010di v\u00a0It\u00e1lii se p\u0159id\u00e1vaj\u00ed i bezpe\u010dnostn\u00ed. L\u00e9pe jsme na tom p\u0159esto, \u017ee za veden\u00ed Ministerstva vnitra Raku\u0161anem stoup\u00e1 kriminalita i u n\u00e1s. Rozklad Evropy, destrukce jej\u00edch hodnot a ztr\u00e1ta iluz\u00ed o spole\u010dn\u00e9m prosperuj\u00edc\u00edm trhu jsou znakem posledn\u00edch let. P\u0159idal li se strach v\u00a0r\u016fzn\u00fdch podob\u00e1ch, st\u00e1v\u00e1 se n\u00e1\u0161 kontinent nevhodn\u00fdm pro kvalitn\u00ed \u017eivot. N\u011bkdo ho opou\u0161t\u00ed, jin\u00ed rezignuj\u00ed, na\u0161t\u011bst\u00ed tu je i dost bojovn\u00edk\u016f. Ot\u00e1zkou tedy z\u016fst\u00e1v\u00e1, ke komu se p\u0159id\u00e1te Vy.<\/b><\/p>\n<p><a href=\"https:\/\/www.inadhled.live\/zajimavosti\/z-eu-je-treba-rychle-utect\/\">Jind\u0159ich Kulhav\u00fd<\/a><\/p>\n<p><img decoding=\"async\" loading=\"lazy\" class=\"alignnone size-medium wp-image-22653\" src=\"http:\/\/www.infokuryr.cz\/n\/wp-content\/uploads\/2023\/02\/jindra-kulhavy-221x300.jpg\" alt=\"\" width=\"221\" height=\"300\" srcset=\"https:\/\/www.infokuryr.cz\/n\/wp-content\/uploads\/2023\/02\/jindra-kulhavy-221x300.jpg 221w, https:\/\/www.infokuryr.cz\/n\/wp-content\/uploads\/2023\/02\/jindra-kulhavy.jpg 311w\" sizes=\"(max-width: 221px) 100vw, 221px\" \/><\/p>\n<\/div>\n<p>&nbsp;<\/p>\n","protected":false},"excerpt":{"rendered":"<p>\u010ctvrtek 23.11.2023 byl dvojn\u00e1sobn\u011b \u010dern\u00fdm dnem. Nejd\u0159\u00edve jsme se dozv\u011bd\u011bli, \u017ee gener\u00e1l a bohu\u017eel i&#8230;<\/p>\n","protected":false},"author":2,"featured_media":40887,"comment_status":"closed","ping_status":"closed","sticky":false,"template":"","format":"standard","meta":[],"categories":[6],"tags":[76,41,376,29,122],"_links":{"self":[{"href":"https:\/\/www.infokuryr.cz\/n\/wp-json\/wp\/v2\/posts\/40886"}],"collection":[{"href":"https:\/\/www.infokuryr.cz\/n\/wp-json\/wp\/v2\/posts"}],"about":[{"href":"https:\/\/www.infokuryr.cz\/n\/wp-json\/wp\/v2\/types\/post"}],"author":[{"embeddable":true,"href":"https:\/\/www.infokuryr.cz\/n\/wp-json\/wp\/v2\/users\/2"}],"replies":[{"embeddable":true,"href":"https:\/\/www.infokuryr.cz\/n\/wp-json\/wp\/v2\/comments?post=40886"}],"version-history":[{"count":0,"href":"https:\/\/www.infokuryr.cz\/n\/wp-json\/wp\/v2\/posts\/40886\/revisions"}],"wp:featuredmedia":[{"embeddable":true,"href":"https:\/\/www.infokuryr.cz\/n\/wp-json\/wp\/v2\/media\/40887"}],"wp:attachment":[{"href":"https:\/\/www.infokuryr.cz\/n\/wp-json\/wp\/v2\/media?parent=40886"}],"wp:term":[{"taxonomy":"category","embeddable":true,"href":"https:\/\/www.infokuryr.cz\/n\/wp-json\/wp\/v2\/categories?post=40886"},{"taxonomy":"post_tag","embeddable":true,"href":"https:\/\/www.infokuryr.cz\/n\/wp-json\/wp\/v2\/tags?post=40886"}],"curies":[{"name":"wp","href":"https:\/\/api.w.org\/{rel}","templated":true}]}}