{"id":40882,"date":"2023-11-24T04:39:04","date_gmt":"2023-11-24T03:39:04","guid":{"rendered":"https:\/\/www.infokuryr.cz\/n\/?p=40882"},"modified":"2023-11-24T04:39:04","modified_gmt":"2023-11-24T03:39:04","slug":"byvaly-hlavni-vedec-velke-britanie-rika-ze-budouci-lockdowny-musi-byt-drivejsi-a-prisnejsi","status":"publish","type":"post","link":"https:\/\/www.infokuryr.cz\/n\/2023\/11\/24\/byvaly-hlavni-vedec-velke-britanie-rika-ze-budouci-lockdowny-musi-byt-drivejsi-a-prisnejsi\/","title":{"rendered":"B\u00fdval\u00fd hlavn\u00ed v\u011bdec Velk\u00e9 Brit\u00e1nie \u0159\u00edk\u00e1, \u017ee budouc\u00ed lockdowny mus\u00ed b\u00fdt d\u0159\u00edv\u011bj\u0161\u00ed a p\u0159\u00edsn\u011bj\u0161\u00ed"},"content":{"rendered":"<div id=\"fb-root\"><\/div>\n<p><strong>Velk\u00e1 Brit\u00e1nie m\u011bla zav\u00e9st lockdown alespo\u0148 t\u00fdden p\u0159edt\u00edm, ne\u017e se tak stalo, \u0159ekl Sir Patrick Vallance britsk\u00e9mu vy\u0161et\u0159ovac\u00edmu v\u00fdboru pro pandemii covidu.<\/strong><\/p>\n<p><span>B\u011bhem \u0161et\u0159en\u00ed bylo tak\u00e9 sly\u0161eno, jak Vallance soukrom\u011b ozna\u010dil sv\u00e9ho kolegu Sira Chrise Whittyho za \u201ezdr\u017eova\u010de\u201c pot\u00e9, co se mezi t\u011bmito dv\u011bma v\u011bdeck\u00fdmi poradci objevilo hmatateln\u00e9 nap\u011bt\u00ed v souvislosti s pandemick\u00fdmi opat\u0159en\u00edmi.<\/span><\/p>\n<p><span>Vallance, kter\u00fd byl b\u011bhem \u201epandemie covidu\u201c hlavn\u00edm v\u011bdeck\u00fdm poradcem Velk\u00e9 Brit\u00e1nie, \u0159ekl, \u017ee cht\u011bl zav\u00e9st prvn\u00ed celon\u00e1rodn\u00ed lockdown rychleji ne\u017e Whitty, kter\u00fd se ob\u00e1val d\u016fsledk\u016f uzav\u0159en\u00ed zem\u011b.<\/span><\/p>\n<p><span>Den\u00edk\u00a0<\/span><a href=\"https:\/\/www.telegraph.co.uk\/news\/2023\/11\/20\/patrick-vallance-chris-whitty-covid-inquiry-lockdown\/\" target=\"_blank\" rel=\"noopener\"><span>The Telegraph<\/span><\/a><span>\u00a0k t\u00e9matu uv\u00e1d\u00ed:<\/span><\/p>\n<p><span>Do\u0161lo k \u201et\u0159enic\u00edm\u201c mezi t\u011bmito dv\u011bma mu\u017ei, kte\u0159\u00ed pravideln\u011b st\u00e1li po obou stran\u00e1ch tehdej\u0161\u00edho premi\u00e9ra Borise Johnsona b\u011bhem denn\u00edch tiskov\u00fdch konferenc\u00ed, na kter\u00fdch informovali ve\u0159ejnost o v\u00fdvoji pandemick\u00e9 situace.<\/span><\/p>\n<p><span>P\u0159edseda vl\u00e1dy Johnson, kter\u00fd byl instinktivn\u011b proti my\u0161lence lockdown\u016f, byl n\u011bkter\u00fdmi kritiky obvi\u0148ov\u00e1n, \u017ee nedok\u00e1zal zabr\u00e1nit \u00famrt\u00edm p\u0159\u00edli\u0161 pomalou reakc\u00ed na vznikaj\u00edc\u00ed hrozbu koronaviru.<\/span><\/p>\n<p><span>Vy\u0161et\u0159ovac\u00ed v\u00fdbor covidov\u00e9 pandemie se dozv\u011bd\u011bl, \u017ee jeho dva nejvy\u0161\u0161\u00ed v\u011bde\u010dt\u00ed poradci se navz\u00e1jem neshodovali na nejlep\u0161\u00edm postupu vp\u0159ed.<\/span><\/p>\n<p><span>V\u00fdboru byl zp\u0159\u00edstupn\u011bn z\u00e1znam z den\u00edku Sira Jeremyho Farrara, \u010dlena skupiny v\u011bdeck\u00fdch poradc\u016f SAGE, kter\u00e9 p\u0159edsedal Patrick Vallace, kde hovo\u0159il o \u201et\u0159en\u00ed\u201c mezi t\u011bmito dv\u011bma odborn\u00edky a popsal tak\u00e9 \u201ehmatateln\u00e9 nap\u011bt\u00ed mezi Vallacem a Whittym v prvn\u00edch t\u00fddnech roku 2020, zejm\u00e9na s ohledem na zjevnou absenci politick\u00e9ho veden\u00ed v tomto obdob\u00ed.<\/span><\/p>\n<p><span>Patrick Vallace si v \u00fanoru 2021 zapsal do sv\u00e9ho vlastn\u00edho den\u00edku, jak s n\u00edm Chris Whitty mluvil o p\u0159ich\u00e1zej\u00edc\u00edm vy\u0161et\u0159ov\u00e1n\u00ed ao tom, zda lockdowny v b\u0159eznu 2020 nebyly zavedeny p\u0159\u00edli\u0161 pozd\u011b.\u00a0Napsal tam: &#8222;Samoz\u0159ejm\u011b, \u017ee pob\u00fdval.&#8220;<\/span><\/p>\n<p><span>Patrick Vallace b\u011bhem vy\u0161et\u0159ov\u00e1n\u00ed v Lond\u00fdn\u011b \u0159ekl, \u017ee Whitty byl odborn\u00edkem na ve\u0159ejn\u00e9 zdrav\u00ed a opr\u00e1vn\u011bn\u011b se ob\u00e1val vlivu toho, co se naz\u00fdvalo \u201enefarmaceutick\u00e9 z\u00e1sahy\u201c, jako nap\u0159\u00edklad p\u0159ikazov\u00e1n\u00ed lidem, aby z\u016fstali doma.<\/span><\/p>\n<p><span>Vallace tehdy \u0159ekl, \u017ee on osobn\u011b nem\u00e1 takov\u00e9 obavy.<\/span><\/p>\n<p><em><span>\u201eByl jsem sp\u00ed\u0161e na stran\u011b toho, \u017ee se mus\u00edme pohnout d\u00e1l.\u00a0Mysl\u00edm si, \u017ee to je \u010d\u00e1ste\u010dn\u011b d\u016fvod, pro\u010d jsme my dva pova\u017eovali za u\u017eite\u010dn\u00e9 spolupracovat\u2026 N\u011bkdy jsem cht\u011bl zatla\u010dit j\u00e1 a on ne, n\u011bkdy m\u011bl pravdu a tak\u00e9 si mysl\u00edm, \u017ee jsme m\u011bli j\u00edt do lockdownu d\u0159\u00edve.\u00a0\u0160lo o situaci, ve kter\u00e9 si mysl\u00edm, \u017ee jsme m\u011bli zakro\u010dit d\u0159\u00edve.\u201c<\/span><\/em><\/p>\n<div class=\"code-block code-block-9\">\n<div id=\"badat-115429339\">\n<p><a href=\"https:\/\/stranapro.cz\/\"><img decoding=\"async\" loading=\"lazy\" class=\"alignnone  wp-image-40285 aligncenter\" src=\"http:\/\/www.infokuryr.cz\/n\/wp-content\/uploads\/2023\/11\/11pro-300x79.png\" alt=\"\" width=\"585\" height=\"154\" srcset=\"https:\/\/www.infokuryr.cz\/n\/wp-content\/uploads\/2023\/11\/11pro-300x79.png 300w, https:\/\/www.infokuryr.cz\/n\/wp-content\/uploads\/2023\/11\/11pro.png 363w\" sizes=\"(max-width: 585px) 100vw, 585px\" \/><\/a><\/p>\n<\/div>\n<\/div>\n<h2><span>Lekce pro budoucnost<\/span><\/h2>\n<p><span>Ve sv\u00e9 p\u00edsemn\u00e9 sv\u011bdeck\u00e9 v\u00fdpov\u011bdi Vallance objasnil, \u017ee \u201enejd\u016fle\u017eit\u011bj\u0161\u00ed lekc\u00ed, kterou jsem se nau\u010dil a opakovan\u011b hl\u00e1sal od prvn\u00edho lockdownu, pokud jde o jeho na\u010dasov\u00e1n\u00ed, bylo, \u017ee jsme s n\u00edm m\u011bli p\u0159ij\u00edt d\u0159\u00edve a m\u011bl b\u00fdt p\u0159\u00edsn\u011bj\u0161\u00ed a \u0161ir\u0161\u00ed, ne\u017e by lid\u00e9 cht\u011bli \u201e.<\/span><\/p>\n<p><span>D\u00e1le uvedl:<\/span><\/p>\n<p><em><span>\u201eJak jsem ji\u017e zm\u00ednil, v prvn\u00ed vln\u011b jsme nezas\u00e1hli dostate\u010dn\u011b brzy a tak\u00e9 bylo m\u00e1lo opat\u0159en\u00ed.\u00a0Mysl\u00edm si, \u017ee jsme m\u011bli zav\u00e9st n\u011bkolik opat\u0159en\u00ed sou\u010dasn\u011b.\u201c<\/span><\/em><\/p>\n<p><em><span>Proto m\u00e9 vyj\u00e1d\u0159en\u00ed \u201ep\u0159\u00edsn\u011bj\u0161\u00ed a \u0161ir\u0161\u00ed, ne\u017e by lid\u00e9 cht\u011bli\u201c je velmi jasn\u00e9.\u00a0Post\u0159ehl jsem toti\u017e, \u017ee instinktem ka\u017ed\u00e9ho je ned\u011blat \u017e\u00e1dnou z t\u011bchto v\u011bc\u00ed.<\/span><\/em><\/p>\n<p><em><span>Lid\u00e9 rad\u011bji trochu pob\u00fdvaj\u00ed, vy\u010dk\u00e1vaj\u00ed a argumentuj\u00ed t\u00edm, \u017ee opat\u0159en\u00ed by nem\u011bla b\u00fdt a\u017e tak p\u0159\u00edsn\u00e1 \u2013 a vid\u011bli jsme to velmi jasn\u011b b\u011bhem \u0159\u00edjna, kdy ka\u017ed\u00fd poslanec tvrdil, \u017ee jejich okrsky, kter\u00e9 v parlamentu zastupuj\u00ed, by nem\u011bly b\u00fdt ve vy\u0161\u0161\u00edm, ale ni\u017e\u0161\u00edm. pandemick\u00e9m stupni z hlediska p\u0159\u00edsnosti opat\u0159en\u00ed.<\/span><\/em><\/p>\n<p><em><span>To znamen\u00e1, \u017ee v\u0161ichni cht\u011bli opat\u0159en\u00ed m\u00e9n\u011b p\u0159\u00edsn\u00e1, ne\u017e by m\u011bla b\u00fdt.\u201c<\/span><\/em><\/p>\n<p><span>V p\u0159\u00edpad\u011b budouc\u00ed pandemie Patrick Vallace jednozna\u010dn\u011b chce, aby se\u00a0\u00a0<\/span><a href=\"https:\/\/www.badatel.net\/informatori-z-bidenovej-administrativy-tvrdia-ze-budu-zavedene-nove-lockdowny-horsie-ako-predtym\/\"><span>nov\u00e9 lockdowny<\/span><\/a><span>\u00a0zavedly d\u0159\u00edve a byly tvrd\u0161\u00ed.<\/span><\/p>\n<h2><span>Z\u00e1v\u011br<\/span><\/h2>\n<p><span>Na Slovensku po volb\u00e1ch se strana SNS zasazuje o pro\u0161et\u0159en\u00ed managementu pandemie, hlavn\u011b z hlediska poru\u0161ov\u00e1n\u00ed lidsk\u00fdch pr\u00e1v a dal\u0161\u00edch v\u00e1\u017en\u00fdch zlo\u010din\u016f, kter\u00fdch se dopustily vl\u00e1dy Matovi\u010de a Hegera.<\/span><\/p>\n<p><span>Dal\u0161\u00ed strana nov\u00e9 koalice, Sm\u011br, ji\u017e vyj\u00e1d\u0159ila t\u011bmto snah\u00e1m SNS svou podporu.<\/span><\/p>\n<p><span>Doufejme, \u017ee se pandemie brzy pro\u0161et\u0159\u00ed a v\u0161ichni covidov\u00ed zlo\u010dinci budou tvrd\u011b, ale spravedliv\u011b potrest\u00e1ni.\u00a0Nepotrestan\u00e9 zlo se toti\u017e zvykne pozd\u011bji vr\u00e1tit v je\u0161t\u011b hor\u0161\u00ed podob\u011b.\u00a0A to nesm\u00edme dopustit!<\/span><\/p>\n<p><span>Autor: Niamh Harrisov\u00e1, Zdroj:\u00a0<\/span><a href=\"https:\/\/thepeoplesvoice.tv\/uks-former-chief-scientist-says-future-lockdowns-must-be-harder-and-earlier\/\" target=\"_blank\" rel=\"noopener\"><span>thepeoplesvoice.tv<\/span><\/a><span>\u00a0<\/span><\/p>\n<p>&nbsp;<\/p>\n<p>&nbsp;<\/p>\n","protected":false},"excerpt":{"rendered":"<p>Velk\u00e1 Brit\u00e1nie m\u011bla zav\u00e9st lockdown alespo\u0148 t\u00fdden p\u0159edt\u00edm, ne\u017e se tak stalo, \u0159ekl Sir Patrick&#8230;<\/p>\n","protected":false},"author":2,"featured_media":40883,"comment_status":"closed","ping_status":"closed","sticky":false,"template":"","format":"standard","meta":[],"categories":[7],"tags":[23,1502,4699],"_links":{"self":[{"href":"https:\/\/www.infokuryr.cz\/n\/wp-json\/wp\/v2\/posts\/40882"}],"collection":[{"href":"https:\/\/www.infokuryr.cz\/n\/wp-json\/wp\/v2\/posts"}],"about":[{"href":"https:\/\/www.infokuryr.cz\/n\/wp-json\/wp\/v2\/types\/post"}],"author":[{"embeddable":true,"href":"https:\/\/www.infokuryr.cz\/n\/wp-json\/wp\/v2\/users\/2"}],"replies":[{"embeddable":true,"href":"https:\/\/www.infokuryr.cz\/n\/wp-json\/wp\/v2\/comments?post=40882"}],"version-history":[{"count":0,"href":"https:\/\/www.infokuryr.cz\/n\/wp-json\/wp\/v2\/posts\/40882\/revisions"}],"wp:featuredmedia":[{"embeddable":true,"href":"https:\/\/www.infokuryr.cz\/n\/wp-json\/wp\/v2\/media\/40883"}],"wp:attachment":[{"href":"https:\/\/www.infokuryr.cz\/n\/wp-json\/wp\/v2\/media?parent=40882"}],"wp:term":[{"taxonomy":"category","embeddable":true,"href":"https:\/\/www.infokuryr.cz\/n\/wp-json\/wp\/v2\/categories?post=40882"},{"taxonomy":"post_tag","embeddable":true,"href":"https:\/\/www.infokuryr.cz\/n\/wp-json\/wp\/v2\/tags?post=40882"}],"curies":[{"name":"wp","href":"https:\/\/api.w.org\/{rel}","templated":true}]}}