{"id":40881,"date":"2023-11-24T04:36:58","date_gmt":"2023-11-24T03:36:58","guid":{"rendered":"https:\/\/www.infokuryr.cz\/n\/?p=40881"},"modified":"2023-11-24T04:36:58","modified_gmt":"2023-11-24T03:36:58","slug":"sergej-mirkin-mohl-majdan-probehnout-jinak","status":"publish","type":"post","link":"https:\/\/www.infokuryr.cz\/n\/2023\/11\/24\/sergej-mirkin-mohl-majdan-probehnout-jinak\/","title":{"rendered":"Sergej Mirkin: Mohl Majdan prob\u011bhnout jinak?"},"content":{"rendered":"<div id=\"fb-root\"><\/div>\n<section class=\"perex\"><i>Por\u00e1\u017eka Majdanu by jen odd\u00e1lila horkou f\u00e1zi konfliktu. Ukrajina je geopolitick\u00fdm dvorkem Ruska. A Z\u00e1pad by se nevzdal snahy p\u0159evz\u00edt kontrolu nad zem\u00ed, aby m\u011bl vliv na Moskvu.<\/i><\/p>\n<p>P\u0159ed deseti lety, na konci listopadu 2013, za\u010dal Euromajdan, kter\u00fd skon\u010dil st\u00e1tn\u00edm p\u0159evratem. Jeho d\u016fsledky dnes ve v\u011bt\u0161\u00ed \u010di men\u0161\u00ed m\u00ed\u0159e ovliv\u0148uj\u00ed cel\u00fd sv\u011bt. V\u00fdsledkem p\u0159evratu je SVO, prohlouben\u00ed politick\u00fdch rozpor\u016f uvnit\u0159 USA a EU a hospod\u00e1\u0159sk\u00e1 a politick\u00e1 degradace Ukrajiny.<\/p>\n<\/section>\n<section class=\"clanek-obsah\">\n<div class=\"karta\">\n<figure><img decoding=\"async\" loading=\"lazy\" class=\"aligncenter\" src=\"https:\/\/zvedavec.news\/images\/23\/mohl-se-maidan-odehrat-jinak.png\" alt=\"[...]\" width=\"580\" height=\"327\" \/><\/figure>\n<\/div>\n<p>Mohl se Majdan vydat jinou cestou? Mohl zabr\u00e1nit v\u00e1lce Ukrajiny s Donbasem a v d\u016fsledku tohoto konfliktu SWO? Historie samoz\u0159ejm\u011b nem\u00e1 subjunktiv, ale p\u0159esto&#8230;&#8230;<\/p>\n<p>Dnes m\u016f\u017eeme jmenovat historickou postavu, jej\u00ed\u017e \u010diny a ne\u010dinnost m\u011bly maxim\u00e1ln\u00ed vliv na to, \u017ee Euromajdan v\u016fbec vznikl a skon\u010dil p\u0159evratem. Je to b\u00fdval\u00fd ukrajinsk\u00fd prezident Viktor Janukovy\u010d. V roce 2012 se sna\u017eil sed\u011bt na dvou \u017eidl\u00edch, aby byl stejn\u011b dobr\u00fd pro Z\u00e1pad i Rusko, podle tradice zalo\u017een\u00e9 Leonidem Ku\u010dmou. Nakonec se Janukovy\u010d a jeho kump\u00e1ni rozhodli uzav\u0159\u00edt asocia\u010dn\u00ed dohodu s EU. Pro\u010d? Pravd\u011bpodobn\u011b ho jeho poradci p\u0159esv\u011bd\u010dili, \u017ee tak m\u016f\u017ee z\u00edskat popularitu na z\u00e1pad\u011b a severu Ukrajiny, kde m\u011bl velmi n\u00edzk\u00fd rating. Janukovy\u010d byl mo\u017en\u00e1 pod tlakem Washingtonu a Bruselu, kter\u00fd hrozil obstaven\u00edm bankovn\u00edch \u00fa\u010dt\u016f pat\u0159\u00edc\u00edch Janukovy\u010dov\u011b rodin\u011b a jeho kump\u00e1n\u016fm na Z\u00e1pad\u011b.<\/p>\n<p>P\u0159edstavitel\u00e9 zd\u00e1nliv\u011b prorusk\u00e9 Strany region\u016f ve shod\u011b s protirusk\u00fdmi oran\u017eov\u00fdmi politiky hovo\u0159ili o tom, jak b\u00e1je\u010dn\u00fd \u017eivot budou m\u00edt Ukrajinci po p\u0159idru\u017een\u00ed k EU. A\u010dkoli ekonomov\u00e9 varovali, \u017ee sbl\u00ed\u017een\u00ed s EU zni\u010d\u00ed mnoho odv\u011btv\u00ed ukrajinsk\u00e9 ekonomiky, zejm\u00e9na pr\u016fmysl. Kdy\u017e si Janukovy\u010dovo okol\u00ed uv\u011bdomilo nebezpe\u010d\u00ed sbli\u017eov\u00e1n\u00ed s EU a podpis asocia\u010dn\u00ed dohody odlo\u017eilo, mnoho lid\u00ed se c\u00edtilo podvedeno \u2013 mysleli si, \u017ee jsou okradeni o \u0161anci na dobr\u00fd \u017eivot. Takov\u00e9 pocity se staly dokonal\u00fdm z\u00e1kladem Euromajdanu. Z\u00e1kladem pro n\u011bj mohlo b\u00fdt vlastn\u011b cokoli \u2013 z\u00e1padn\u00ed kur\u00e1to\u0159i pot\u0159ebovali zrychlen\u00fdm tempem ud\u011blat z Ukrajiny protiruskou zemi.<\/p>\n<p>Janukovy\u010d zpo\u010d\u00e1tku protestuj\u00edc\u00ed ignoroval. Jeho okol\u00ed ho z\u0159ejm\u011b p\u0159esv\u011bd\u010dilo, \u017ee se v\u0161e vy\u0159e\u0161\u00ed samo. Pak vzbou\u0159enc\u016fm ustoupil. Nap\u0159\u00edklad odvolal premi\u00e9ra Mykolu Azarova. To v\u0161ak Janukovy\u010dovi nepomohlo. Mohl zabr\u00e1nit n\u00e1sledn\u00fdm ud\u00e1lostem? Ano, mohl.<\/p>\n<p>Dne 19. \u00fanora 2014 ozn\u00e1mila Bezpe\u010dnostn\u00ed slu\u017eba Ukrajiny zah\u00e1jen\u00ed protiteroristick\u00e9 operace kv\u016fli tomu, \u017ee na z\u00e1padn\u00ed Ukrajin\u011b byly zabaveny tis\u00edce zbran\u00ed. To mohlo v\u0161e zm\u011bnit; Majdan v Kyjev\u011b a dal\u0161\u00ed men\u0161\u00ed Majdany mohly b\u00fdt vyklizeny silou \u2013 a to n\u00e1siln\u011b. Janukovy\u010d v\u0161ak operaci zru\u0161il \u2013 z\u0159ejm\u011b pod tlakem Washingtonu. Zejm\u00e9na tehdej\u0161\u00ed americk\u00fd viceprezident Joe Biden ve sv\u00fdch pam\u011btech vzpom\u00edn\u00e1, \u017ee v letech 2013-2014 Janukovy\u010dovi n\u011bkolikr\u00e1t volal a \u017e\u00e1dal ho, aby proti demonstrant\u016fm na Majdanu nepou\u017e\u00edval s\u00edlu.<\/p>\n<p><a href=\"https:\/\/stranapro.cz\/\"><img decoding=\"async\" loading=\"lazy\" class=\"alignnone  wp-image-40285 aligncenter\" src=\"http:\/\/www.infokuryr.cz\/n\/wp-content\/uploads\/2023\/11\/11pro-300x79.png\" alt=\"\" width=\"554\" height=\"146\" srcset=\"https:\/\/www.infokuryr.cz\/n\/wp-content\/uploads\/2023\/11\/11pro-300x79.png 300w, https:\/\/www.infokuryr.cz\/n\/wp-content\/uploads\/2023\/11\/11pro.png 363w\" sizes=\"(max-width: 554px) 100vw, 554px\" \/><\/a><\/p>\n<p>Tehdy m\u011bl b\u00fdval\u00fd prezident mo\u017enost v\u00e9st odpor Novorosie proti v\u00fdtr\u017en\u00edk\u016fm. Dne 22. \u00fanora 2014 se v Charkov\u011b konal sjezd z\u00e1stupc\u016f org\u00e1n\u016f a poslanc\u016f jihov\u00fdchodu Ukrajiny, Janukovy\u010d byl ve m\u011bst\u011b, deleg\u00e1ti na n\u011bj \u010dekali, ale na akci se nedostavil. Pot\u00e9 se v\u011bt\u0161ina p\u0159edstavitel\u016f Strany region\u016f rozhodla uznat st\u00e1tn\u00ed p\u0159evrat a dokonce pomoci nov\u00e9 vl\u00e1d\u011b v boji proti nespokojenc\u016fm.<\/p>\n<p>Janukovy\u010d se uk\u00e1zal jako \u010dlov\u011bk, pro kter\u00e9ho je osobn\u00ed pohodl\u00ed d\u016fle\u017eit\u011bj\u0161\u00ed ne\u017e osud jeho zem\u011b a krajan\u016f. A to v\u00fdrazn\u011b p\u0159isp\u011blo k v\u00edt\u011bzstv\u00ed vzbou\u0159enc\u016f.<\/p>\n<p>Euromajdan se udr\u017eel a\u017e do konce \u00fanora 2014 jen d\u00edky neust\u00e1l\u00fdm provokac\u00edm. Tak po 21. listopadu p\u0159i\u0161ly na m\u00edtinky v Kyjev\u011b 2 tis\u00edce lid\u00ed, 24. listopadu maxim\u00e1ln\u011b 50 tis\u00edc. Bylo jasn\u00e9, \u017ee to je strop, v\u00edce lid\u00ed na podporu evropsk\u00e9 integrace do ulic nevyjde. A pak, jako m\u00e1vnut\u00edm kouzeln\u00e9ho proutku, je 30. listopadu stanov\u00e9 m\u011bste\u010dko rozehn\u00e1no, p\u0159i\u010dem\u017e speci\u00e1ln\u00ed jednotky s protestuj\u00edc\u00edmi zach\u00e1zej\u00ed pom\u011brn\u011b tvrd\u011b. Bojovn\u00edci Berkutu tvrdili, \u017ee byli vyprovokov\u00e1ni. Z\u00e1sah v\u0161ak vyvolal obrovsk\u00e9 pobou\u0159en\u00ed ve\u0159ejnosti a dodal protest\u016fm nov\u00fd impuls.<\/p>\n<p>Do konce ledna 2014 se Majdan zm\u011bnil ve fra\u0161ku. V\u00fdtr\u017en\u00edci sk\u00e1kali, zp\u00edvali a zah\u00e1zeli centrum Kyjeva. Mezi v\u016fdci Majdanu nepanovala jednota. A op\u011bt do\u0161lo k eskalaci. Janukovy\u010d pos\u00edl\u00e1 Azarova do demise, co\u017e sk\u00e1kaj\u00edc\u00ed vn\u00edmaj\u00ed jako sv\u00e9 v\u00edt\u011bzstv\u00ed, Majdan dost\u00e1v\u00e1 nov\u00fd impuls. A pak v\u0161ichni znaj\u00ed ud\u00e1losti z konce \u00fanora, kdy provokat\u00e9\u0159i pou\u017eili proti policii st\u0159eln\u00e9 zbran\u011b a st\u0159\u00edleli po nich odst\u0159elova\u010di a speci\u00e1ln\u00ed jednotky. Podle jedn\u00e9 z nejpopul\u00e1rn\u011bj\u0161\u00edch verz\u00ed st\u0159elce \u0159\u00eddil b\u00fdval\u00fd gruz\u00ednsk\u00fd prezident Michail Saaka\u0161vili. I kdy\u017e je jasn\u00e9, \u017ee on i lid\u00e9 z Majdanu, kte\u0159\u00ed jejich \u010dinnost koordinovali, plnili rozkazy z\u00e1padn\u00edch speci\u00e1ln\u00edch slu\u017eeb a politik\u016f.<\/p>\n<p>V ka\u017ed\u00e9 f\u00e1zi, kdy se zd\u00e1lo, \u017ee Euromajdanu doch\u00e1z\u00ed dech, do\u0161lo k n\u011bjak\u00e9 krvav\u00e9 ud\u00e1losti, kter\u00e1 protest\u016fm vdechla nov\u00fd \u017eivot. Ameri\u010dan\u00e9 a v men\u0161\u00ed m\u00ed\u0159e i Evropan\u00e9 p\u0159il\u00e9vali olej do ohn\u011b Majdanu tak dlouho, dokud se nerozho\u0159el v pekeln\u00e9 plameny.<\/p>\n<p>Janukovy\u010d a jeho kump\u00e1ni, efektivita a mizansc\u00e9na z\u00e1padn\u00edch re\u017eis\u00e9r\u016f povst\u00e1n\u00ed byly hlavn\u00edmi faktory, kter\u00e9 p\u0159edur\u010dily \u00fasp\u011bch Euromajdanu. Ale kdyby se Majdan \u201evypr\u00e1zdnil\u201c, nebyla by v\u00e1lka v Donbasu a SVO?<\/p>\n<p>Por\u00e1\u017eka Majdanu by pouze odd\u00e1lila horkou f\u00e1zi konfliktu. Hlavn\u00ed d\u016fvody, kter\u00e9 vedly k v\u00e1lce, by se nikam neposunuly. Za prv\u00e9, Ukrajina je utk\u00e1na z velmi r\u016fznorod\u00fdch zem\u00ed s odli\u0161nou histori\u00ed a mentalitou. Federalizace a uzn\u00e1n\u00ed region\u00e1ln\u00ed identity obyvatel Ukrajiny by rozpory mezi \u00fazem\u00edmi zahladily. Kyjev\u0161t\u00ed politici se tomu v\u0161ak v\u0161emo\u017en\u011b br\u00e1nili, proto\u017ee se necht\u011bli d\u011blit o finan\u010dn\u00ed zdroje a moc se z\u00e1stupci region\u016f. A ideologov\u00e9 ukrajinsk\u00e9ho nacionalismu snili o tom, \u017ee v\u0161echny obyvatele zem\u011b ukut\u00ed a ud\u011blaj\u00ed z nich ukrajinsky mluv\u00edc\u00ed rusofoby, kte\u0159\u00ed ct\u00ed St\u011bpana Banderu. Proto Kyjev necht\u011bl region\u016fm p\u0159iznat ani federalizaci, ani kulturn\u00ed pr\u00e1va. To mohlo kdykoli v\u00e9st k vnit\u0159n\u00edmu konfliktu.<\/p>\n<p>Za druh\u00e9, Ukrajina je geopolitick\u00fdm zadn\u00edm dvorem Ruska. A Z\u00e1pad by se nevzdal snahy z\u00edskat zemi pod svou kontrolu, aby m\u011bl p\u00e1ku n\u00e1tlaku na Ruskou federaci, kter\u00e1 by ohrozila bezpe\u010dnost Ruska. A Moskva by byla nucena reagovat v ka\u017ed\u00e9m p\u0159\u00edpad\u011b.<\/p>\n<div class=\"podcarou\">\n<p><a href=\"https:\/\/vz.ru\/opinions\/2023\/11\/21\/1240588.html\" target=\"_blank\" rel=\"external noopener\">\u041c\u043e\u0433 \u043b\u0438 \u041c\u0430\u0439\u0434\u0430\u043d \u043f\u043e\u0439\u0442\u0438 \u043f\u043e \u0434\u0440\u0443\u0433\u043e\u043c\u0443 \u0441\u0446\u0435\u043d\u0430\u0440\u0438\u044e<\/a> vy\u0161el 21.11.2023 na vz.ru. P\u0159eklad\u00a0<a href=\"https:\/\/zvedavec.news\/komentare\/2023\/11\/9883-mohl-majdan-probehnout-jinak.htm\">Zvedavec.org<\/a><\/p>\n<\/div>\n<\/section>\n<p>&nbsp;<\/p>\n<p>&nbsp;<\/p>\n","protected":false},"excerpt":{"rendered":"<p>Por\u00e1\u017eka Majdanu by jen odd\u00e1lila horkou f\u00e1zi konfliktu. Ukrajina je geopolitick\u00fdm dvorkem Ruska. A Z\u00e1pad&#8230;<\/p>\n","protected":false},"author":2,"featured_media":13324,"comment_status":"closed","ping_status":"closed","sticky":false,"template":"","format":"standard","meta":[],"categories":[7],"tags":[1042,2046,26],"_links":{"self":[{"href":"https:\/\/www.infokuryr.cz\/n\/wp-json\/wp\/v2\/posts\/40881"}],"collection":[{"href":"https:\/\/www.infokuryr.cz\/n\/wp-json\/wp\/v2\/posts"}],"about":[{"href":"https:\/\/www.infokuryr.cz\/n\/wp-json\/wp\/v2\/types\/post"}],"author":[{"embeddable":true,"href":"https:\/\/www.infokuryr.cz\/n\/wp-json\/wp\/v2\/users\/2"}],"replies":[{"embeddable":true,"href":"https:\/\/www.infokuryr.cz\/n\/wp-json\/wp\/v2\/comments?post=40881"}],"version-history":[{"count":0,"href":"https:\/\/www.infokuryr.cz\/n\/wp-json\/wp\/v2\/posts\/40881\/revisions"}],"wp:featuredmedia":[{"embeddable":true,"href":"https:\/\/www.infokuryr.cz\/n\/wp-json\/wp\/v2\/media\/13324"}],"wp:attachment":[{"href":"https:\/\/www.infokuryr.cz\/n\/wp-json\/wp\/v2\/media?parent=40881"}],"wp:term":[{"taxonomy":"category","embeddable":true,"href":"https:\/\/www.infokuryr.cz\/n\/wp-json\/wp\/v2\/categories?post=40881"},{"taxonomy":"post_tag","embeddable":true,"href":"https:\/\/www.infokuryr.cz\/n\/wp-json\/wp\/v2\/tags?post=40881"}],"curies":[{"name":"wp","href":"https:\/\/api.w.org\/{rel}","templated":true}]}}