{"id":40877,"date":"2023-11-24T01:20:06","date_gmt":"2023-11-24T00:20:06","guid":{"rendered":"https:\/\/www.infokuryr.cz\/n\/?p=40877"},"modified":"2023-11-23T18:11:16","modified_gmt":"2023-11-23T17:11:16","slug":"nato-planuje-vojensky-schengen","status":"publish","type":"post","link":"https:\/\/www.infokuryr.cz\/n\/2023\/11\/24\/nato-planuje-vojensky-schengen\/","title":{"rendered":"NATO pl\u00e1nuje \u201evojensk\u00fd Schengen\u201c"},"content":{"rendered":"<div id=\"fb-root\"><\/div>\n<p><span style=\"font-size: 18pt;\"><strong>Blok veden\u00fd Spojen\u00fdmi st\u00e1ty chce, aby se voj\u00e1ci a vybaven\u00ed voln\u011b p\u0159esouvali p\u0159es Evropu k rusk\u00fdm hranic\u00edm<\/strong><\/span><\/p>\n<p><span>\u0160\u00e9f evropsk\u00e9 logistiky NATO vyzval st\u00e1ty na kontinentu, aby vytvo\u0159ily\u00a0<\/span><em><span>\u201evojenskou schengenskou\u201c<\/span><\/em><span>\u00a0z\u00f3nu, kter\u00e1 by umo\u017enila rychl\u00fd p\u0159esun jednotek, vybaven\u00ed a munice v p\u0159\u00edpad\u011b v\u00e1lky s Ruskem.<\/span><\/p>\n<p><em><span>&#8222;Doch\u00e1z\u00ed n\u00e1m \u010das,&#8220;<\/span><\/em><span>\u00a0\u0159ekl agentu\u0159e Reuters gener\u00e1lporu\u010d\u00edk Alexander Sollfrank v rozhovoru zve\u0159ejn\u011bn\u00e9m ve \u010dtvrtek.\u00a0<\/span><em><span>&#8222;Co neud\u011bl\u00e1me v dob\u011b m\u00edru, nebude p\u0159ipraveno v p\u0159\u00edpad\u011b krize nebo v\u00e1lky.&#8220;<\/span><\/em><\/p>\n<p><span>Sollfrank m\u00e1 na starosti Spole\u010dn\u00e9 velitelstv\u00ed NATO pro podporu a zmocn\u011bn\u00ed (JSEC), za\u0159\u00edzen\u00ed v n\u011bmeck\u00e9m m\u011bst\u011b Ulm, kter\u00e9 koordinuje pohyb mu\u017e\u016f a materi\u00e1lu bloku po cel\u00e9m kontinentu.\u00a0Zat\u00edmco JSEC byla zalo\u017eena v roce 2021, aby zefektivnila p\u0159\u00edpravy na potenci\u00e1ln\u00ed v\u00e1lku s Ruskem, jej\u00ed pr\u00e1ci st\u00e1le frustruj\u00ed p\u0159edpisy na n\u00e1rodn\u00ed \u00farovni, vysv\u011btlil Sollfrank.<\/span><\/p>\n<p><span>P\u0159emis\u0165ov\u00e1n\u00ed munice p\u0159es evropsk\u00e9 hranice \u010dasto vy\u017eaduje zvl\u00e1\u0161tn\u00ed povolen\u00ed, zat\u00edmco velk\u00e9 p\u0159epravy voj\u00e1k\u016f nebo vybaven\u00ed mohou vy\u017eadovat p\u0159edb\u011b\u017en\u00e9 ozn\u00e1men\u00ed, dodal.\u00a0Sollfrank navrhl, aby evropsk\u00e9 zem\u011b z\u0159\u00eddily\u00a0<\/span><em><span>\u201evojenskou schengenskou\u201c<\/span><\/em><span>\u00a0z\u00f3nu k n\u00e1prav\u011b t\u011bchto probl\u00e9m\u016f, s odkazem na dohodu, kter\u00e1 umo\u017e\u0148uje voln\u00e9 cestov\u00e1n\u00ed mezi v\u011bt\u0161inou st\u00e1t\u016f EU.<\/span><\/p>\n<p><span>Sollfrank nen\u00ed prvn\u00edm vojensk\u00fdm p\u0159edstavitelem, kter\u00fd upozornil na logistick\u00e9 a byrokratick\u00e9 probl\u00e9my bloku v Evrop\u011b.\u00a0<\/span><\/p>\n<p><a href=\"https:\/\/stranapro.cz\/\"><img decoding=\"async\" loading=\"lazy\" class=\"alignnone  wp-image-40285 aligncenter\" src=\"http:\/\/www.infokuryr.cz\/n\/wp-content\/uploads\/2023\/11\/11pro-300x79.png\" alt=\"\" width=\"600\" height=\"158\" srcset=\"https:\/\/www.infokuryr.cz\/n\/wp-content\/uploads\/2023\/11\/11pro-300x79.png 300w, https:\/\/www.infokuryr.cz\/n\/wp-content\/uploads\/2023\/11\/11pro.png 363w\" sizes=\"(max-width: 600px) 100vw, 600px\" \/><\/a><\/p>\n<p><em><span>\u201eNem\u00e1me dostate\u010dnou p\u0159epravn\u00ed kapacitu nebo infrastrukturu, kter\u00e1 by umo\u017e\u0148ovala rychl\u00fd p\u0159esun sil NATO po Evrop\u011b,\u201c<\/span><\/em><span>\u00a0\u0159ekl loni\u00a0<\/span><a href=\"https:\/\/www.reuters.com\/investigates\/special-report\/ukraine-crisis-europe-defence\/\" target=\"_blank\" rel=\"noopener noreferrer\"><span>agentu\u0159e Reuters<\/span><\/a><span>\u00a0Ben Hodges, kter\u00fd do roku 2017 velel americk\u00e9 arm\u00e1d\u011b v Evrop\u011b .\u00a0R\u016fzn\u00e9 zem\u011b maj\u00ed r\u016fzn\u00e9 rozchody \u017eeleznic, upozornil Hodges a dodal, \u017ee n\u011bmeck\u00fd \u017eelezni\u010dn\u00ed oper\u00e1tor Deutsche Bahn m\u00e1 kapacitu pouze na p\u0159esun jedn\u00e9 a p\u016fl obrn\u011bn\u00e9 brig\u00e1dy \u2013 p\u0159ibli\u017en\u011b 4 000 voj\u00e1k\u016f, 90 tank\u016f a 150 obrn\u011bn\u00fdch vozidel \u2013 najednou.<\/span><\/p>\n<p><span>Pohyb po silnici p\u0159edstavuje r\u016fzn\u00e9 p\u0159ek\u00e1\u017eky, uvedla agentura Reuters s t\u00edm, \u017ee skupina francouzsk\u00fdch tank\u016f m\u00ed\u0159\u00edc\u00edch loni na cvi\u010den\u00ed p\u0159es N\u011bmecko do Rumunska byla zastavena, proto\u017ee jejich hmotnost p\u0159ekra\u010dovala n\u011bmeck\u00e9 silni\u010dn\u00ed p\u0159edpisy.<\/span><\/p>\n<p><span>I kdyby t\u011bmto tank\u016fm byl povolen pr\u016fjezd N\u011bmeckem, fyzicky by nemohly p\u0159es Polsko kv\u016fli \u0161patn\u00e9 konstrukci most\u016f v zemi, uv\u00e1d\u00ed samostatn\u00e1 zpr\u00e1va\u00a0<\/span><a href=\"https:\/\/breakingdefense.com\/2020\/02\/omfv-the-armys-polish-bridge-problem\/?fbclid=IwAR3yRJmwOJZJhcJJ0qNNEgCNHWstTN6DLWR4nf4OvFfjQN_hJWbItBuKE9c\" target=\"_blank\" rel=\"noopener noreferrer\"><span>Breaking Defense<\/span><\/a><span>\u00a0.<\/span><\/p>\n<p><span>NATO m\u00e1 v sou\u010dasnosti 10 000 voj\u00e1k\u016f v osmi bojov\u00fdch skupin\u00e1ch rozm\u00edst\u011bn\u00fdch po cel\u00e9 v\u00fdchodn\u00ed Evrop\u011b.\u00a0Gener\u00e1ln\u00ed tajemn\u00edk Jens Stoltenberg loni\u00a0<\/span><a href=\"https:\/\/swentr.site\/news\/557904-nato-increase-rapid-response-stoltenberg\/\" target=\"_blank\" rel=\"noopener noreferrer\"><span>ozn\u00e1mil<\/span><\/a><span>\u00a0, \u017ee hodl\u00e1 podpo\u0159it tyto p\u0159edsunut\u00e9 s\u00edly 300 000 vysoce p\u0159ipraven\u00fdmi voj\u00e1ky v z\u00e1loze.\u00a0Podle Stoltenbergova pl\u00e1nu by se 100 000 t\u011bchto voj\u00e1k\u016f mohlo dostat na boji\u0161t\u011b do t\u00fddne, zat\u00edmco zbytek by dorazil o m\u011bs\u00edc pozd\u011bji.<\/span><\/p>\n<p><span>P\u0159esto\u017ee Rusko opakovan\u011b varovalo, \u017ee NATO se de facto stalo \u00fa\u010dastn\u00edkem ukrajinsk\u00e9ho konfliktu t\u00edm, \u017ee poskytlo Kyjevu zbran\u011b, v\u00fdcvik a zpravodajsk\u00e9 informace, Moskva blok v\u00e1lkou nevyhro\u017eovala.<\/span><\/p>\n<p><span>Sollfrank nicm\u00e9n\u011b tvrdil, \u017ee NATO se mus\u00ed na takov\u00fd konflikt p\u0159ipravit.\u00a0<\/span><em><span>&#8222;Mus\u00edme b\u00fdt nap\u0159ed, mus\u00edme p\u0159ipravit divadlo d\u0159\u00edve, ne\u017e bude pou\u017eit \u010dl\u00e1nek 5,&#8220;<\/span><\/em><span>\u00a0\u0159ekl agentu\u0159e Reuters s odkazem na klauzuli o spole\u010dn\u00e9 obran\u011b bloku.<\/span><\/p>\n<p><img decoding=\"async\" loading=\"lazy\" class=\"alignnone size-full wp-image-1185\" src=\"http:\/\/www.infokuryr.cz\/n\/wp-content\/uploads\/2021\/04\/kuryr-podpis.png\" alt=\"\" width=\"84\" height=\"24\" \/><\/p>\n<p>&nbsp;<\/p>\n<p>&nbsp;<\/p>\n","protected":false},"excerpt":{"rendered":"<p>Blok veden\u00fd Spojen\u00fdmi st\u00e1ty chce, aby se voj\u00e1ci a vybaven\u00ed voln\u011b p\u0159esouvali p\u0159es Evropu k&#8230;<\/p>\n","protected":false},"author":2,"featured_media":40878,"comment_status":"closed","ping_status":"closed","sticky":false,"template":"","format":"standard","meta":[],"categories":[7],"tags":[4383,39,5403,321],"_links":{"self":[{"href":"https:\/\/www.infokuryr.cz\/n\/wp-json\/wp\/v2\/posts\/40877"}],"collection":[{"href":"https:\/\/www.infokuryr.cz\/n\/wp-json\/wp\/v2\/posts"}],"about":[{"href":"https:\/\/www.infokuryr.cz\/n\/wp-json\/wp\/v2\/types\/post"}],"author":[{"embeddable":true,"href":"https:\/\/www.infokuryr.cz\/n\/wp-json\/wp\/v2\/users\/2"}],"replies":[{"embeddable":true,"href":"https:\/\/www.infokuryr.cz\/n\/wp-json\/wp\/v2\/comments?post=40877"}],"version-history":[{"count":0,"href":"https:\/\/www.infokuryr.cz\/n\/wp-json\/wp\/v2\/posts\/40877\/revisions"}],"wp:featuredmedia":[{"embeddable":true,"href":"https:\/\/www.infokuryr.cz\/n\/wp-json\/wp\/v2\/media\/40878"}],"wp:attachment":[{"href":"https:\/\/www.infokuryr.cz\/n\/wp-json\/wp\/v2\/media?parent=40877"}],"wp:term":[{"taxonomy":"category","embeddable":true,"href":"https:\/\/www.infokuryr.cz\/n\/wp-json\/wp\/v2\/categories?post=40877"},{"taxonomy":"post_tag","embeddable":true,"href":"https:\/\/www.infokuryr.cz\/n\/wp-json\/wp\/v2\/tags?post=40877"}],"curies":[{"name":"wp","href":"https:\/\/api.w.org\/{rel}","templated":true}]}}