{"id":40875,"date":"2023-11-24T01:16:36","date_gmt":"2023-11-24T00:16:36","guid":{"rendered":"https:\/\/www.infokuryr.cz\/n\/?p=40875"},"modified":"2023-11-23T18:06:49","modified_gmt":"2023-11-23T17:06:49","slug":"vyzyvam-vas-abyste-se-vzbourili-proti-svym-vladam-chteji-vas-ovladnout","status":"publish","type":"post","link":"https:\/\/www.infokuryr.cz\/n\/2023\/11\/24\/vyzyvam-vas-abyste-se-vzbourili-proti-svym-vladam-chteji-vas-ovladnout\/","title":{"rendered":"Vyz\u00fdv\u00e1m v\u00e1s, abyste se vzbou\u0159ili proti sv\u00fdm vl\u00e1d\u00e1m, cht\u011bj\u00ed v\u00e1s ovl\u00e1dnout!"},"content":{"rendered":"<div id=\"fb-root\"><\/div>\n<h4>Vyz\u00fdv\u00e1m v\u00e1s, abyste se vzbou\u0159ili proti sv\u00fdm vl\u00e1d\u00e1m, cht\u011bj\u00ed v\u00e1s ovl\u00e1dnout! N\u011bmeck\u00e1 europoslankyn\u011b varovala p\u0159ed Pandemickou smlouvou s WHO! A v \u010c\u00edn\u011b vypukla nov\u00e1 nezn\u00e1m\u00e1 respira\u010dn\u00ed n\u00e1kaza, kter\u00e1 se raketov\u011b \u0161\u00ed\u0159\u00ed ve \u0161kol\u00e1ch a zp\u016fsobuje akutn\u00ed z\u00e1paly plic u d\u011bt\u00ed i u\u010ditel\u016f! Nemocnice za\u010d\u00ednaj\u00ed kolabovat v Pekingu a v Liaoningu! Mezin\u00e1rodn\u00ed monitorovac\u00ed organizace ProMed ji\u017e vydala varovnou zpr\u00e1vu!<\/h4>\n<p>N\u011bmeck\u00e1 europoslankyn\u011b Christine Anderson vystoupila v Evropsk\u00e9m parlamentu v diskusi k Pandemick\u00e9 smlouv\u011b s WHO dosud s nejv\u00fdbu\u0161n\u011bj\u0161\u00edm projevem v historii. Vyzvala ob\u010dany evropsk\u00fdch n\u00e1rod\u016f, aby se vzbou\u0159ili proti sv\u00fdm vl\u00e1d\u00e1m, kter\u00e9 je v procesu Total Control a pod z\u00e1minkou ochrany p\u0159ed pandemiemi cht\u011bj\u00ed zotro\u010dit a ovl\u00e1dnout.\u00a0<strong>Eurposlankyn\u011b doslova okop\u00edrovala teze z Aeronetu, a\u017e jsem m\u011bl pocit, \u017ee citovala z m\u00fdch \u010dl\u00e1nk\u016f o syst\u00e9mu Total Control.<\/strong>\u00a0M\u00e1me sice na Aeronetu ka\u017ed\u00fd den des\u00edtky IP adres z kancel\u00e1\u0159\u00ed Evropsk\u00e9 unie z Bruselu i ze Strasburgu, ale nedok\u00e1\u017eeme ur\u010dit, kdo a kter\u00fd europoslanec n\u00e1s \u010dte. Ov\u0161em projev Christine Anderson mi doslova vyrazil dech, proto\u017ee jsem v n\u011bm sly\u0161el sv\u00e9 v\u011bty.<\/p>\n<p>&nbsp;<\/p>\n<div id=\"rumble_v3ut8qd\">\n<div id=\"vid_v3ut8qd\" class=\"rumble_v3ut8qd-Rumble-cls\" tabindex=\"-1\">\n<div>\n<div class=\"bigPlayUI ctp\">\n<div class=\"bigPlayUIInner ctp\"><div class='videoWrapper'>\r\n\t            <iframe src='https:\/\/rumble.com\/embed\/pj.v3ut8qd\/' frameborder='0' allowfullscreen><\/iframe>\r\n\t        <\/div><\/div>\n<\/div>\n<\/div>\n<\/div>\n<\/div>\n<p>&nbsp;<\/p>\n<p>Na tom ale te\u010f nesejde, proto\u017ee hlavn\u00ed je, \u017ee toto jej\u00ed vystoupen\u00ed p\u0159ich\u00e1z\u00ed v dob\u011b, kdy cel\u00e1 EU chce p\u0159en\u00e9st obrovsk\u00e9 pravomoci na Sv\u011btovou zdravotnickou organizaci v p\u0159\u00edpad\u011b, \u017ee WHO vyhl\u00e1s\u00ed pandemii, a nov\u011b ji bude moci vyhl\u00e1sit libovoln\u011b, u\u017e ne podle objemu a \u010d\u00edsel naka\u017een\u00fdch ve sv\u011bt\u011b, ale \u010dist\u011b podle sv\u00e9ho uv\u00e1\u017een\u00ed. WHO by mohla vyhla\u0161ovat lockdowny v signat\u00e1\u0159sk\u00fdch zem\u00edch, z\u00e1kazy cestov\u00e1n\u00ed, z\u00e1kazy provozu aut, mohla by vyhla\u0161ovat povinn\u00e1 testov\u00e1n\u00ed, zav\u00edrat obchody a podniky, a dokonce na\u0159izovat povinn\u00e1 o\u010dkov\u00e1n\u00ed. A varov\u00e1n\u00ed Christine Anderson p\u0159ich\u00e1z\u00ed zrovna ve chv\u00edli, kdy podle posledn\u00edch informac\u00ed v \u010c\u00edn\u011b vypukla nov\u00e1 n\u00e1kaza!<\/p>\n<h6><span style=\"font-size: 18pt;\">V \u010c\u00edn\u011b se raketov\u011b \u0161\u00ed\u0159\u00ed nov\u00e1 n\u00e1kaza a nemocnice v Pekingu kolabuj\u00ed<\/span><\/h6>\n<p>Tak se zd\u00e1, \u017ee globalist\u00e9 spustily druh\u00e9 d\u011bjstv\u00ed virov\u00e9 pandemie, proto\u017ee v \u010c\u00edn\u011b vypukla nov\u00e1 n\u00e1kaza respira\u010dn\u00edho p\u016fvodu\u00a0<strong>[<a href=\"https:\/\/href.li\/?https:\/\/www.dailymail.co.uk\/health\/article-12779783\/child-pneumonia-outbreak-china-hospitals.html\" target=\"_blank\" rel=\"nofollow noopener\">1<\/a>]<\/strong>, kter\u00e1 ale tentokr\u00e1t zp\u016fsobuje rovnou pneumonii, tedy z\u00e1paly plic a n\u00e1kaza se za\u010dala \u0161\u00ed\u0159it ve \u0161kol\u00e1ch mezi d\u011btmi a u\u010diteli v severov\u00fdchodn\u00ed oblasti \u010c\u00edny v okol\u00ed Pekingu a v 500 km vzd\u00e1len\u00e9m Liaoningu, co\u017e jsou dv\u011b identifikovan\u00e1 epicentra t\u00e9to n\u00e1kazy.<\/p>\n<p><strong>\u010c\u00edna zat\u00edm nebyla schopna identifikovat p\u016fvodce t\u00e9to n\u00e1kazy, zat\u00edm jde pr\u00fd o nezn\u00e1mou p\u0159\u00ed\u010dinu z\u00e1pal\u016f plic, ale nemocnice v Pekingu kolabuj\u00ed a p\u0159ich\u00e1zej\u00ed st\u00e1le tis\u00edce nov\u00fdch pacient\u016f<\/strong>, dal\u0161\u00ed se telefonicky hl\u00e1s\u00ed, ale nemocnice v Pekingu je u\u017e odm\u00edtaj\u00ed a p\u0159esunuj\u00ed do dal\u0161\u00edch m\u011bst. Monitorovac\u00ed organizace ProMed, kter\u00e1 v listopadu v roce 2019 jako prvn\u00ed informovala o propuknut\u00ed n\u00e1kazy Covid-19 v \u010c\u00edn\u011b, ji\u017e vydala\u00a0<strong>[<a href=\"https:\/\/href.li\/?https:\/\/promedmail.org\/\" target=\"_blank\" rel=\"nofollow noopener\">2<\/a>]<\/strong>\u00a0varov\u00e1n\u00ed o nov\u00e9 a dosud neidentifikovan\u00e9 n\u00e1kaze v \u010c\u00edn\u011b.<\/p>\n<figure id=\"attachment_57779\" class=\"wp-caption aligncenter\" style=\"width: 695px;\"><a href=\"https:\/\/aeronet.news\/wp-content\/uploads\/China-mysterious-illness-LeakedPhoto.jpg\"><img decoding=\"async\" loading=\"lazy\" class=\"wp-image-57779 \" src=\"https:\/\/aeronet.news\/wp-content\/uploads\/China-mysterious-illness-LeakedPhoto-1024x642.jpg\" sizes=\"(max-width: 700px) 100vw, 700px\" srcset=\"https:\/\/aeronet.news\/wp-content\/uploads\/China-mysterious-illness-LeakedPhoto-1024x642.jpg 1024w, https:\/\/aeronet.news\/wp-content\/uploads\/China-mysterious-illness-LeakedPhoto-300x188.jpg 300w, https:\/\/aeronet.news\/wp-content\/uploads\/China-mysterious-illness-LeakedPhoto-768x481.jpg 768w, https:\/\/aeronet.news\/wp-content\/uploads\/China-mysterious-illness-LeakedPhoto-700x439.jpg 700w, https:\/\/aeronet.news\/wp-content\/uploads\/China-mysterious-illness-LeakedPhoto-570x357.jpg 570w, https:\/\/aeronet.news\/wp-content\/uploads\/China-mysterious-illness-LeakedPhoto-771x483.jpg 771w, https:\/\/aeronet.news\/wp-content\/uploads\/China-mysterious-illness-LeakedPhoto.jpg 1280w\" alt=\"\" width=\"695\" height=\"436\" \/><\/a><figcaption class=\"wp-caption-text\">Unikl\u00e1 fotografie z jedn\u00e9 pekingsk\u00e9 nemocnice<\/figcaption><\/figure>\n<p>Zdrojem tohoto upozorn\u011bn\u00ed byla zpr\u00e1va tchajwansk\u00e9 televize FTV News, kter\u00e1 dodala, \u017ee \u201c<em>rodi\u010de se ptaj\u00ed, zda \u00fa\u0159ady epidemii nezakr\u00fdvaj\u00ed<\/em>\u201c. \u010c\u00edna byla ost\u0159e kritizov\u00e1na za utajov\u00e1n\u00ed p\u016fvodn\u00ed epidemie SARS v roce 2003 a pandemie Covid na konci roku 2019 \u2013 v obou p\u0159\u00edpadech \u0161lo o nov\u00e9 viry zp\u016fsobuj\u00edc\u00ed z\u00e1pal plic. Nov\u00e1 epidemie by v\u0161ak mohla souviset s mycoplasma pneumoniae, zn\u00e1mou tak\u00e9 jako\u00a0<em>chod\u00edc\u00ed pneumonie<\/em>, kter\u00e1 se v \u010c\u00edn\u011b \u00fadajn\u011b rozm\u00e1h\u00e1, proto\u017ee zem\u011b vstupuje do sv\u00e9 prvn\u00ed zimy bez p\u0159\u00edsn\u00fdch karant\u00e9n. USA a Spojen\u00e9 kr\u00e1lovstv\u00ed tak\u00e9 zaznamenaly n\u00e1r\u016fst infekc\u00ed, jako je RSV a ch\u0159ipka, pot\u00e9, co byla zru\u0161ena pandemick\u00e1 pravidla, ale ne v takov\u00e9m objemu, co se v posledn\u00edch hodin\u00e1ch d\u011bje na severov\u00fdchod\u011b \u010c\u00edny.<\/p>\n<h6><span style=\"font-size: 18pt;\">Opakuje se sc\u00e9n\u00e1\u0159 z podzimu 2019<\/span><\/h6>\n<p>Dr. Krutika Kuppalli, l\u00e9ka\u0159ka pro infek\u010dn\u00ed nemoci, kter\u00e1 je sou\u010d\u00e1st\u00ed programu WHO pro mimo\u0159\u00e1dn\u00e9 situace v oblasti zdrav\u00ed, uvedla na X (d\u0159\u00edve Twitter), \u017ee nemoc \u201c<em>m\u016f\u017ee b\u00fdt jak\u00e1koli<\/em>\u201c. Dodala: \u201c<em>Zat\u00edm nev\u00edme, na co se testovalo. V\u00fdstraha tyto informace nezve\u0159ej\u0148uje.\u201d\u00a0<\/em>Zpravodajstv\u00ed FTV News uvedlo, \u017ee pekingsk\u00e1 d\u011btsk\u00e1 nemocnice byla je\u0161t\u011b ve st\u0159edu brzy r\u00e1no p\u0159epln\u011bn\u00e1.\u00a0<strong>Pekingsk\u00e9 centrum pro kontrolu a prevenci nemoc\u00ed (CDC) uvedlo, \u017ee na za\u010d\u00e1tku \u0159\u00edjna bylo v pekingsk\u00e9 d\u011btsk\u00e9 nemocnici p\u0159ijato v\u00edce ne\u017e 3 500 p\u0159\u00edpad\u016f<\/strong>\u00a0\u201c<em>respira\u010dn\u00ed infekce<\/em>\u201c, informovalo R\u00e1dio Svobodn\u00e1 Asie.<\/p>\n<div class=\"twitter-tweet twitter-tweet-rendered\"><iframe id=\"twitter-widget-0\" class=\"\" title=\"Twitter Tweet\" src=\"https:\/\/platform.twitter.com\/embed\/Tweet.html?dnt=true&amp;embedId=twitter-widget-0&amp;features=eyJ0ZndfdGltZWxpbmVfbGlzdCI6eyJidWNrZXQiOltdLCJ2ZXJzaW9uIjpudWxsfSwidGZ3X2ZvbGxvd2VyX2NvdW50X3N1bnNldCI6eyJidWNrZXQiOnRydWUsInZlcnNpb24iOm51bGx9LCJ0ZndfdHdlZXRfZWRpdF9iYWNrZW5kIjp7ImJ1Y2tldCI6Im9uIiwidmVyc2lvbiI6bnVsbH0sInRmd19yZWZzcmNfc2Vzc2lvbiI6eyJidWNrZXQiOiJvbiIsInZlcnNpb24iOm51bGx9LCJ0ZndfZm9zbnJfc29mdF9pbnRlcnZlbnRpb25zX2VuYWJsZWQiOnsiYnVja2V0Ijoib24iLCJ2ZXJzaW9uIjpudWxsfSwidGZ3X21peGVkX21lZGlhXzE1ODk3Ijp7ImJ1Y2tldCI6InRyZWF0bWVudCIsInZlcnNpb24iOm51bGx9LCJ0ZndfZXhwZXJpbWVudHNfY29va2llX2V4cGlyYXRpb24iOnsiYnVja2V0IjoxMjA5NjAwLCJ2ZXJzaW9uIjpudWxsfSwidGZ3X3Nob3dfYmlyZHdhdGNoX3Bpdm90c19lbmFibGVkIjp7ImJ1Y2tldCI6Im9uIiwidmVyc2lvbiI6bnVsbH0sInRmd19kdXBsaWNhdGVfc2NyaWJlc190b19zZXR0aW5ncyI6eyJidWNrZXQiOiJvbiIsInZlcnNpb24iOm51bGx9LCJ0ZndfdXNlX3Byb2ZpbGVfaW1hZ2Vfc2hhcGVfZW5hYmxlZCI6eyJidWNrZXQiOiJvbiIsInZlcnNpb24iOm51bGx9LCJ0ZndfdmlkZW9faGxzX2R5bmFtaWNfbWFuaWZlc3RzXzE1MDgyIjp7ImJ1Y2tldCI6InRydWVfYml0cmF0ZSIsInZlcnNpb24iOm51bGx9LCJ0ZndfbGVnYWN5X3RpbWVsaW5lX3N1bnNldCI6eyJidWNrZXQiOnRydWUsInZlcnNpb24iOm51bGx9LCJ0ZndfdHdlZXRfZWRpdF9mcm9udGVuZCI6eyJidWNrZXQiOiJvbiIsInZlcnNpb24iOm51bGx9fQ%3D%3D&amp;frame=false&amp;hideCard=false&amp;hideThread=false&amp;id=1727518906741354727&amp;lang=cs&amp;origin=https%3A%2F%2Faeronet.news%2Fvyzyvam-vas-abyste-se-vzbourili-proti-svym-vladam-chteji-vas-ovladnout-nemecka-europoslankyne-varovala-pred-pandemickou-smlouvou-s-who-a-v-cine-vypukla-nova-neznama-respiracni-nakaza%2F&amp;sessionId=00e011783bcdc732e7bb97d58f5ea71cd66c5e7d&amp;theme=light&amp;widgetsVersion=01917f4d1d4cb%3A1696883169554&amp;width=550px\" frameborder=\"0\" scrolling=\"no\" allowfullscreen=\"allowfullscreen\" data-tweet-id=\"1727518906741354727\" data-mce-fragment=\"1\"><\/iframe><\/div>\n<p>&nbsp;<\/p>\n<p>Pracovn\u00edk pediatrick\u00e9ho odd\u011blen\u00ed pekingsk\u00e9 nemocnice\u00a0<em>P\u0159\u00e1telstv\u00ed<\/em>\u00a0uvedl, \u017ee na vy\u0161et\u0159en\u00ed akutn\u00edch p\u0159\u00edpad\u016f se \u010dek\u00e1 u\u017e dokonce 24 hodin a pacienti le\u017e\u00ed na podlah\u00e1ch chodeb a ochranky nemocnic odeb\u00edraj\u00ed mobiln\u00ed telefony, aby lid\u00e9 nesm\u011bli nat\u00e1\u010det videa a \u0161\u00ed\u0159it t\u00edm pr\u00fd paniku na soci\u00e1ln\u00edch s\u00edt\u00edch. \u2018<em>St\u00e1le je\u0161t\u011b vy\u0159izuj\u00ed telefon\u00e1ty, kter\u00e9 jsme p\u0159ijali v\u010dera<\/em>,\u2019 \u0159ekl pracovn\u00edk. \u2018<em>Je\u0161t\u011b ani neza\u010dali s dne\u0161n\u00edmi hovory \u2013 ve front\u011b p\u0159ed v\u00e1mi \u010dek\u00e1 nejm\u00e9n\u011b tis\u00edc lid\u00ed. \u2018Na hovory, kter\u00e9 p\u0159i\u0161ly dnes, se dostane a\u017e z\u00edtra\u2026\u2019 P\u0159ij\u00edm\u00e1me v\u00edce ne\u017e 1 000 hovor\u016f denn\u011b od lid\u00ed, co se cht\u011bj\u00ed objednat na vy\u0161et\u0159en\u00ed s p\u0159\u00edznaky pneumonie<\/em>.\u2019 Podle st\u00e1tn\u00edch novin Haibao News m\u011bla d\u011btsk\u00e1 nemocnice\u00a0<em>Capital Institute of Pediatrics<\/em>\u00a0v \u00fater\u00fd tolik pacient\u016f, \u017ee ambulantn\u00ed p\u0159ep\u00e1\u017eka p\u0159estala odpoledne p\u0159ij\u00edmat nov\u00e9 pacienty. Nemoc vypukla podle v\u0161eho ve \u0161koln\u00edm prost\u0159ed\u00ed a rychle se roz\u0161\u00ed\u0159ila na dosp\u011bl\u00fd person\u00e1l a na dal\u0161\u00ed lidi.<\/p>\n<h6><span style=\"font-size: 18pt;\">Nezn\u00e1m\u00e1 n\u00e1kaza zp\u016fsobuje akutn\u00ed z\u00e1paly plic, z jedn\u00e9 nemocnic v Pekingu se poda\u0159ilo i p\u0159es cenzuru z\u00edskat video<\/span><\/h6>\n<p>Na jin\u00e9m m\u00edst\u011b zpravodajstv\u00ed FTV News uvedlo: \u201c<em>Situace v provincii Liaoning je tak\u00e9 chmurn\u00e1. Hala d\u011btsk\u00e9 nemocnice v Dalianu je \u00fadajn\u011b pln\u00e1 nemocn\u00fdch d\u011bt\u00ed, kter\u00e9 dost\u00e1vaj\u00ed nitro\u017eiln\u00ed kapa\u010dky.<\/em>\u201d Dlouh\u00e9 fronty pacient\u016f jsou tak\u00e9 v nemocnici tradi\u010dn\u00ed \u010d\u00ednsk\u00e9 medic\u00edny a v \u00fast\u0159edn\u00ed nemocnici. Jeden ze zam\u011bstnanc\u016f \u00dast\u0159edn\u00ed nemocnice v Dalianu \u0159ekl: \u201c<strong><em>Pacienti mus\u00ed \u010dekat ve front\u011b dv\u011b hodiny, a to jsme v\u0161ichni na pohotovosti a nejsou zde \u017e\u00e1dn\u00e9 v\u0161eobecn\u00e9 ambulance. N\u011bkter\u00e1 \u0161koln\u00ed vyu\u010dov\u00e1n\u00ed byla zcela zru\u0161ena. Nemocn\u00ed jsou nejen v\u0161ichni studenti, ale z\u00e1palem plic se nakazili i u\u010ditel\u00e9.<\/em><\/strong>\u201d N\u00ed\u017ee je jedno z m\u00e1la unikl\u00fdch vide\u00ed z jedn\u00e9 z pekingsk\u00fdch nemocnic.<\/p>\n<div class=\"twitter-tweet twitter-tweet-rendered\"><iframe id=\"twitter-widget-1\" class=\"\" title=\"Twitter Tweet\" src=\"https:\/\/platform.twitter.com\/embed\/Tweet.html?dnt=true&amp;embedId=twitter-widget-1&amp;features=eyJ0ZndfdGltZWxpbmVfbGlzdCI6eyJidWNrZXQiOltdLCJ2ZXJzaW9uIjpudWxsfSwidGZ3X2ZvbGxvd2VyX2NvdW50X3N1bnNldCI6eyJidWNrZXQiOnRydWUsInZlcnNpb24iOm51bGx9LCJ0ZndfdHdlZXRfZWRpdF9iYWNrZW5kIjp7ImJ1Y2tldCI6Im9uIiwidmVyc2lvbiI6bnVsbH0sInRmd19yZWZzcmNfc2Vzc2lvbiI6eyJidWNrZXQiOiJvbiIsInZlcnNpb24iOm51bGx9LCJ0ZndfZm9zbnJfc29mdF9pbnRlcnZlbnRpb25zX2VuYWJsZWQiOnsiYnVja2V0Ijoib24iLCJ2ZXJzaW9uIjpudWxsfSwidGZ3X21peGVkX21lZGlhXzE1ODk3Ijp7ImJ1Y2tldCI6InRyZWF0bWVudCIsInZlcnNpb24iOm51bGx9LCJ0ZndfZXhwZXJpbWVudHNfY29va2llX2V4cGlyYXRpb24iOnsiYnVja2V0IjoxMjA5NjAwLCJ2ZXJzaW9uIjpudWxsfSwidGZ3X3Nob3dfYmlyZHdhdGNoX3Bpdm90c19lbmFibGVkIjp7ImJ1Y2tldCI6Im9uIiwidmVyc2lvbiI6bnVsbH0sInRmd19kdXBsaWNhdGVfc2NyaWJlc190b19zZXR0aW5ncyI6eyJidWNrZXQiOiJvbiIsInZlcnNpb24iOm51bGx9LCJ0ZndfdXNlX3Byb2ZpbGVfaW1hZ2Vfc2hhcGVfZW5hYmxlZCI6eyJidWNrZXQiOiJvbiIsInZlcnNpb24iOm51bGx9LCJ0ZndfdmlkZW9faGxzX2R5bmFtaWNfbWFuaWZlc3RzXzE1MDgyIjp7ImJ1Y2tldCI6InRydWVfYml0cmF0ZSIsInZlcnNpb24iOm51bGx9LCJ0ZndfbGVnYWN5X3RpbWVsaW5lX3N1bnNldCI6eyJidWNrZXQiOnRydWUsInZlcnNpb24iOm51bGx9LCJ0ZndfdHdlZXRfZWRpdF9mcm9udGVuZCI6eyJidWNrZXQiOiJvbiIsInZlcnNpb24iOm51bGx9fQ%3D%3D&amp;frame=false&amp;hideCard=false&amp;hideThread=false&amp;id=1727650453301629127&amp;lang=cs&amp;origin=https%3A%2F%2Faeronet.news%2Fvyzyvam-vas-abyste-se-vzbourili-proti-svym-vladam-chteji-vas-ovladnout-nemecka-europoslankyne-varovala-pred-pandemickou-smlouvou-s-who-a-v-cine-vypukla-nova-neznama-respiracni-nakaza%2F&amp;sessionId=00e011783bcdc732e7bb97d58f5ea71cd66c5e7d&amp;theme=light&amp;widgetsVersion=01917f4d1d4cb%3A1696883169554&amp;width=550px\" frameborder=\"0\" scrolling=\"no\" allowfullscreen=\"allowfullscreen\" data-tweet-id=\"1727650453301629127\" data-mce-fragment=\"1\"><\/iframe><\/div>\n<p>&nbsp;<\/p>\n<p>Pan Wei, ob\u010dan Pekingu, \u0159ekl zpravodajstv\u00ed FTV: \u2018<em>Mnoho, mnoho lid\u00ed je hospitalizov\u00e1no. Neka\u0161lou a nemaj\u00ed \u017e\u00e1dn\u00e9 p\u0159\u00edznaky. Maj\u00ed jen vysokou teplotu (hore\u010dku) a u mnoh\u00fdch se objevuj\u00ed plicn\u00ed uzliny.<\/em>\u201d V pozn\u00e1mce redakce ProMed se uv\u00e1d\u00ed: \u201c<em>Tato zpr\u00e1va nazna\u010duje rozs\u00e1hl\u00e9 propuknut\u00ed nediagnostikovan\u00e9ho respira\u010dn\u00edho onemocn\u011bn\u00ed\u2026<\/em>\u201c. Nen\u00ed v\u016fbec jasn\u00e9, kdy tato epidemie za\u010dala, proto\u017ee by bylo neobvykl\u00e9, aby bylo tak rychle posti\u017eeno tolik d\u011bt\u00ed. Zpr\u00e1va neuv\u00e1d\u00ed, \u017ee by byli posti\u017eeni i dosp\u011bl\u00ed, co\u017e nazna\u010duje, \u017ee prim\u00e1rn\u00ed expozice prob\u011bhla ve \u0161kol\u00e1ch a ProMed reagoval na n\u011bkolik dn\u00ed star\u0161\u00ed data a zpr\u00e1va ProMed je tak z\u0159ejm\u011b dnes ji\u017e zastaral\u00e1.<\/p>\n<h6><span style=\"font-size: 18pt;\">ProMed vydal varov\u00e1n\u00ed podobn\u011b jako na podzim 2019 o Covidu-19<\/span><\/h6>\n<p>Spole\u010dnost ProMed o\u010dek\u00e1v\u00e1 dal\u0161\u00ed definitivn\u00ed informace o etiologii a rozsahu tohoto znepokojiv\u00e9ho onemocn\u011bn\u00ed v \u010c\u00edn\u011b. Z\u00e1pal plic je infekce, kter\u00e1 postihuje jednu z obou plic a m\u016f\u017ee b\u00fdt smrteln\u00e1. Vzdu\u0161n\u00e9 vaky v plic\u00edch se mohou naplnit tekutinou nebo hnisem. Obecn\u011b nen\u00ed z\u00e1pal plic naka\u017eliv\u00fd, ale respira\u010dn\u00ed viry a bakterie, kter\u00e9 k n\u011bmu vedou, naka\u017eliv\u00e9 jsou. Chod\u00edc\u00ed z\u00e1pal plic, kter\u00fd obvykle postihuje mlad\u0161\u00ed d\u011bti, zp\u016fsobuje bolest v krku, \u00fanavu a ka\u0161el, kter\u00fd m\u016f\u017ee trvat a\u017e n\u011bkolik m\u011bs\u00edc\u016f. Naz\u00fdv\u00e1 se chod\u00edc\u00ed z\u00e1pal plic, proto\u017ee p\u0159\u00edznaky jsou obvykle dostate\u010dn\u011b m\u00edrn\u00e9 na to, aby pacienti mohli pokra\u010dovat v ch\u016fzi. V z\u00e1va\u017en\u00fdch p\u0159\u00edpadech m\u016f\u017ee onemocn\u011bn\u00ed p\u0159ej\u00edt v z\u00e1pal plic.<\/p>\n<figure id=\"attachment_57778\" class=\"wp-caption aligncenter\" style=\"width: 813px;\"><a href=\"https:\/\/aeronet.news\/wp-content\/uploads\/ProMedPressRelease.jpg\"><img decoding=\"async\" loading=\"lazy\" class=\"wp-image-57778 \" src=\"https:\/\/aeronet.news\/wp-content\/uploads\/ProMedPressRelease.jpg\" sizes=\"(max-width: 820px) 100vw, 820px\" srcset=\"https:\/\/aeronet.news\/wp-content\/uploads\/ProMedPressRelease.jpg 820w, https:\/\/aeronet.news\/wp-content\/uploads\/ProMedPressRelease-278x300.jpg 278w, https:\/\/aeronet.news\/wp-content\/uploads\/ProMedPressRelease-768x828.jpg 768w, https:\/\/aeronet.news\/wp-content\/uploads\/ProMedPressRelease-700x755.jpg 700w, https:\/\/aeronet.news\/wp-content\/uploads\/ProMedPressRelease-331x357.jpg 331w, https:\/\/aeronet.news\/wp-content\/uploads\/ProMedPressRelease-448x483.jpg 448w\" alt=\"\" width=\"813\" height=\"876\" \/><\/a><figcaption class=\"wp-caption-text\">Tiskov\u00fd bulletin monitorovac\u00ed slu\u017eby ProMed<\/figcaption><\/figure>\n<p>K vypuknut\u00ed nov\u00e9 n\u00e1kazy v takov\u00e9m rozsahu a n\u00e1r\u016fstu doch\u00e1z\u00ed v podstat\u011b t\u00fdden po n\u00e1v\u0161t\u011bv\u011b \u010d\u00ednsk\u00e9ho prezidenta Xi Jingpinga v Kalifornsk\u00e9 republice, kde se na summitu APEC setkal s Joem Bidenem a v\u00edce ne\u017e p\u016fl hodiny spolu jednali za zav\u0159en\u00fdmi dve\u0159mi. Na soci\u00e1ln\u00edch s\u00edt\u00edch u\u017e b\u011b\u017e\u00ed konspira\u010dn\u00ed teorie, \u017ee\u00a0<strong>\u010d\u00ednsk\u00fd prezident p\u0159isl\u00edbil Joe Bidenovi vypu\u0161t\u011bn\u00ed nov\u00e9ho viru do sv\u011bta s c\u00edlem vypuknut\u00ed nov\u00e9 pandemie, aby v USA bylo mo\u017en\u00e9 p\u0159\u00ed\u0161t\u00ed rok na podzim zav\u00e9st volbu prezidenta po\u0161tovn\u00edmi hlasy.<\/strong><\/p>\n<p>Po\u0161tovn\u00ed hlasy vedly doslova p\u0159es noc v roce 2020 k ukraden\u00ed volebn\u00edho v\u00edt\u011bzstv\u00ed Donaldu Trumpovi. Joe Biden v\u0161ak kon\u010d\u00ed a nem\u00e1 \u0161anci Trumpa porazit ani v roce 2024, jedin\u011b zase a op\u011bt ukraden\u00edm voleb a nacp\u00e1n\u00edm po\u0161tovn\u00edch hlas\u016f Bidenovi o p\u016fl t\u0159et\u00ed r\u00e1no po volebn\u00ed noci z n\u00e1kla\u010f\u00e1ku. Opravdu nen\u00ed vylou\u010den\u00e9, \u017ee tato nov\u00e1 pandemie, pokud se potvrd\u00ed a opravdu roz\u0161\u00ed\u0159\u00ed, je opravdu spu\u0161t\u011bna na objedn\u00e1vku, aby se k moci v USA nedostal Donald Trump.<\/p>\n<h6><span style=\"font-size: 18pt;\">Nov\u00e1 pandemie by propukla z\u0159ejm\u011b naplno a\u017e na ja\u0159e p\u0159\u00ed\u0161t\u00edho roku<\/span><\/h6>\n<p>Na Aeronetu jsme toto predikovali, \u017ee pokud dojde k selh\u00e1n\u00ed ukrajinsk\u00e9 ofenz\u00edvy, pokud se uk\u00e1\u017ee, \u017ee pl\u00e1ny na por\u00e1\u017eku Ruska jdou do kytek, v tom okam\u017eiku dojde ke spu\u0161t\u011bn\u00ed nov\u00e9 pandemie a vznikne nov\u00fd n\u00e1hradn\u00ed \u0159\u00edd\u00edc\u00ed proces nad obyvatelstvem z\u00e1padn\u00edch zem\u00ed.\u00a0<strong>Zat\u00edm se nev\u00ed, co se v \u010c\u00edn\u011b d\u011bje, ale tutl\u00e1n\u00ed informac\u00ed se znovu opakuje jako koncem roku 2019 a tehdy alespo\u0148 \u010c\u00ed\u0148an\u016fm neodeb\u00edrali mobiln\u00ed telefony, tak\u017ee se sv\u011bt mohl dozv\u011bd\u011bt, co se d\u011bje, ale te\u010f je to cel\u00e9 jinak.<\/strong><\/p>\n<p>Unikaj\u00ed pouze \u00fatr\u017ekovit\u00e9 zpr\u00e1vy, co se d\u011bje v Pekingu a pokud \u010c\u00ed\u0148an\u016fm zase jako n\u011bco uniklo, bude to do 3 a\u017e 4 m\u011bs\u00edc\u016f v Evrop\u011b, op\u011bt okolo b\u0159ezna, a to zrovna ve chv\u00edli, kdy v USA za\u010d\u00ednaj\u00ed prezidentsk\u00e9 prim\u00e1rky a Ukrajina v t\u00e9 dob\u011b u\u017e nebude m\u00edt nic, s \u010d\u00edm by zah\u00e1jila jarn\u00ed ofenz\u00edvu. Podle posledn\u00edch zpr\u00e1v ze \u010dtvrtka ve\u010der ji\u017e WHO vydala \u010c\u00edn\u011b doporu\u010den\u00ed, co d\u011blat s novou nezn\u00e1mou n\u00e1kazou. Je t\u00e9m\u011b\u0159 jist\u00e9, \u017ee WHO vyu\u017eije novou pandemii v \u010c\u00edn\u011b pro svoji agendu a na protla\u010den\u00ed podpisu Pandemick\u00e9 smlouvy.<\/p>\n<figure id=\"attachment_57776\" class=\"wp-caption aligncenter\" style=\"width: 892px;\"><a href=\"https:\/\/aeronet.news\/wp-content\/uploads\/WHO_OrderChina.jpg\"><img decoding=\"async\" loading=\"lazy\" class=\"wp-image-57776 \" src=\"https:\/\/aeronet.news\/wp-content\/uploads\/WHO_OrderChina.jpg\" sizes=\"(max-width: 1290px) 100vw, 1290px\" srcset=\"https:\/\/aeronet.news\/wp-content\/uploads\/WHO_OrderChina.jpg 1290w, https:\/\/aeronet.news\/wp-content\/uploads\/WHO_OrderChina-285x300.jpg 285w, https:\/\/aeronet.news\/wp-content\/uploads\/WHO_OrderChina-768x808.jpg 768w, https:\/\/aeronet.news\/wp-content\/uploads\/WHO_OrderChina-973x1024.jpg 973w, https:\/\/aeronet.news\/wp-content\/uploads\/WHO_OrderChina-700x737.jpg 700w, https:\/\/aeronet.news\/wp-content\/uploads\/WHO_OrderChina-339x357.jpg 339w, https:\/\/aeronet.news\/wp-content\/uploads\/WHO_OrderChina-459x483.jpg 459w\" alt=\"\" width=\"892\" height=\"939\" \/><\/a><figcaption class=\"wp-caption-text\">WHO vyz\u00fdv\u00e1 \u010c\u00ednu, aby v souvislosti s epidemi\u00ed z\u00e1hadn\u00e9ho z\u00e1palu plic zavedla rou\u0161ky, soci\u00e1ln\u00ed odstup a pobyt doma.<\/figcaption><\/figure>\n<p>Situaci budeme sledovat, proto\u017ee v\u0161echno to za\u010d\u00edn\u00e1 p\u0159ipom\u00ednat po\u010d\u00e1tek Covid-19 pandemie na konci roku 2019. Vid\u00edme stejn\u00e9 procesy, stejn\u00e9 kulisy a rekvizity, stejn\u00e9 organizace a stejn\u00e9ho akt\u00e9ra s prvn\u00edmi naka\u017een\u00fdmi. Pamatujte si, \u017ee por\u00e1\u017eka z\u00e1padu ve v\u00e1lce s Ruskem nebude ponech\u00e1na bez odezvy a \u010c\u00edna se pokus\u00ed zabr\u00e1nit Trumpovi v n\u00e1vratu do B\u00edl\u00e9ho domu.<\/p>\n<p>A zkorumpovan\u00fd Biden t\u00edm alespo\u0148 odklon\u00ed pozornost sv\u011btov\u00fdch m\u00e9di\u00ed od selh\u00e1n\u00ed operace na Ukrajin\u011b. Izrael je sice dobr\u00e1 z\u00e1minka, ale podle v\u0161eho jen do\u010dasn\u00e1. Pot\u0159ebuj\u00ed jin\u00fd a masivn\u00ed kontroln\u00ed mechanismus. Tak\u017ee tis\u00edce d\u011bt\u00ed zaplavuj\u00ed nemocnice v Pekingu se sv\u00fdmi u\u010diteli a \u010c\u00edna ml\u010d\u00ed a nev\u00ed, co to je. M\u00e1me tady prvn\u00ed d\u011bjstv\u00ed. Vypad\u00e1 to na\u00a0<em>repete<\/em>\u00a0Covidu-19.<\/p>\n<p><a href=\"https:\/\/aeronet.news\/vyzyvam-vas-abyste-se-vzbourili-proti-svym-vladam-chteji-vas-ovladnout-nemecka-europoslankyne-varovala-pred-pandemickou-smlouvou-s-who-a-v-cine-vypukla-nova-neznama-respiracni-nakaza\/\">-VK- \u0160\u00e9fredaktor AE News<\/a><\/p>\n<p>&nbsp;<\/p>\n<p><a href=\"https:\/\/stranapro.cz\/\"><img decoding=\"async\" loading=\"lazy\" class=\"wp-image-40286 aligncenter\" src=\"http:\/\/www.infokuryr.cz\/n\/wp-content\/uploads\/2023\/11\/12pro-300x87.png\" alt=\"\" width=\"1321\" height=\"383\" srcset=\"https:\/\/www.infokuryr.cz\/n\/wp-content\/uploads\/2023\/11\/12pro-300x87.png 300w, https:\/\/www.infokuryr.cz\/n\/wp-content\/uploads\/2023\/11\/12pro.png 366w\" sizes=\"(max-width: 1321px) 100vw, 1321px\" \/><\/a><\/p>\n<p>&nbsp;<\/p>\n<p>&nbsp;<\/p>\n<p>&nbsp;<\/p>\n","protected":false},"excerpt":{"rendered":"<p>Vyz\u00fdv\u00e1m v\u00e1s, abyste se vzbou\u0159ili proti sv\u00fdm vl\u00e1d\u00e1m, cht\u011bj\u00ed v\u00e1s ovl\u00e1dnout! N\u011bmeck\u00e1 europoslankyn\u011b varovala p\u0159ed&#8230;<\/p>\n","protected":false},"author":2,"featured_media":40876,"comment_status":"closed","ping_status":"closed","sticky":false,"template":"","format":"standard","meta":[],"categories":[6],"tags":[1042,279,259,48,538,81],"_links":{"self":[{"href":"https:\/\/www.infokuryr.cz\/n\/wp-json\/wp\/v2\/posts\/40875"}],"collection":[{"href":"https:\/\/www.infokuryr.cz\/n\/wp-json\/wp\/v2\/posts"}],"about":[{"href":"https:\/\/www.infokuryr.cz\/n\/wp-json\/wp\/v2\/types\/post"}],"author":[{"embeddable":true,"href":"https:\/\/www.infokuryr.cz\/n\/wp-json\/wp\/v2\/users\/2"}],"replies":[{"embeddable":true,"href":"https:\/\/www.infokuryr.cz\/n\/wp-json\/wp\/v2\/comments?post=40875"}],"version-history":[{"count":0,"href":"https:\/\/www.infokuryr.cz\/n\/wp-json\/wp\/v2\/posts\/40875\/revisions"}],"wp:featuredmedia":[{"embeddable":true,"href":"https:\/\/www.infokuryr.cz\/n\/wp-json\/wp\/v2\/media\/40876"}],"wp:attachment":[{"href":"https:\/\/www.infokuryr.cz\/n\/wp-json\/wp\/v2\/media?parent=40875"}],"wp:term":[{"taxonomy":"category","embeddable":true,"href":"https:\/\/www.infokuryr.cz\/n\/wp-json\/wp\/v2\/categories?post=40875"},{"taxonomy":"post_tag","embeddable":true,"href":"https:\/\/www.infokuryr.cz\/n\/wp-json\/wp\/v2\/tags?post=40875"}],"curies":[{"name":"wp","href":"https:\/\/api.w.org\/{rel}","templated":true}]}}