{"id":40873,"date":"2023-11-24T01:19:14","date_gmt":"2023-11-24T00:19:14","guid":{"rendered":"https:\/\/www.infokuryr.cz\/n\/?p=40873"},"modified":"2023-11-23T18:02:26","modified_gmt":"2023-11-23T17:02:26","slug":"nemecku-dochazeji-penize-na-pomoc-ukrajine","status":"publish","type":"post","link":"https:\/\/www.infokuryr.cz\/n\/2023\/11\/24\/nemecku-dochazeji-penize-na-pomoc-ukrajine\/","title":{"rendered":"N\u011bmecku doch\u00e1zej\u00ed pen\u00edze na pomoc Ukrajin\u011b"},"content":{"rendered":"<div id=\"fb-root\"><\/div>\n<p><span style=\"font-size: 18pt;\"><strong>Der Tagesspiegel uvedl, \u017ee rozpo\u010dtov\u00e1 omezen\u00ed zpochyb\u0148uj\u00ed schopnost Berl\u00edna dost\u00e1t sv\u00fdm ambici\u00f3zn\u00edm pl\u00e1n\u016fm<\/strong><\/span><\/p>\n<p>N\u011bmecko by se mohlo bl\u00ed\u017eit limitu sv\u00fdch finan\u010dn\u00edch mo\u017enost\u00ed poskytnout Ukrajin\u011b obrannou pomoc, tvrd\u00ed Der Tagesspiegel.\u00a0Noviny tak\u00e9 nazna\u010dily, \u017ee Berl\u00edn nebude schopen dodat Kyjevu v\u00edce tank\u016f, ne\u017e se ji\u017e zav\u00e1zal.<\/p>\n<p>Za\u010d\u00e1tkem tohoto t\u00fddne ukrajinsk\u00fd prezident Vladimir Zelenskyj vyj\u00e1d\u0159il obavy, \u017ee nedostatek vojensk\u00e9ho pokroku ji\u017e m\u016f\u017ee tlumit ochotu podporovatel\u016f Kyjeva d\u00e1le ji podporovat.\u00a0N\u011bkter\u00e1 z\u00e1padn\u00ed m\u00e9dia tak\u00e9 ned\u00e1vno tvrdila, \u017ee v Evrop\u011b roste \u00fanava, proto\u017ee konflikt mezi Ukrajinou a Ruskem se t\u00e1hne u\u017e p\u0159es rok a p\u016fl.<\/p>\n<p>Der Tagesspiegel ve sv\u00e9 \u00fatern\u00ed zpr\u00e1v\u011b tvrdil, \u017ee navzdory ozn\u00e1men\u00ed nov\u00e9ho bal\u00ed\u010dku vojensk\u00e9 pomoci v hodnot\u011b 1,3 miliardy eur (1,4 miliardy dolar\u016f), kter\u00fd ministr obrany Boris Pistorius u\u010dinil t\u00e9ho\u017e dne na n\u00e1v\u0161t\u011bv\u011b Kyjeva, vis\u00ed nad nimi otazn\u00edky. Schopnost N\u011bmecka splnit sv\u00e9 st\u00e1vaj\u00edc\u00ed z\u00e1vazky, nato\u017e poskytnout v\u00edce zbran\u00ed.<\/p>\n<p><a href=\"https:\/\/stranapro.cz\/\"><img decoding=\"async\" loading=\"lazy\" class=\"alignnone wp-image-40285 aligncenter\" src=\"http:\/\/www.infokuryr.cz\/n\/wp-content\/uploads\/2023\/11\/11pro-300x79.png\" alt=\"\" width=\"634\" height=\"167\" srcset=\"https:\/\/www.infokuryr.cz\/n\/wp-content\/uploads\/2023\/11\/11pro-300x79.png 300w, https:\/\/www.infokuryr.cz\/n\/wp-content\/uploads\/2023\/11\/11pro.png 363w\" sizes=\"(max-width: 634px) 100vw, 634px\" \/><\/a><\/p>\n<p>M\u00e9dia upozornila, \u017ee minul\u00fd p\u00e1tek rozpo\u010dtov\u00fd v\u00fdbor Spolkov\u00e9ho sn\u011bmu odlo\u017eil rozhodnut\u00ed o n\u00e1vrhu rozpo\u010dtu na rok 2024.\u00a0Vl\u00e1da kancl\u00e9\u0159e Olafa Scholze se ocitla ve vazb\u011b pot\u00e9, co j\u00ed soud zak\u00e1zal znovu pou\u017e\u00edt 60 miliard eur (65 miliard dolar\u016f) v nevyu\u017eit\u00fdch prost\u0159edc\u00edch, kter\u00e9 zbyly po pandemii Covid-19.\u00a0Mezi \u010d\u00e1stmi rozpo\u010dtu, jejich\u017e osud z\u016fstal v limbu, jsou pl\u00e1ny Berl\u00edna zdvojn\u00e1sobit vojenskou pomoc Ukrajin\u011b na 8 miliard eur v p\u0159\u00ed\u0161t\u00edm roce.<\/p>\n<p>Der Tagesspiegel citoval tv\u016frce fisk\u00e1ln\u00ed politiky Ingo Gaedechens z opozi\u010dn\u00ed K\u0159es\u0165anskodemokratick\u00e9 unie, kter\u00fd varoval, \u017ee\u00a0<em>\u201ev sou\u010dasnosti neexistuj\u00ed \u017e\u00e1dn\u00e9 jistoty\u201c.\u00a0\u00a0\u00a0<\/em><\/p>\n<p><em>\u201ePokud by se pomoc Ukrajin\u011b tak\u00e9 sn\u00ed\u017eila v r\u00e1mci v\u0161eobecn\u00e9ho omezen\u00ed, m\u011blo by to katastrof\u00e1ln\u00ed n\u00e1sledky,\u201c<\/em>\u00a0p\u0159edpov\u011bd\u011bl.<\/p>\n<p>Z\u00e1konod\u00e1rce vysv\u011btlil, \u017ee pokud nedojde nyn\u00ed k nav\u00fd\u0161en\u00ed p\u0159\u00edd\u011bl\u016f pro ukrajinskou vojenskou pomoc,\u00a0<em>\u201ev nadch\u00e1zej\u00edc\u00edm roce by N\u011bmecko nemohlo Ukrajin\u011b poslat dal\u0161\u00ed pomoc ani pokra\u010dovat v nezbytn\u00e9 v\u00fdm\u011bn\u011b dodan\u00fdch zbra\u0148ov\u00fdch syst\u00e9m\u016f\u201c.<\/em><\/p>\n<p>Krom\u011b toho Berl\u00edn pravd\u011bpodobn\u011b ji\u017e nebude moci vyu\u017e\u00edvat sv\u00e9 vlastn\u00ed z\u00e1soby, aby Kyjevu dodal tanky, poznamenal list.<\/p>\n<p>V rozhovoru pro Fox News odvys\u00edlan\u00e9m v \u00fater\u00fd ukrajinsk\u00fd prezident Zelenskij poznamenal, \u017ee drtiv\u00e1 letn\u00ed protiofenz\u00edva, kter\u00e1 nedok\u00e1zala zajistit Kyjevu \u017e\u00e1dn\u00e9 velk\u00e9 \u00fazemn\u00ed zisky, \u201enen\u00ed dobrou zpr\u00e1vou\u201c,\u00a0<em>pokud<\/em>\u00a0jde o p\u0159ipravenost z\u00e1padn\u00edch zem\u00ed pokra\u010dovat. podporovat sv\u016fj n\u00e1rod.<\/p>\n<p>Za\u010d\u00e1tkem tohoto m\u011bs\u00edce popsal vrchn\u00ed velitel ukrajinsk\u00e9 arm\u00e1dy Valerij Zalu\u017enyj situaci na boji\u0161ti jako\u00a0<em>\u201epatovou situaci\u201c,<\/em>\u00a0hodnocen\u00ed, kter\u00e9 Zelenskij odm\u00edtl.<\/p>\n<p><img decoding=\"async\" loading=\"lazy\" class=\"alignnone size-full wp-image-1185\" src=\"http:\/\/www.infokuryr.cz\/n\/wp-content\/uploads\/2021\/04\/kuryr-podpis.png\" alt=\"\" width=\"84\" height=\"24\" \/><\/p>\n<p>&nbsp;<\/p>\n<p>&nbsp;<\/p>\n","protected":false},"excerpt":{"rendered":"<p>Der Tagesspiegel uvedl, \u017ee rozpo\u010dtov\u00e1 omezen\u00ed zpochyb\u0148uj\u00ed schopnost Berl\u00edna dost\u00e1t sv\u00fdm ambici\u00f3zn\u00edm pl\u00e1n\u016fm N\u011bmecko by&#8230;<\/p>\n","protected":false},"author":2,"featured_media":37658,"comment_status":"closed","ping_status":"closed","sticky":false,"template":"","format":"standard","meta":[],"categories":[7],"tags":[84,90,26],"_links":{"self":[{"href":"https:\/\/www.infokuryr.cz\/n\/wp-json\/wp\/v2\/posts\/40873"}],"collection":[{"href":"https:\/\/www.infokuryr.cz\/n\/wp-json\/wp\/v2\/posts"}],"about":[{"href":"https:\/\/www.infokuryr.cz\/n\/wp-json\/wp\/v2\/types\/post"}],"author":[{"embeddable":true,"href":"https:\/\/www.infokuryr.cz\/n\/wp-json\/wp\/v2\/users\/2"}],"replies":[{"embeddable":true,"href":"https:\/\/www.infokuryr.cz\/n\/wp-json\/wp\/v2\/comments?post=40873"}],"version-history":[{"count":1,"href":"https:\/\/www.infokuryr.cz\/n\/wp-json\/wp\/v2\/posts\/40873\/revisions"}],"predecessor-version":[{"id":40874,"href":"https:\/\/www.infokuryr.cz\/n\/wp-json\/wp\/v2\/posts\/40873\/revisions\/40874"}],"wp:featuredmedia":[{"embeddable":true,"href":"https:\/\/www.infokuryr.cz\/n\/wp-json\/wp\/v2\/media\/37658"}],"wp:attachment":[{"href":"https:\/\/www.infokuryr.cz\/n\/wp-json\/wp\/v2\/media?parent=40873"}],"wp:term":[{"taxonomy":"category","embeddable":true,"href":"https:\/\/www.infokuryr.cz\/n\/wp-json\/wp\/v2\/categories?post=40873"},{"taxonomy":"post_tag","embeddable":true,"href":"https:\/\/www.infokuryr.cz\/n\/wp-json\/wp\/v2\/tags?post=40873"}],"curies":[{"name":"wp","href":"https:\/\/api.w.org\/{rel}","templated":true}]}}