{"id":40861,"date":"2023-11-24T01:05:24","date_gmt":"2023-11-24T00:05:24","guid":{"rendered":"https:\/\/www.infokuryr.cz\/n\/?p=40861"},"modified":"2023-11-23T17:12:41","modified_gmt":"2023-11-23T16:12:41","slug":"jiri-vyvadil-uzitecna-nizozemska-volebni-revoluce","status":"publish","type":"post","link":"https:\/\/www.infokuryr.cz\/n\/2023\/11\/24\/jiri-vyvadil-uzitecna-nizozemska-volebni-revoluce\/","title":{"rendered":"Ji\u0159\u00ed Vyvadil: U\u017eite\u010dn\u00e1 nizozemsk\u00e1 volebn\u00ed revoluce\u2026"},"content":{"rendered":"<div id=\"fb-root\"><\/div>\n<p><strong>Tak dlouho demokrat\u00e9 ub\u00edj\u00ed svobodu projevu, a\u017e se ucho utrhne.<\/strong><\/p>\n<p>Po jeden\u00e1cti letech nepochybn\u011b vn\u011bj\u0161n\u011b \u00fasp\u011b\u0161n\u00e9 vl\u00e1dy centristick\u00e9ho premi\u00e9ra Rutteho, kter\u00fd ji\u017e nekandidoval a jeho\u017e vl\u00e1da \u201e\u00fasp\u011b\u0161n\u011b\u201c blokovala v\u010dera dle exit poll\u016f mimo\u0159\u00e1dn\u011b skv\u011bl\u00e9 v\u00edt\u011bzstv\u00ed zn\u00e1m\u00e9ho protiisl\u00e1msk\u00e9ho radik\u00e1la Geerta\u00a0 Wilderse.<\/p>\n<p>V dramatick\u00e9m v\u00fdsledku, kter\u00fd ohrom\u00ed evropskou politiku, m\u00e1 jeho Svobodn\u00e1 strana (PVV) z\u00edskat p\u0159ibli\u017en\u011b 35 ze 150 k\u0159esel v parlamentu, co\u017e je v\u00edce ne\u017e dvojn\u00e1sobek po\u010dtu, kter\u00fd z\u00edskala ve volb\u00e1ch v roce 2021.<\/p>\n<p>Aliance labourist\u016f a zelen\u00fdch Franse Timmermanse by m\u011bla obsadit druh\u00e9 m\u00edsto a z\u00edskat 25 k\u0159esel, co\u017e je velk\u00fd skok oproti sou\u010dasn\u00fdm 17. Dilan Ye\u015filg\u00f6zov\u00e1, n\u00e1stupkyn\u011b \u00a0odch\u00e1zej\u00edc\u00edho premi\u00e9ra Marka Rutteho v \u010dele st\u0159edopravicov\u00e9 VVD, utrp\u011bla t\u011b\u017ek\u00e9 ztr\u00e1ty a je na cest\u011b k z\u00edsk\u00e1n\u00ed 24 k\u0159esel, o 10 m\u00e9n\u011b ne\u017e d\u0159\u00edve, podle aktualizovan\u00e9ho pr\u016fzkumu agentury Ipsos pro n\u00e1rodn\u00ed televizi NOS.<\/p>\n<p>Podle Politico.eu Wildersovo v\u00edt\u011bzstv\u00ed nasm\u011bruje Nizozemsko \u2013 potenci\u00e1ln\u011b \u2013 k dramatick\u00e9mu posunu sm\u011bru po \u010dty\u0159ech po sob\u011b jdouc\u00edch centristick\u00fdch vl\u00e1d\u00e1ch Rutteho. Ot\u00e1zkou v\u0161ak nyn\u00ed je, zda jsou k Wildersovi ochotny p\u0159ipojit se i dal\u0161\u00ed strany a vytvo\u0159it koalici. Navzdory tomu, \u017ee se vyno\u0159il jako nejv\u011bt\u0161\u00ed strana, bude m\u00edt probl\u00e9m naj\u00edt celkovou v\u011bt\u0161inu v parlamentu.<\/p>\n<p>Na soundtrack k filmu Rocky, Eye of the Tiger se Wilders pozdravil se sv\u00fdmi p\u0159\u00edznivci v kav\u00e1rn\u011b na nizozemsk\u00e9m pob\u0159e\u017e\u00ed se \u0161irok\u00fdm \u00fasm\u011bvem. &#8222;Voli\u010di dnes ve\u010der promluvili a \u0159ekli, \u017ee u\u017e toho maj\u00ed dost,&#8220; \u0159ekl. &#8222;Postar\u00e1me se o to, aby nizozem\u0161t\u00ed voli\u010di byli op\u011bt na prvn\u00edm m\u00edst\u011b.&#8220;<\/p>\n<p>Strana chce pracovat na omezen\u00ed &#8222;azylov\u00e9 tsunami&#8220;, d\u00e1t lidem v\u00edce pen\u011bz do pen\u011b\u017eenek a zlep\u0161it bezpe\u010dnost, dodal Wilders.<\/p>\n<p><a href=\"https:\/\/stranapro.cz\/\"><img decoding=\"async\" loading=\"lazy\" class=\"alignnone  wp-image-40285 aligncenter\" src=\"http:\/\/www.infokuryr.cz\/n\/wp-content\/uploads\/2023\/11\/11pro-300x79.png\" alt=\"\" width=\"589\" height=\"155\" srcset=\"https:\/\/www.infokuryr.cz\/n\/wp-content\/uploads\/2023\/11\/11pro-300x79.png 300w, https:\/\/www.infokuryr.cz\/n\/wp-content\/uploads\/2023\/11\/11pro.png 363w\" sizes=\"(max-width: 589px) 100vw, 589px\" \/><\/a><\/p>\n<p>Podal ruku ostatn\u00edm stran\u00e1m a prohl\u00e1sil, \u017ee je \u010das spolupracovat na nalezen\u00ed \u0159e\u0161en\u00ed. Wilders dokonce nazna\u010dil, \u017ee by byl ochoten slevit ze sv\u00fdch protimuslimsk\u00fdch ide\u00e1l\u016f, aby mohl vstoupit do vl\u00e1dy. &#8222;Ch\u00e1pu velmi dob\u0159e, \u017ee strany necht\u011bj\u00ed b\u00fdt ve vl\u00e1d\u011b se stranou, kter\u00e1 chce proti\u00fastavn\u00ed opat\u0159en\u00ed,&#8220; \u0159ekl. &#8222;Nebudeme mluvit o me\u0161it\u00e1ch, Kor\u00e1nu a isl\u00e1msk\u00fdch \u0161kol\u00e1ch.&#8220;<\/p>\n<p>Wildersova protiisl\u00e1msk\u00e1 r\u00e9torika byla jasnou sou\u010d\u00e1st\u00ed vl\u00e1dn\u00edho programu PVV. Strana navrhla zak\u00e1zat me\u0161ity a Kor\u00e1n a zak\u00e1zat isl\u00e1msk\u00e9 \u0161\u00e1tky ve vl\u00e1dn\u00edch budov\u00e1ch. Wilders je tak\u00e9 tvrd\u00fdm euroskeptikem, kter\u00fd vol\u00e1 po takzvan\u00e9m &#8222;Nexitu&#8220; referendu o odchodu z EU. A ma\u010farsk\u00fd premi\u00e9r Viktor Orb\u00e1n obratem Wildersovi gratuloval a \u00a0na X napsal: &#8222;V\u00edtr zm\u011bny je tady!&#8220;<\/p>\n<p>Ye\u015filg\u00f6zov\u00e1 v \u00fater\u00fd uvedla, \u017ee vylu\u010duje podporu Wilderse jako premi\u00e9ra, pokud z\u00edsk\u00e1 nejv\u011bt\u0161\u00ed pod\u00edl. Ov\u0161em to z\u0159ejm\u011b neplat\u00ed, \u017ee by nebyla ochotn\u00e1 spolupracovat, co\u017e nazna\u010dovala ji\u017e p\u0159ed volbami je\u0161t\u011b v\u00a0nad\u011bji, \u017ee by\u00a0 jej\u00ed strana mohla zv\u00edt\u011bzit.<\/p>\n<p>Zeleno-levicov\u00e1 aliance veden\u00e1 Timmermansem se shrom\u00e1\u017edila, aby sledovala v\u00fdsledky na velk\u00e9m s\u00e1le ve Westerparku v Amsterdamu.<\/p>\n<p>Hlasit\u00fd j\u00e1sot zaplnil hlavn\u00ed s\u00e1l pot\u00e9, co byly ozn\u00e1meny ztr\u00e1ty VVD spolu s vlastn\u00edmi p\u0159edpokl\u00e1dan\u00fdmi zisky aliance.<\/p>\n<p>Ale pot\u00e9 se v\u00a0m\u00edstnosti u\u017e mluvilo o Wildersov\u011b v\u00fdh\u0159e.<\/p>\n<p>Pro Timmermanse, jeho\u017e radik\u00e1ln\u00ed radik\u00e1ln\u00ed zelen\u00e9 politice na \u010das propadla cel\u00e1 EU a jej\u00ed\u017e d\u016fsledky bude mo\u017eno poci\u0165ovat mo\u017en\u00e1 po desetilet\u00ed a kter\u00fd opustil funkci v\u00fdkonn\u00e9ho m\u00edstop\u0159edsedy EK, aby v\u00a0Nizozem\u00ed uplatnil sv\u00e9 zelen\u00e9 my\u0161lenky v\u00a0praxi, je druh\u00e9 m\u00edsto po Wildersovi ho\u0159k\u00fdm zklam\u00e1n\u00edm. Prohl\u00e1sil, \u017ee nikdy nevstoup\u00ed\u00a0 do koalice se stranou, kter\u00e1 vylu\u010duje Nizozemce. Pro na\u0161e st\u0159edoevropsk\u00e9 pom\u011bry jde o nepochopiteln\u00fd v\u00fdrok. Usuzuji, \u017ee t\u00edm z\u0159ejm\u011b t\u00edm m\u011bl na mysli islamisty.<\/p>\n<p>Pro \u010cesko samotn\u00e9 z\u00a0toho vypl\u00fdv\u00e1 cosi jin\u00e9ho a to je nad\u011bjn\u00e9:\u00a0 Me\u0161ity tu nem\u00e1me, islamisty rovn\u011b\u017e ne a migraci se \u00fasp\u011b\u0161n\u011b br\u00e1n\u00edme. Maxim\u00e1ln\u011b jsme jen pr\u016ftokovou zem\u00ed, kdy p\u0159\u00edpadn\u00ed migranti jen sm\u011b\u0159uj\u00ed na Z\u00e1pad do N\u011bmecka a d\u00e1l. M\u00e1me jin\u00e9 probl\u00e9my. Je zde zavedena ostr\u00e1 cenzura a protirusk\u00e1 a a\u017e doposud i proti\u010d\u00ednsk\u00e1 politika. \u010cesko nen\u00ed p\u0159ipraveno na to, \u017ee Rusko m\u016f\u017ee zv\u00edt\u011bzit.\u00a0\u00a0 \u00a0V\u00fdvoj nelze zastavit a \u010desk\u00e1 od minul\u00fdch voleb utla\u010dovan\u00e1 v\u011bt\u0161ina se a\u0165 ji\u017e tak \u010di onak proti sou\u010dasn\u00e9 Fialov\u011b totalit\u011b rovn\u011b\u017e postav\u00ed.<\/p>\n<p>Asi tak.<\/p>\n<p><a href=\"https:\/\/vasevec.info\/blogy\/uzitecna-nizozemska-volebni-revoluce\">Ji\u0159\u00ed Vyvadil<\/a><\/p>\n<p><img decoding=\"async\" loading=\"lazy\" class=\"alignnone size-medium wp-image-16474\" src=\"http:\/\/www.infokuryr.cz\/n\/wp-content\/uploads\/2022\/10\/jiri-vyvadil-300x200.jpg\" alt=\"\" width=\"300\" height=\"200\" srcset=\"https:\/\/www.infokuryr.cz\/n\/wp-content\/uploads\/2022\/10\/jiri-vyvadil-300x200.jpg 300w, https:\/\/www.infokuryr.cz\/n\/wp-content\/uploads\/2022\/10\/jiri-vyvadil-768x512.jpg 768w, https:\/\/www.infokuryr.cz\/n\/wp-content\/uploads\/2022\/10\/jiri-vyvadil.jpg 800w\" sizes=\"(max-width: 300px) 100vw, 300px\" \/><\/p>\n<p>&nbsp;<\/p>\n<p>&nbsp;<\/p>\n","protected":false},"excerpt":{"rendered":"<p>Tak dlouho demokrat\u00e9 ub\u00edj\u00ed svobodu projevu, a\u017e se ucho utrhne. Po jeden\u00e1cti letech nepochybn\u011b vn\u011bj\u0161n\u011b&#8230;<\/p>\n","protected":false},"author":2,"featured_media":40862,"comment_status":"closed","ping_status":"closed","sticky":false,"template":"","format":"standard","meta":[],"categories":[6],"tags":[41,29,781,27],"_links":{"self":[{"href":"https:\/\/www.infokuryr.cz\/n\/wp-json\/wp\/v2\/posts\/40861"}],"collection":[{"href":"https:\/\/www.infokuryr.cz\/n\/wp-json\/wp\/v2\/posts"}],"about":[{"href":"https:\/\/www.infokuryr.cz\/n\/wp-json\/wp\/v2\/types\/post"}],"author":[{"embeddable":true,"href":"https:\/\/www.infokuryr.cz\/n\/wp-json\/wp\/v2\/users\/2"}],"replies":[{"embeddable":true,"href":"https:\/\/www.infokuryr.cz\/n\/wp-json\/wp\/v2\/comments?post=40861"}],"version-history":[{"count":1,"href":"https:\/\/www.infokuryr.cz\/n\/wp-json\/wp\/v2\/posts\/40861\/revisions"}],"predecessor-version":[{"id":40863,"href":"https:\/\/www.infokuryr.cz\/n\/wp-json\/wp\/v2\/posts\/40861\/revisions\/40863"}],"wp:featuredmedia":[{"embeddable":true,"href":"https:\/\/www.infokuryr.cz\/n\/wp-json\/wp\/v2\/media\/40862"}],"wp:attachment":[{"href":"https:\/\/www.infokuryr.cz\/n\/wp-json\/wp\/v2\/media?parent=40861"}],"wp:term":[{"taxonomy":"category","embeddable":true,"href":"https:\/\/www.infokuryr.cz\/n\/wp-json\/wp\/v2\/categories?post=40861"},{"taxonomy":"post_tag","embeddable":true,"href":"https:\/\/www.infokuryr.cz\/n\/wp-json\/wp\/v2\/tags?post=40861"}],"curies":[{"name":"wp","href":"https:\/\/api.w.org\/{rel}","templated":true}]}}