{"id":40860,"date":"2023-11-24T01:02:07","date_gmt":"2023-11-24T00:02:07","guid":{"rendered":"https:\/\/www.infokuryr.cz\/n\/?p=40860"},"modified":"2023-11-23T17:06:24","modified_gmt":"2023-11-23T16:06:24","slug":"jiri-paroubek-prihoriva-prihoriva-hori","status":"publish","type":"post","link":"https:\/\/www.infokuryr.cz\/n\/2023\/11\/24\/jiri-paroubek-prihoriva-prihoriva-hori\/","title":{"rendered":"Ji\u0159\u00ed Paroubek: P\u0159iho\u0159\u00edv\u00e1, p\u0159iho\u0159\u00edv\u00e1, ho\u0159\u00ed\u2026"},"content":{"rendered":"<div id=\"fb-root\"><\/div>\n<p><strong>I tak lze charakterizovat situaci ve spole\u010dnosti. Vl\u00e1da ud\u011blala v\u0161e pro to, aby po\u0161tvala proti sob\u011b velmi vlivn\u00e9 a dob\u0159e organizovan\u00e9 skupiny zam\u011bstnanc\u016f. L\u00e9ka\u0159e, u\u010ditele, doprav\u00e1ky a d\u011bln\u00edky v kovopr\u016fmyslu.<\/strong><\/p>\n<p>Za\u010dnu t\u011bmi posledn\u00edmi. Pokud se odbor\u00e1\u0159i p\u0159i kolektivn\u00edm vyjedn\u00e1v\u00e1n\u00ed v\u00a0jednotliv\u00fdch fabrik\u00e1ch do\u017eaduj\u00ed r\u016fstu mezd, kter\u00fd by umo\u017enil kone\u010dn\u011b po dvou letech dos\u00e1hnout r\u016fstu re\u00e1ln\u00e9 mzdy, nen\u00ed to realistick\u00e9. S\u00a0ohledem na o\u010dek\u00e1vateln\u00fd vysok\u00fd n\u00e1r\u016fst cen energi\u00ed se \u0159ada zam\u011bstnavatel\u016f, a to nejen v\u00a0ocel\u00e1rn\u00e1ch, ale m\u016f\u017eeme \u0159\u00edci obecn\u011b v\u00a0cel\u00e9m pr\u016fmyslu, dostane do existen\u010dn\u00edch probl\u00e9m\u016f. N\u00e1r\u016fsty cen energi\u00ed o a\u017e 250% v\u00a0regulovan\u00e9 \u010d\u00e1sti znamenaj\u00ed des\u00edtky (u nejv\u011bt\u0161\u00edch pr\u016fmyslov\u00fdch z\u00e1vod\u016f i stovky) milion\u016f korun n\u00e1klad\u016f meziro\u010dn\u011b nav\u00edc.<\/p>\n<p>\u010cesk\u00fd pr\u016fmysl je bl\u00edzko p\u00e1du do propasti. A zam\u011bstnanci nejsou t\u011bmi, kdo za to mohou. Vl\u00e1da se prost\u011b nestar\u00e1 o to, aby vytv\u00e1\u0159ela podm\u00ednky pro zam\u011bstnavatele, tedy firmy a zam\u011bstnanci firem u\u017e ji nezaj\u00edmaj\u00ed v\u016fbec. Takovou aroganci by si nedovolili ani komunist\u00e9 za star\u00e9ho re\u017eimu. I ti tu\u0161ili, \u017ee pot\u0159ebuj\u00ed podporu ve\u0159ejnosti.<\/p>\n<p>Fialova vl\u00e1da sama sebe zahnala do slep\u00e9 uli\u010dky. Nen\u00ed schopna rozh\u00fdbat strnul\u00e1 kola \u010desk\u00e9ho hospod\u00e1\u0159stv\u00ed. To prost\u011b kles\u00e1. \u010c\u00edsla o\u010dek\u00e1van\u00e9ho r\u016fstu hospod\u00e1\u0159stv\u00ed v\u00a0tomto roce zve\u0159ej\u0148ovan\u00e1 v pr\u016fb\u011bhu roku byly jen vylhan\u00fdmi \u010d\u00edsly, povinn\u00fdm optimismem vl\u00e1dn\u00edch a provl\u00e1dn\u00edch ekonom\u016f a v\u00fdsledkem bude leto\u0161n\u00ed hospod\u00e1\u0159sk\u00fd propad nejm\u00e9n\u011b o 1%.<\/p>\n<p>Vl\u00e1da ud\u011blala z funguj\u00edc\u00ed ekonomiky \u201enemocn\u00e9ho mu\u017ee Evropy\u201c. Co ov\u0161em vl\u00e1d\u011b jde dob\u0159e, to je navy\u0161ov\u00e1n\u00ed vojensk\u00fdch v\u00fddaj\u016f. Kombinace razantn\u00edho r\u016fstu vojensk\u00fdch v\u00fddaj\u016f (z roku na rok ve st\u00e1tn\u00edm rozpo\u010dtu n\u00e1r\u016fst o 40 mld. K\u010d) a v nejlep\u0161\u00edm p\u0159\u00edpad\u011b stagnace (sp\u00ed\u0161e meziro\u010dn\u00ed pokles) hospod\u00e1\u0159stv\u00ed, znamen\u00e1, \u017ee tak\u00e9 nep\u0159ibydou \u017e\u00e1dn\u00e9 nov\u00e9 p\u0159\u00edjmy do st\u00e1tn\u00edho rozpo\u010dtu z titulu hospod\u00e1\u0159sk\u00e9ho r\u016fstu. A logicky tak na dal\u0161\u00ed kapitoly rozpo\u010dtu je m\u00e9n\u011b pen\u011bz. To zasahuje \u0161kolstv\u00ed, zdravotnictv\u00ed, soci\u00e1ln\u00ed oblast, vlastn\u011b v\u0161echno.<\/p>\n<p>Mlad\u00ed l\u00e9ka\u0159i se do\u017eaduj\u00ed, aby mohli pracovat za rozumn\u00e9 platy bez p\u0159es\u010das\u016f, kter\u00e9 p\u0159ipom\u00ednaj\u00ed pr\u00e1ci nevoln\u00edk\u016f.<\/p>\n<p>U\u010ditel\u00e9 se jen dom\u00e1haj\u00ed spln\u011bn\u00ed vl\u00e1dn\u00edch slib\u016f. A jde jim tak\u00e9 o dal\u0161\u00ed zam\u011bstnance ve \u0161kol\u00e1ch. Kucha\u0159ky, ukl\u00edze\u010dky, \u0161koln\u00edky, prost\u011b ty, bez jejich\u017e servisu si \u0161koly nejde p\u0159edstavit. T\u011bm maj\u00ed dokonce klesnout platy o 2 % (!).<\/p>\n<p><a href=\"https:\/\/stranapro.cz\/\"><img decoding=\"async\" loading=\"lazy\" class=\" wp-image-40285 aligncenter\" src=\"http:\/\/www.infokuryr.cz\/n\/wp-content\/uploads\/2023\/11\/11pro-300x79.png\" alt=\"\" width=\"535\" height=\"141\" srcset=\"https:\/\/www.infokuryr.cz\/n\/wp-content\/uploads\/2023\/11\/11pro-300x79.png 300w, https:\/\/www.infokuryr.cz\/n\/wp-content\/uploads\/2023\/11\/11pro.png 363w\" sizes=\"(max-width: 535px) 100vw, 535px\" \/><\/a><\/p>\n<p>Vl\u00e1da svou neschopnost\u00ed a nesl\u00fdchanou tvrdost\u00ed v\u016f\u010di zam\u011bstnanc\u016fm, ale tak\u00e9 v\u016f\u010di firm\u00e1m, kter\u00e9 jsou z\u00e1visl\u00e9 v\u00a0\u010desk\u00fdch podm\u00ednk\u00e1ch na nenasytn\u00fdch oligopolech, p\u0159ipravuje hospod\u00e1\u0159skou a soci\u00e1ln\u00ed katastrofu. Tato katastrofa m\u016f\u017ee skon\u010dit, a\u010dkoliv to nen\u00ed v\u00a0\u010desk\u00fdch d\u011bjin\u00e1ch p\u0159\u00edli\u0161 obvykl\u00e9, nepokoji. Miliony lid\u00ed jsou ohro\u017eeny chudobou nebo ji\u017e v\u00a0chudob\u011b jsou. A te\u010f to m\u00e1 je\u0161t\u011b d\u00e1le pokra\u010dovat.<\/p>\n<p>Vl\u00e1da neud\u011blala nic pro to, aby zest\u00e1tnila majetkov\u00e9 pod\u00edly soukrom\u00fdch majitel\u016f \u010cEZu, kte\u0159\u00ed dr\u017e\u00ed 30% ve\u0161ker\u00fdch akci\u00ed t\u00e9to spole\u010dnosti. To by vl\u00e1d\u011b pomohlo, pokud bude m\u00edt \u010cEZ zcela pod kontrolou st\u00e1t, vymanit ceny energi\u00ed z\u00a0dikt\u00e1tu Lipsk\u00e9 burzy.<\/p>\n<p>\u010cEZ by pak mohl prod\u00e1vat elektrickou energii jak dom\u00e1cnostem, tak firm\u00e1m za p\u0159ijateln\u00e9 pen\u00edze.<\/p>\n<p>Vl\u00e1da v\u016fbec nehled\u00e1 cestu k\u00a0tomu, aby dos\u00e1hla alespo\u0148 na \u010d\u00e1st pen\u011bz (p\u0159es 300 mld. K\u010d), kter\u00e9 jsou vyvedeny za minul\u00fd rok ze zem\u011b v\u00a0dividend\u00e1ch na \u00fa\u010dty zahrani\u010dn\u00edch mate\u0159sk\u00fdch firem. D\u011bl\u00e1, \u017ee nev\u00ed nic o evropsk\u00e9 sm\u011brnici, kter\u00e1 umo\u017e\u0148uje mimo\u0159\u00e1dn\u011b zdanit v\u00fdvoz dividend, ale samoz\u0159ejm\u011b by to vy\u017eadovalo p\u0159epracovat a s\u00a0nejv\u011bt\u0161\u00edmi obchodn\u00edmi partnery (zejm\u00e9na s N\u011bmeckem) projednat tak\u00e9 dohody o dvoj\u00edm zdan\u011bn\u00ed. A pochopiteln\u011b, \u017ee vl\u00e1da by si m\u011bla posv\u00edtit tak\u00e9 na ob\u0159\u00ed firmy oligopoln\u00edho charakteru, kter\u00e9 nejen, \u017ee diktuj\u00ed na \u010desk\u00e9m trhu ceny, ale tak\u00e9 stanov\u00ed tr\u017en\u00ed podm\u00ednky. A to jednostrann\u011b v\u00fdhodn\u011b pro sebe.<\/p>\n<p>Prost\u011b \u017eijeme v\u00a0zemi oligopol\u016f, kde krize, kter\u00e9 jsme sv\u011bdky posledn\u00ed t\u0159i roky, po\u010d\u00ednaje covidovou pandemi\u00ed v\u00a0roce 2020, jde na vrub \u201emal\u00e9ho&#8220; \u010desk\u00e9ho \u010dlov\u011bka a tak\u00e9 mal\u00fdch a st\u0159edn\u011b velk\u00fdch \u010desk\u00fdch firem. A vl\u00e1da tomu jen p\u0159ihl\u00ed\u017e\u00ed.<\/p>\n<p>M\u016f\u017eeme \u0159\u00edci, \u017ee vstupujeme do &#8222;hork\u00e9\u201c zimy, proto\u017ee odvaha je naka\u017eliv\u00e1 a k\u00a0bou\u0159\u00edc\u00edm se l\u00e9ka\u0159\u016fm, u\u010ditel\u016fm, zam\u011bstnanc\u016fm fabrik a dopravy se brzo p\u0159idaj\u00ed dal\u0161\u00ed. Vl\u00e1da projevuje naprostou nekompetentnost p\u0159i sv\u00e9m vl\u00e1dnut\u00ed. Je to a\u017e zar\u00e1\u017eej\u00edc\u00ed, ale ne p\u0159ekvapiv\u00e9. Alespo\u0148 tedy ne pro m\u011b, proto\u017ee ka\u017ed\u00fd soudn\u00fd \u010dlov\u011bk v\u00ed, \u017ee k\u00a0\u00fasp\u011b\u0161n\u00e9mu zvl\u00e1dnut\u00ed ur\u010dit\u00e9 \u010dinnosti (v tomto p\u0159\u00edpad\u011b vl\u00e1dnut\u00ed) je pot\u0159eba odbornost a zku\u0161enost. Nesta\u010d\u00ed jen b\u00fdt &#8218;\u00fasp\u011b\u0161n\u00fdm\u201c politick\u00fdm funkcion\u00e1\u0159em vl\u00e1dn\u00ed politick\u00e9 strany, ale je pot\u0159eba m\u00edt mana\u017eersk\u00e9 zku\u0161enosti, ur\u010dit\u00e9 penzum znalost\u00ed ze rezortu, kter\u00fd jako ministr vl\u00e1dy \u0159\u00edd\u00ed. A to naprost\u00e1 v\u011bt\u0161ina \u010dlen\u016f vl\u00e1dy postr\u00e1d\u00e1.<\/p>\n<p>Perspektivn\u011b n\u00e1s \u010dek\u00e1, podle m\u00e9ho n\u00e1zoru, zcela katastrof\u00e1ln\u00ed situace, nebo\u0165 vl\u00e1da vych\u00e1z\u00ed z\u00a0toho, \u017ee m\u00e1 bezpe\u010dnou v\u011bt\u0161inu v\u00a0poslaneck\u00e9 sn\u011bmovn\u011b a krom\u011b toho n\u011bkter\u00e9 z\u00a0vl\u00e1dn\u00edch politick\u00fdch stran by ve sn\u011bmovn\u00edch volb\u00e1ch &#8211; pokud by kandidovaly samostatn\u011b \u2013 nebyly schopny se do nov\u00e9 sn\u011bmovny propracovat. Proto se vl\u00e1dn\u00ed strany zuby nehty budou br\u00e1nit p\u0159\u00edpadn\u00fdm mimo\u0159\u00e1dn\u00fdm parlamentn\u00edm volb\u00e1m. Je ov\u0161em tak\u00e9 ot\u00e1zkou, do jak\u00e9 m\u00edry jsou dne\u0161n\u00ed opozi\u010dn\u00ed strany p\u0159ipraveny na p\u0159evzet\u00ed odpov\u011bdnosti za st\u00e1t, ale tak\u00e9 jak\u00fd p\u0159\u00edval hr\u016fz po sou\u010dasn\u00e9 vl\u00e1d\u011b zd\u011bd\u00ed.<\/p>\n<p><a href=\"https:\/\/vasevec.info\/domaci-politika\/prihoriva-prihoriva-hori\">Ji\u0159\u00ed Paroubek<\/a><\/p>\n<p><img decoding=\"async\" loading=\"lazy\" class=\"alignnone size-medium wp-image-2342\" src=\"http:\/\/www.infokuryr.cz\/n\/wp-content\/uploads\/2021\/06\/paroubek-300x208.jpg\" alt=\"\" width=\"300\" height=\"208\" srcset=\"https:\/\/www.infokuryr.cz\/n\/wp-content\/uploads\/2021\/06\/paroubek-300x208.jpg 300w, https:\/\/www.infokuryr.cz\/n\/wp-content\/uploads\/2021\/06\/paroubek.jpg 318w\" sizes=\"(max-width: 300px) 100vw, 300px\" \/><\/p>\n<p>&nbsp;<\/p>\n<p>&nbsp;<\/p>\n","protected":false},"excerpt":{"rendered":"<p>I tak lze charakterizovat situaci ve spole\u010dnosti. Vl\u00e1da ud\u011blala v\u0161e pro to, aby po\u0161tvala proti&#8230;<\/p>\n","protected":false},"author":2,"featured_media":10100,"comment_status":"closed","ping_status":"closed","sticky":false,"template":"","format":"standard","meta":[],"categories":[6],"tags":[29,371,122,951,99],"_links":{"self":[{"href":"https:\/\/www.infokuryr.cz\/n\/wp-json\/wp\/v2\/posts\/40860"}],"collection":[{"href":"https:\/\/www.infokuryr.cz\/n\/wp-json\/wp\/v2\/posts"}],"about":[{"href":"https:\/\/www.infokuryr.cz\/n\/wp-json\/wp\/v2\/types\/post"}],"author":[{"embeddable":true,"href":"https:\/\/www.infokuryr.cz\/n\/wp-json\/wp\/v2\/users\/2"}],"replies":[{"embeddable":true,"href":"https:\/\/www.infokuryr.cz\/n\/wp-json\/wp\/v2\/comments?post=40860"}],"version-history":[{"count":0,"href":"https:\/\/www.infokuryr.cz\/n\/wp-json\/wp\/v2\/posts\/40860\/revisions"}],"wp:featuredmedia":[{"embeddable":true,"href":"https:\/\/www.infokuryr.cz\/n\/wp-json\/wp\/v2\/media\/10100"}],"wp:attachment":[{"href":"https:\/\/www.infokuryr.cz\/n\/wp-json\/wp\/v2\/media?parent=40860"}],"wp:term":[{"taxonomy":"category","embeddable":true,"href":"https:\/\/www.infokuryr.cz\/n\/wp-json\/wp\/v2\/categories?post=40860"},{"taxonomy":"post_tag","embeddable":true,"href":"https:\/\/www.infokuryr.cz\/n\/wp-json\/wp\/v2\/tags?post=40860"}],"curies":[{"name":"wp","href":"https:\/\/api.w.org\/{rel}","templated":true}]}}