{"id":40857,"date":"2023-11-24T00:58:46","date_gmt":"2023-11-23T23:58:46","guid":{"rendered":"https:\/\/www.infokuryr.cz\/n\/?p=40857"},"modified":"2023-11-23T17:00:36","modified_gmt":"2023-11-23T16:00:36","slug":"pro-eurobolsevika-kolare-neplati-kdo-nema-odpracovana-leta-musi-stale-pracovat-rovni-a-rovnejsi","status":"publish","type":"post","link":"https:\/\/www.infokuryr.cz\/n\/2023\/11\/24\/pro-eurobolsevika-kolare-neplati-kdo-nema-odpracovana-leta-musi-stale-pracovat-rovni-a-rovnejsi\/","title":{"rendered":"Pro eurobol\u0161evika Kol\u00e1\u0159e neplat\u00ed: kdo nem\u00e1 odpracovan\u00e1 l\u00e9ta, mus\u00ed st\u00e1le pracovat? Rovn\u00ed a rovn\u011bj\u0161\u00ed?"},"content":{"rendered":"<div id=\"fb-root\"><\/div>\n<p><span style=\"font-size: 14pt;\"><strong>V roce 1989 byla \u00fadajn\u011b jejich revoluce. Kde se v\u00e1leli disidenti, \u017ee si nena\u0161et\u0159ili na d\u016fchody jako jin\u00ed pracuj\u00edc\u00ed? Za t\u0159icet let! Pr\u00fd p\u016fjde za k\u00e1mo\u0161em komunistou, b\u00fdval\u00fdm agentem P\u00e1vkem 107, aby to n\u011bjak op\u011bt za\u0159\u00eddil.\u00a0 A doj\u00edme a doj\u00edme&#8230;<\/strong><\/span><\/p>\n<p>&nbsp;<\/p>\n<div style=\"width: 640px;\" class=\"wp-video\"><!--[if lt IE 9]><script>document.createElement('video');<\/script><![endif]-->\n<video class=\"wp-video-shortcode\" id=\"video-40857-1\" width=\"640\" height=\"360\" preload=\"metadata\" controls=\"controls\"><source type=\"video\/mp4\" src=\"http:\/\/www.infokuryr.cz\/n\/wp-content\/uploads\/2023\/11\/1565.mp4?_=1\" \/><a href=\"http:\/\/www.infokuryr.cz\/n\/wp-content\/uploads\/2023\/11\/1565.mp4\">http:\/\/www.infokuryr.cz\/n\/wp-content\/uploads\/2023\/11\/1565.mp4<\/a><\/video><\/div>\n<p>&nbsp;<\/p>\n<p>P\u0159ed 40 lety zalo\u017eil Franti\u0161ek Janouch ve\u00a0<em>\u0160v\u00e9dsku<\/em>\u00a0Nadaci\u00a0<em>Charty<\/em>\u00a077. Pen\u00edze Janouch pos\u00edlal do \u010ceskoslovenska p\u0159es tuzexov\u00e9ho agenta. V\u00e1\u017en\u011b to v\u0161e propili a rozkradli, p\u00e1ni disidenti, \u0159\u00edzen\u00ed ze zahrani\u010d\u00ed? Tak\u017ee si sko\u010d\u00edm za k\u00e1mo\u0161em do vl\u00e1dy a ten mi zvedne d\u016fchod, z\u00e1kon nez\u00e1kon? A pro\u010d z\u00e1kon pro ty, co se v\u00e1leli po hospod\u00e1ch, hr\u00e1li na kytary, a \u0159\u00edkali tomu disent?<\/p>\n<p><img decoding=\"async\" class=\"aligncenter\" src=\"https:\/\/www.skrytapravda.cz\/images\/blogy\/2951\/2023\/11listopad\/soukup_9baea.webp\" alt=\"soukup 9baea\" \/><\/p>\n<p>&nbsp;<\/p>\n<p><span style=\"font-size: 18pt;\"><strong>A dr\u017ete si klobouky: pr\u00fd p\u0159i\u0161li o pen\u00edze na d\u016fchody v roce 1980 atd.. A jak\u00fd je z\u00e1kon?<\/strong><\/span><\/p>\n<div class=\"info_box cela_sirka jpalert\">\n<div class=\"explanationContent\">\u010cesk\u00e1 spr\u00e1va soci\u00e1ln\u00edho zabezpe\u010den\u00ed ur\u010d\u00ed podle va\u0161ich celo\u017eivotn\u00edch v\u00fdd\u011blk\u016f a odpracovan\u00fdch let. Zapo\u010d\u00edt\u00e1 v\u00e1m v\u0161echny pen\u00edze, kter\u00e9 jste vyd\u011blali (nyn\u00ed\u00a0<strong>od roku 1986<\/strong>) a\u00a0<strong>odv\u00e1d\u011bli z nich d\u016fchodov\u00e9 poji\u0161t\u011bn\u00ed.<\/strong> \u010c\u00edm vy\u0161\u0161\u00ed jsou va\u0161e v\u00fdd\u011blky a \u010d\u00edm v\u00edce odpracovan\u00fdch let m\u00e1te, t\u00edm vy\u0161\u0161\u00ed bude v\u00e1\u0161 d\u016fchod.<\/div>\n<\/div>\n<table>\n<tbody>\n<tr>\n<td>Soukup se vr\u00e1til do vlasti z mnohalet\u00e9 emigrace <strong>v roce 2019<\/strong>\u00a0a za\u017e\u00e1dal v \u010cesk\u00e9 republice o d\u016fchod. Vych\u00e1zet se p\u0159i tom m\u00e1 ze z\u00e1kona \u010d\u00edslo 262 o \u00fa\u010dastn\u00edc\u00edch t\u0159et\u00edho odboje, tito lid\u00e9 maj\u00ed z\u00edskat pr\u016fm\u011brn\u00fd d\u016fchod. Ov\u0161em, kdy\u017e Charliemu p\u0159i\u0161el v\u00fdm\u011br, bylo na n\u011bm pr\u00fd sm\u011b\u0161n\u00fdch 2700 korun.<\/td>\n<\/tr>\n<\/tbody>\n<\/table>\n<p>Pro\u010d si nepo\u017e\u00e1d\u00e1 o d\u016fchod z tak skv\u011bl\u00e9 zem\u011b, jako je Austr\u00e1lie, kde asi d\u0159el jako k\u016f\u0148? (I kdy\u017e on pr\u00fd o to ne\u017e\u00e1d\u00e1, ale prach\u016f se zacht\u011blo ostatn\u00edm)<\/p>\n<p><span style=\"font-size: 18pt;\"><strong>V\u00e1\u017en\u011b nen\u00ed pr\u00e1ce, kde by si i na zkr\u00e1cen\u00fd \u00favazek mohli p\u0159ivyd\u011blat?<\/strong><\/span><\/p>\n<p><span style=\"font-size: 18pt;\"><strong>P.S.<\/strong><\/span>\u00a0<em>Jak je to s t\u011bmi 100 000K\u010d, kdy na\u0161e pen\u00edze m\u011bly je\u0161t\u011b hodnotu a dal\u0161\u00edmi d\u00e1vkami, o kter\u00fdch se \u0161u\u0161k\u00e1? Nic proti vyrovn\u00e1n\u00ed, pokud n\u011bkdo byl zav\u0159en neopr\u00e1vn\u011bn\u011b, ale za 30 let v\u00e1len\u00ed od roku 1989? Nen\u00ed to tot\u00e1ln\u00ed drzost?<\/em><\/p>\n<p>&nbsp;<\/p>\n<p><a href=\"https:\/\/stranapro.cz\/\"><img decoding=\"async\" loading=\"lazy\" class=\"wp-image-40286 aligncenter\" src=\"http:\/\/www.infokuryr.cz\/n\/wp-content\/uploads\/2023\/11\/12pro-300x87.png\" alt=\"\" width=\"1283\" height=\"372\" srcset=\"https:\/\/www.infokuryr.cz\/n\/wp-content\/uploads\/2023\/11\/12pro-300x87.png 300w, https:\/\/www.infokuryr.cz\/n\/wp-content\/uploads\/2023\/11\/12pro.png 366w\" sizes=\"(max-width: 1283px) 100vw, 1283px\" \/><\/a><\/p>\n<p>&nbsp;<\/p>\n<p>&nbsp;<\/p>\n<p>&nbsp;<\/p>\n","protected":false},"excerpt":{"rendered":"<p>V roce 1989 byla \u00fadajn\u011b jejich revoluce. Kde se v\u00e1leli disidenti, \u017ee si nena\u0161et\u0159ili na&#8230;<\/p>\n","protected":false},"author":2,"featured_media":14999,"comment_status":"closed","ping_status":"closed","sticky":false,"template":"","format":"standard","meta":[],"categories":[6],"tags":[3671,1803,90],"_links":{"self":[{"href":"https:\/\/www.infokuryr.cz\/n\/wp-json\/wp\/v2\/posts\/40857"}],"collection":[{"href":"https:\/\/www.infokuryr.cz\/n\/wp-json\/wp\/v2\/posts"}],"about":[{"href":"https:\/\/www.infokuryr.cz\/n\/wp-json\/wp\/v2\/types\/post"}],"author":[{"embeddable":true,"href":"https:\/\/www.infokuryr.cz\/n\/wp-json\/wp\/v2\/users\/2"}],"replies":[{"embeddable":true,"href":"https:\/\/www.infokuryr.cz\/n\/wp-json\/wp\/v2\/comments?post=40857"}],"version-history":[{"count":1,"href":"https:\/\/www.infokuryr.cz\/n\/wp-json\/wp\/v2\/posts\/40857\/revisions"}],"predecessor-version":[{"id":40859,"href":"https:\/\/www.infokuryr.cz\/n\/wp-json\/wp\/v2\/posts\/40857\/revisions\/40859"}],"wp:featuredmedia":[{"embeddable":true,"href":"https:\/\/www.infokuryr.cz\/n\/wp-json\/wp\/v2\/media\/14999"}],"wp:attachment":[{"href":"https:\/\/www.infokuryr.cz\/n\/wp-json\/wp\/v2\/media?parent=40857"}],"wp:term":[{"taxonomy":"category","embeddable":true,"href":"https:\/\/www.infokuryr.cz\/n\/wp-json\/wp\/v2\/categories?post=40857"},{"taxonomy":"post_tag","embeddable":true,"href":"https:\/\/www.infokuryr.cz\/n\/wp-json\/wp\/v2\/tags?post=40857"}],"curies":[{"name":"wp","href":"https:\/\/api.w.org\/{rel}","templated":true}]}}