{"id":40852,"date":"2023-11-24T01:12:56","date_gmt":"2023-11-24T00:12:56","guid":{"rendered":"https:\/\/www.infokuryr.cz\/n\/?p=40852"},"modified":"2023-11-23T16:23:08","modified_gmt":"2023-11-23T15:23:08","slug":"drony-a-rakety-zasahly-dve-americke-okupacni-zakladny-v-iraku-a-dalsi-v-syrii","status":"publish","type":"post","link":"https:\/\/www.infokuryr.cz\/n\/2023\/11\/24\/drony-a-rakety-zasahly-dve-americke-okupacni-zakladny-v-iraku-a-dalsi-v-syrii\/","title":{"rendered":"Drony a rakety zas\u00e1hly dv\u011b americk\u00e9 okupa\u010dn\u00ed z\u00e1kladny v Ir\u00e1ku a dal\u0161\u00ed v S\u00fdrii"},"content":{"rendered":"<div id=\"fb-root\"><\/div>\n<p><strong><span>Isl\u00e1msk\u00fd odpor v Ir\u00e1ku (IRI), koalice ozbrojen\u00fdch frakc\u00ed podporovan\u00fdch \u00cdr\u00e1nem, provedla dal\u0161\u00ed vlnu \u00fatok\u016f proti okupa\u010dn\u00edm z\u00e1kladn\u00e1m Spojen\u00fdch st\u00e1t\u016f v zemi a sousedn\u00ed S\u00fdrii.<\/span><\/strong><\/p>\n<p><span>22. listopadu byly dva \u00fatoky, ka\u017ed\u00fd s jedn\u00edm sebevra\u017eedn\u00fdm dronem, zam\u011b\u0159eny na leteckou z\u00e1kladnu al-Harir v provincii Erbil v severoir\u00e1ck\u00e9 autonomn\u00ed oblasti Kurdist\u00e1n.<\/span><\/p>\n<p><span>T\u0159et\u00ed \u00fatok sebevra\u017eedn\u00fdm dronem zam\u00ed\u0159il 23. listopadu na americkou z\u00e1kladnu um\u00edst\u011bnou hned vedle mezin\u00e1rodn\u00edho leti\u0161t\u011b Erbil. Ve stejn\u00fd den byl raketov\u00fd \u00fatok zam\u011b\u0159en na plyn\u00e1renskou elektr\u00e1rnu Conoco ve v\u00fdchodosyrsk\u00e9 provincii Deir Ezzor, kde USA udr\u017euj\u00ed tzv.\u00a0 podp\u016frnou misi.<\/span><\/p>\n<p><span>IRI v samostatn\u00fdch prohl\u00e1\u0161en\u00edch uvedla, \u017ee \u00fatoky byly provedeny \u201ev reakci na zlo\u010diny sp\u00e1chan\u00e9 nep\u0159\u00edtelem [Izraelem] na lidech v Gaze\u201c.<\/span><\/p>\n<p><a href=\"https:\/\/stranapro.cz\/\"><img decoding=\"async\" loading=\"lazy\" class=\" wp-image-40285 aligncenter\" src=\"http:\/\/www.infokuryr.cz\/n\/wp-content\/uploads\/2023\/11\/11pro-300x79.png\" alt=\"\" width=\"554\" height=\"146\" srcset=\"https:\/\/www.infokuryr.cz\/n\/wp-content\/uploads\/2023\/11\/11pro-300x79.png 300w, https:\/\/www.infokuryr.cz\/n\/wp-content\/uploads\/2023\/11\/11pro.png 363w\" sizes=\"(max-width: 554px) 100vw, 554px\" \/><\/a><\/p>\n<p><span>K \u00fatok\u016fm do\u0161lo po s\u00e9rii americk\u00fdch \u00fader\u016f, kter\u00e9 zas\u00e1hly Ir\u00e1k 21. a 22. listopadu a zabily dev\u011bt bojovn\u00edk\u016f IRI, z nich\u017e v\u011bt\u0161ina byli \u00fadajn\u011b \u010dlenov\u00e9 Kata&#8217;ib Hizball\u00e1hu.\u00a0Pentagon uvedl, \u017ee \u00fatoky byly odvetou za ned\u00e1vn\u00e9 \u00fatoky na americk\u00e9 s\u00edly v Ir\u00e1ku a S\u00fdrii.<\/span><\/p>\n<p><span>Dal\u0161\u00ed americk\u00e9 \u00fadery ohl\u00e1sila Syrsk\u00e1 observato\u0159 pro lidsk\u00e1 pr\u00e1va 23. listopadu po posledn\u00ed vln\u011b \u00fatok\u016f.\u00a0Monitorovac\u00ed skupina se s\u00eddlem v Lond\u00fdn\u011b uvedla, \u017ee \u00fatoky byly zam\u011b\u0159eny na pozice sil podporovan\u00fdch \u00cdr\u00e1nem v Deir Ezzor.<\/span><\/p>\n<p><span>IRI vytvo\u0159ila speci\u00e1ln\u00ed opera\u010dn\u00ed m\u00edstnost na podporu palestinsk\u00fdch ozbrojen\u00fdch frakc\u00ed v Gaze a po masakru v arabsk\u00e9 nemocnici Al-Ahli ze 17. \u0159\u00edjna zah\u00e1jila \u00fatoky proti americk\u00fdm sil\u00e1m v Ir\u00e1ku a sousedn\u00ed S\u00fdrii.\u00a0Od t\u00e9 doby bylo c\u00edlem americk\u00fdch sil v Ir\u00e1ku a S\u00fdrii asi 70 \u00fatok\u016f.<\/span><\/p>\n<p><span>Odvetn\u00e9 \u00fatoky USA a jejich nep\u0159etr\u017eit\u00e1 podpora izraelsk\u00e9 v\u00e1lce v Gaze pravd\u011bpodobn\u011b povedou k dal\u0161\u00ed eskalaci proti jejich sil\u00e1m v Ir\u00e1ku a S\u00fdrii.\u00a0IRI ji\u017e za\u010dala pou\u017e\u00edvat t\u011b\u017ek\u00e9 a p\u0159esn\u011b nav\u00e1d\u011bn\u00e9 zbran\u011b, jako jsou balistick\u00e9 st\u0159ely kr\u00e1tk\u00e9ho doletu.<\/span><\/p>\n<p><img decoding=\"async\" loading=\"lazy\" class=\"alignnone size-full wp-image-1185\" src=\"http:\/\/www.infokuryr.cz\/n\/wp-content\/uploads\/2021\/04\/kuryr-podpis.png\" alt=\"\" width=\"84\" height=\"24\" \/><\/p>\n<p>&nbsp;<\/p>\n<p>&nbsp;<\/p>\n","protected":false},"excerpt":{"rendered":"<p>Isl\u00e1msk\u00fd odpor v Ir\u00e1ku (IRI), koalice ozbrojen\u00fdch frakc\u00ed podporovan\u00fdch \u00cdr\u00e1nem, provedla dal\u0161\u00ed vlnu \u00fatok\u016f proti&#8230;<\/p>\n","protected":false},"author":2,"featured_media":36640,"comment_status":"closed","ping_status":"closed","sticky":false,"template":"","format":"standard","meta":[],"categories":[7],"tags":[2856,267,349,147,37,1863,1210],"_links":{"self":[{"href":"https:\/\/www.infokuryr.cz\/n\/wp-json\/wp\/v2\/posts\/40852"}],"collection":[{"href":"https:\/\/www.infokuryr.cz\/n\/wp-json\/wp\/v2\/posts"}],"about":[{"href":"https:\/\/www.infokuryr.cz\/n\/wp-json\/wp\/v2\/types\/post"}],"author":[{"embeddable":true,"href":"https:\/\/www.infokuryr.cz\/n\/wp-json\/wp\/v2\/users\/2"}],"replies":[{"embeddable":true,"href":"https:\/\/www.infokuryr.cz\/n\/wp-json\/wp\/v2\/comments?post=40852"}],"version-history":[{"count":0,"href":"https:\/\/www.infokuryr.cz\/n\/wp-json\/wp\/v2\/posts\/40852\/revisions"}],"wp:featuredmedia":[{"embeddable":true,"href":"https:\/\/www.infokuryr.cz\/n\/wp-json\/wp\/v2\/media\/36640"}],"wp:attachment":[{"href":"https:\/\/www.infokuryr.cz\/n\/wp-json\/wp\/v2\/media?parent=40852"}],"wp:term":[{"taxonomy":"category","embeddable":true,"href":"https:\/\/www.infokuryr.cz\/n\/wp-json\/wp\/v2\/categories?post=40852"},{"taxonomy":"post_tag","embeddable":true,"href":"https:\/\/www.infokuryr.cz\/n\/wp-json\/wp\/v2\/tags?post=40852"}],"curies":[{"name":"wp","href":"https:\/\/api.w.org\/{rel}","templated":true}]}}