{"id":4085,"date":"2021-08-15T04:36:21","date_gmt":"2021-08-15T02:36:21","guid":{"rendered":"http:\/\/www.infokuryr.cz\/n\/?p=4085"},"modified":"2021-08-15T04:36:21","modified_gmt":"2021-08-15T02:36:21","slug":"v-polsku-zapalil-odpurce-korona-ockovani-ockovaci-stanici-vlastenecka-vlada-je-to-vakcinacni-terorismus","status":"publish","type":"post","link":"https:\/\/www.infokuryr.cz\/n\/2021\/08\/15\/v-polsku-zapalil-odpurce-korona-ockovani-ockovaci-stanici-vlastenecka-vlada-je-to-vakcinacni-terorismus\/","title":{"rendered":"V Polsku zap\u00e1lil odp\u016frce korona o\u010dkov\u00e1n\u00ed o\u010dkovac\u00ed stanici. \u201cVlasteneck\u00e1\u201d vl\u00e1da, \u201d je to vakcina\u010dn\u00ed terorismus\u201d"},"content":{"rendered":"<div id=\"fb-root\"><\/div>\n<p><strong>V polsk\u00e9 Zamo\u0161\u010di zap\u00e1lil b\u011bhem noci odp\u016frce experiment\u00e1ln\u00edch koronavakc\u00edn o\u010dkovac\u00ed centrum. Nezn\u00e1m\u00fd\u00a0<\/strong>mu\u017e p\u0159ijel k o\u010dkovac\u00ed bu\u0148ce\u00a0<strong>na kole, vyrazil okno, nalil dovnit\u0159 ho\u0159lavinu a zap\u00e1lil a pak v klidu zase odjel<\/strong>\u00a0(video\u00a0<a href=\"https:\/\/rmx.news\/article\/attacks-on-vaccination-points-are-acts-of-anti-vaccination-terror-declares-polish-health-minister\/\">v \u010dl\u00e1nku zde<\/a>).<\/p>\n<p>Podle polsk\u00e9 vl\u00e1dy se jedn\u00e1 o \u201cantivancina\u010dn\u00edho \u201d terorismu a policie po n\u011bm p\u00e1tr\u00e1. Polsk\u00e1 vl\u00e1da bojuje s rozs\u00e1hl\u00fdm odm\u00edt\u00e1n\u00edm o\u010dkov\u00e1n\u00ed proti koronaviru neprov\u011b\u0159en\u00fdmi experiment\u00e1ln\u00edmi vakc\u00ednami. Ned\u00e1vno skupina odm\u00edta\u010d\u016f vakc\u00edn ve m\u011bst\u011b Grodzisk Mazowiecki za\u00fato\u010dila na o\u010dkovac\u00ed centrum, zem\u00ed zm\u00edtaj\u00ed masov\u00e9 protesty. \u00a0Proto chyst\u00e1 omezen\u00ed svobody neo\u010dkovan\u00fdch a dal\u0161\u00ed restrikce, kter\u00e9 je maj\u00ed donutit k o\u010dkov\u00e1n\u00ed, p\u0159\u00edpadn\u011b zlikvidovat existen\u010dn\u011b. P\u0159edseda vl\u00e1dn\u00ed strany\u00a0<strong>PiS Kaczynski dokonce ji\u017e ve\u0159ejn\u011b o segregaci a izolaci neo\u010dkovan\u00fdch mluv\u00ed. Jen hlup\u00e1k nech\u00e1pe, \u017ee a\u017e dojde k likvidaci jeho n\u00e1roda, tak nebude ji\u017e pot\u0159eba ani on a bude tak\u00e9 zlikvidov\u00e1n.<\/strong><\/p>\n<p>Tohle jsou ti pol\u0161t\u00ed \u201cvlastenci\u201d. K<strong>dy\u017e dojde ke skute\u010dn\u00e9mu pokusu o likvidaci jejich gojsk\u00e9ho polsk\u00e9ho n\u00e1roda, tak jim je jejich vlastn\u00ed p\u0159e\u017eit\u00ed milej\u0161\u00ed, ne\u017e p\u0159e\u017eit\u00ed n\u00e1roda. \u010ce\u0161i a Slov\u00e1ci, m\u011bjte se na pozoru p\u0159ed podobn\u00fdmi mesi\u00e1\u0161i, k<\/strong>te\u0159\u00ed lav\u00edruj\u00ed v ot\u00e1zce mo\u017en\u00e9 genocidy vlastn\u00edho n\u00e1roda.<\/p>\n<p><a href=\"https:\/\/ceskavec.com\/2021\/08\/v-polsku-zapalil-odpurce-korona-ockovani-ockovaci-stanici-vlastenecka-vlada-je-to-vakcinacni-terorismus\">Grzegorz<\/a><\/p>\n<p>&nbsp;<\/p>\n","protected":false},"excerpt":{"rendered":"<p>V polsk\u00e9 Zamo\u0161\u010di zap\u00e1lil b\u011bhem noci odp\u016frce experiment\u00e1ln\u00edch koronavakc\u00edn o\u010dkovac\u00ed centrum. Nezn\u00e1m\u00fd\u00a0mu\u017e p\u0159ijel k o\u010dkovac\u00ed&#8230;<\/p>\n","protected":false},"author":2,"featured_media":4086,"comment_status":"closed","ping_status":"closed","sticky":false,"template":"","format":"standard","meta":[],"categories":[7],"tags":[31,36,651],"_links":{"self":[{"href":"https:\/\/www.infokuryr.cz\/n\/wp-json\/wp\/v2\/posts\/4085"}],"collection":[{"href":"https:\/\/www.infokuryr.cz\/n\/wp-json\/wp\/v2\/posts"}],"about":[{"href":"https:\/\/www.infokuryr.cz\/n\/wp-json\/wp\/v2\/types\/post"}],"author":[{"embeddable":true,"href":"https:\/\/www.infokuryr.cz\/n\/wp-json\/wp\/v2\/users\/2"}],"replies":[{"embeddable":true,"href":"https:\/\/www.infokuryr.cz\/n\/wp-json\/wp\/v2\/comments?post=4085"}],"version-history":[{"count":0,"href":"https:\/\/www.infokuryr.cz\/n\/wp-json\/wp\/v2\/posts\/4085\/revisions"}],"wp:featuredmedia":[{"embeddable":true,"href":"https:\/\/www.infokuryr.cz\/n\/wp-json\/wp\/v2\/media\/4086"}],"wp:attachment":[{"href":"https:\/\/www.infokuryr.cz\/n\/wp-json\/wp\/v2\/media?parent=4085"}],"wp:term":[{"taxonomy":"category","embeddable":true,"href":"https:\/\/www.infokuryr.cz\/n\/wp-json\/wp\/v2\/categories?post=4085"},{"taxonomy":"post_tag","embeddable":true,"href":"https:\/\/www.infokuryr.cz\/n\/wp-json\/wp\/v2\/tags?post=4085"}],"curies":[{"name":"wp","href":"https:\/\/api.w.org\/{rel}","templated":true}]}}