{"id":40833,"date":"2023-11-24T00:58:05","date_gmt":"2023-11-23T23:58:05","guid":{"rendered":"https:\/\/www.infokuryr.cz\/n\/?p=40833"},"modified":"2023-11-24T04:22:07","modified_gmt":"2023-11-24T03:22:07","slug":"chce-deislamizovat-nizozemsko-drtive-vitezstvi-pvv-geerta-wilderse","status":"publish","type":"post","link":"https:\/\/www.infokuryr.cz\/n\/2023\/11\/24\/chce-deislamizovat-nizozemsko-drtive-vitezstvi-pvv-geerta-wilderse\/","title":{"rendered":"Chce deislamizovat Nizozemsko: drtiv\u00e9 v\u00edt\u011bzstv\u00ed PVV Geerta Wilderse"},"content":{"rendered":"<div id=\"fb-root\"><\/div>\n<p><strong>Geert Wilders, kter\u00fd chce prosazovat \u201edeislamizaci\u201c Nizozemska, dos\u00e1hl podle prvn\u00edch povolebn\u00edch pr\u016fzkum\u016f obrovsk\u00e9ho v\u00edt\u011bzstv\u00ed.\u00a0Jeho strana pravd\u011bpodobn\u011b dos\u00e1hne drtiv\u00e9ho v\u00edt\u011bzstv\u00ed a nyn\u00ed se stane nejsiln\u011bj\u0161\u00ed silou v parlamentu.<\/strong><\/p>\n<p>Pro levicov\u011b-liber\u00e1ln\u00ed mainstream jsou Geert Wilders a jeho Strana pro svobodu (PVV) \u201epravicov\u00fd populista\u201c nebo dokonce \u201epravicov\u00fd extremista\u201c.\u00a0Zjevn\u011b ale st\u00e1le v\u00edce lid\u00ed v Nizozemsku vid\u00ed PVV jako vhodnou volbu, jak situaci zvr\u00e1tit a zabr\u00e1nit islamizaci zem\u011b.\u00a0S pravd\u011bpodobn\u011b 35 ze 150 k\u0159esel v nizozemsk\u00e9m parlamentu, Wilderova strana nyn\u00ed pravd\u011bpodobn\u011b v\u00edce ne\u017e zdvojn\u00e1sob\u00ed po\u010det poslanc\u016f a stane se nejsiln\u011bj\u0161\u00ed politickou silou.<\/p>\n<figure class=\"wp-block-embed is-type-rich is-provider-twitter wp-block-embed-twitter\">\n<div class=\"wp-block-embed__wrapper\">\n<div class=\"twitter-tweet twitter-tweet-rendered\"><iframe id=\"twitter-widget-0\" class=\"\" title=\"Twitter Tweet\" src=\"https:\/\/platform.twitter.com\/embed\/Tweet.html?dnt=true&amp;embedId=twitter-widget-0&amp;features=eyJ0ZndfdGltZWxpbmVfbGlzdCI6eyJidWNrZXQiOltdLCJ2ZXJzaW9uIjpudWxsfSwidGZ3X2ZvbGxvd2VyX2NvdW50X3N1bnNldCI6eyJidWNrZXQiOnRydWUsInZlcnNpb24iOm51bGx9LCJ0ZndfdHdlZXRfZWRpdF9iYWNrZW5kIjp7ImJ1Y2tldCI6Im9uIiwidmVyc2lvbiI6bnVsbH0sInRmd19yZWZzcmNfc2Vzc2lvbiI6eyJidWNrZXQiOiJvbiIsInZlcnNpb24iOm51bGx9LCJ0ZndfZm9zbnJfc29mdF9pbnRlcnZlbnRpb25zX2VuYWJsZWQiOnsiYnVja2V0Ijoib24iLCJ2ZXJzaW9uIjpudWxsfSwidGZ3X21peGVkX21lZGlhXzE1ODk3Ijp7ImJ1Y2tldCI6InRyZWF0bWVudCIsInZlcnNpb24iOm51bGx9LCJ0ZndfZXhwZXJpbWVudHNfY29va2llX2V4cGlyYXRpb24iOnsiYnVja2V0IjoxMjA5NjAwLCJ2ZXJzaW9uIjpudWxsfSwidGZ3X3Nob3dfYmlyZHdhdGNoX3Bpdm90c19lbmFibGVkIjp7ImJ1Y2tldCI6Im9uIiwidmVyc2lvbiI6bnVsbH0sInRmd19kdXBsaWNhdGVfc2NyaWJlc190b19zZXR0aW5ncyI6eyJidWNrZXQiOiJvbiIsInZlcnNpb24iOm51bGx9LCJ0ZndfdXNlX3Byb2ZpbGVfaW1hZ2Vfc2hhcGVfZW5hYmxlZCI6eyJidWNrZXQiOiJvbiIsInZlcnNpb24iOm51bGx9LCJ0ZndfdmlkZW9faGxzX2R5bmFtaWNfbWFuaWZlc3RzXzE1MDgyIjp7ImJ1Y2tldCI6InRydWVfYml0cmF0ZSIsInZlcnNpb24iOm51bGx9LCJ0ZndfbGVnYWN5X3RpbWVsaW5lX3N1bnNldCI6eyJidWNrZXQiOnRydWUsInZlcnNpb24iOm51bGx9LCJ0ZndfdHdlZXRfZWRpdF9mcm9udGVuZCI6eyJidWNrZXQiOiJvbiIsInZlcnNpb24iOm51bGx9fQ%3D%3D&amp;frame=false&amp;hideCard=false&amp;hideThread=false&amp;id=1727484378270355599&amp;lang=cs&amp;origin=https%3A%2F%2Freport24.news%2Fer-will-die-niederlande-entislamisieren-erdrutschsieg-fuer-geert-wilders-pvv%2F&amp;sessionId=b150101967022745331aa9e3cd61f06790767605&amp;theme=light&amp;widgetsVersion=01917f4d1d4cb%3A1696883169554&amp;width=550px\" frameborder=\"0\" scrolling=\"no\" allowfullscreen=\"allowfullscreen\" data-tweet-id=\"1727484378270355599\" data-mce-fragment=\"1\"><\/iframe><\/div>\n<\/div>\n<\/figure>\n<p>\u0160edes\u00e1tilet\u00fd mu\u017e, kter\u00fd je \u010dasto ozna\u010dov\u00e1n jako \u201eNizozemec Donald Trump\u201c, by nyn\u00ed mohl pod jeho veden\u00edm sestavit novou st\u0159edopravou vl\u00e1du.\u00a0Nab\u00edz\u00ed se pouze ot\u00e1zka, zda Wilders najde dostatek koali\u010dn\u00edch partner\u016f.\u00a0Zelen\u00ed socialist\u00e9 Franse Timmermanse dostanou pravd\u011bpodobn\u011b 25 k\u0159esel a centristick\u00e1 VVD 24. Pro farm\u00e1\u0159skou stranu BBB, kter\u00e1 je kritick\u00e1 k agend\u011b WEF a kter\u00e1 vyvolala rozruch ji\u017e v krajsk\u00fdch volb\u00e1ch, bude pravd\u011bpodobn\u011b 6 k\u0159esel.<\/p>\n<figure class=\"wp-block-embed is-type-rich is-provider-twitter wp-block-embed-twitter\">\n<div class=\"wp-block-embed__wrapper\">\n<div class=\"twitter-tweet twitter-tweet-rendered\"><iframe id=\"twitter-widget-1\" class=\"\" title=\"Twitter Tweet\" src=\"https:\/\/platform.twitter.com\/embed\/Tweet.html?dnt=true&amp;embedId=twitter-widget-1&amp;features=eyJ0ZndfdGltZWxpbmVfbGlzdCI6eyJidWNrZXQiOltdLCJ2ZXJzaW9uIjpudWxsfSwidGZ3X2ZvbGxvd2VyX2NvdW50X3N1bnNldCI6eyJidWNrZXQiOnRydWUsInZlcnNpb24iOm51bGx9LCJ0ZndfdHdlZXRfZWRpdF9iYWNrZW5kIjp7ImJ1Y2tldCI6Im9uIiwidmVyc2lvbiI6bnVsbH0sInRmd19yZWZzcmNfc2Vzc2lvbiI6eyJidWNrZXQiOiJvbiIsInZlcnNpb24iOm51bGx9LCJ0ZndfZm9zbnJfc29mdF9pbnRlcnZlbnRpb25zX2VuYWJsZWQiOnsiYnVja2V0Ijoib24iLCJ2ZXJzaW9uIjpudWxsfSwidGZ3X21peGVkX21lZGlhXzE1ODk3Ijp7ImJ1Y2tldCI6InRyZWF0bWVudCIsInZlcnNpb24iOm51bGx9LCJ0ZndfZXhwZXJpbWVudHNfY29va2llX2V4cGlyYXRpb24iOnsiYnVja2V0IjoxMjA5NjAwLCJ2ZXJzaW9uIjpudWxsfSwidGZ3X3Nob3dfYmlyZHdhdGNoX3Bpdm90c19lbmFibGVkIjp7ImJ1Y2tldCI6Im9uIiwidmVyc2lvbiI6bnVsbH0sInRmd19kdXBsaWNhdGVfc2NyaWJlc190b19zZXR0aW5ncyI6eyJidWNrZXQiOiJvbiIsInZlcnNpb24iOm51bGx9LCJ0ZndfdXNlX3Byb2ZpbGVfaW1hZ2Vfc2hhcGVfZW5hYmxlZCI6eyJidWNrZXQiOiJvbiIsInZlcnNpb24iOm51bGx9LCJ0ZndfdmlkZW9faGxzX2R5bmFtaWNfbWFuaWZlc3RzXzE1MDgyIjp7ImJ1Y2tldCI6InRydWVfYml0cmF0ZSIsInZlcnNpb24iOm51bGx9LCJ0ZndfbGVnYWN5X3RpbWVsaW5lX3N1bnNldCI6eyJidWNrZXQiOnRydWUsInZlcnNpb24iOm51bGx9LCJ0ZndfdHdlZXRfZWRpdF9mcm9udGVuZCI6eyJidWNrZXQiOiJvbiIsInZlcnNpb24iOm51bGx9fQ%3D%3D&amp;frame=false&amp;hideCard=false&amp;hideThread=false&amp;id=1727477782026867017&amp;lang=cs&amp;origin=https%3A%2F%2Freport24.news%2Fer-will-die-niederlande-entislamisieren-erdrutschsieg-fuer-geert-wilders-pvv%2F&amp;sessionId=b150101967022745331aa9e3cd61f06790767605&amp;theme=light&amp;widgetsVersion=01917f4d1d4cb%3A1696883169554&amp;width=550px\" frameborder=\"0\" scrolling=\"no\" allowfullscreen=\"allowfullscreen\" data-tweet-id=\"1727477782026867017\" data-mce-fragment=\"1\"><\/iframe><\/div>\n<\/div>\n<\/figure>\n<p>Ale nizozemsk\u00e9 stranick\u00e9 prost\u0159ed\u00ed je velmi rozt\u0159\u00ed\u0161t\u011bn\u00e9, co\u017e Wildersovi zt\u011b\u017euje sestaven\u00ed vl\u00e1dy. Zb\u00fdv\u00e1 tedy \u010dekat, jak\u00e9 budou kone\u010dn\u00e1 povolebn\u00ed jedn\u00e1n\u00ed a kter\u00e9 strany maj\u00ed z\u00e1jem s PVV spolupracovat.<\/p>\n<p><img decoding=\"async\" loading=\"lazy\" class=\"alignnone size-full wp-image-1185\" src=\"http:\/\/www.infokuryr.cz\/n\/wp-content\/uploads\/2021\/04\/kuryr-podpis.png\" alt=\"\" width=\"84\" height=\"24\" \/><\/p>\n<p>&nbsp;<\/p>\n<p><a href=\"https:\/\/stranapro.cz\/\"><img decoding=\"async\" loading=\"lazy\" class=\"wp-image-40286 aligncenter\" src=\"http:\/\/www.infokuryr.cz\/n\/wp-content\/uploads\/2023\/11\/12pro-300x87.png\" alt=\"\" width=\"1124\" height=\"326\" srcset=\"https:\/\/www.infokuryr.cz\/n\/wp-content\/uploads\/2023\/11\/12pro-300x87.png 300w, https:\/\/www.infokuryr.cz\/n\/wp-content\/uploads\/2023\/11\/12pro.png 366w\" sizes=\"(max-width: 1124px) 100vw, 1124px\" \/><\/a><\/p>\n<p>&nbsp;<\/p>\n<p>&nbsp;<\/p>\n<p>&nbsp;<\/p>\n","protected":false},"excerpt":{"rendered":"<p>Geert Wilders, kter\u00fd chce prosazovat \u201edeislamizaci\u201c Nizozemska, dos\u00e1hl podle prvn\u00edch povolebn\u00edch pr\u016fzkum\u016f obrovsk\u00e9ho v\u00edt\u011bzstv\u00ed.\u00a0Jeho strana&#8230;<\/p>\n","protected":false},"author":2,"featured_media":40834,"comment_status":"closed","ping_status":"closed","sticky":false,"template":"","format":"standard","meta":[],"categories":[7],"tags":[6328,91,27],"_links":{"self":[{"href":"https:\/\/www.infokuryr.cz\/n\/wp-json\/wp\/v2\/posts\/40833"}],"collection":[{"href":"https:\/\/www.infokuryr.cz\/n\/wp-json\/wp\/v2\/posts"}],"about":[{"href":"https:\/\/www.infokuryr.cz\/n\/wp-json\/wp\/v2\/types\/post"}],"author":[{"embeddable":true,"href":"https:\/\/www.infokuryr.cz\/n\/wp-json\/wp\/v2\/users\/2"}],"replies":[{"embeddable":true,"href":"https:\/\/www.infokuryr.cz\/n\/wp-json\/wp\/v2\/comments?post=40833"}],"version-history":[{"count":1,"href":"https:\/\/www.infokuryr.cz\/n\/wp-json\/wp\/v2\/posts\/40833\/revisions"}],"predecessor-version":[{"id":40835,"href":"https:\/\/www.infokuryr.cz\/n\/wp-json\/wp\/v2\/posts\/40833\/revisions\/40835"}],"wp:featuredmedia":[{"embeddable":true,"href":"https:\/\/www.infokuryr.cz\/n\/wp-json\/wp\/v2\/media\/40834"}],"wp:attachment":[{"href":"https:\/\/www.infokuryr.cz\/n\/wp-json\/wp\/v2\/media?parent=40833"}],"wp:term":[{"taxonomy":"category","embeddable":true,"href":"https:\/\/www.infokuryr.cz\/n\/wp-json\/wp\/v2\/categories?post=40833"},{"taxonomy":"post_tag","embeddable":true,"href":"https:\/\/www.infokuryr.cz\/n\/wp-json\/wp\/v2\/tags?post=40833"}],"curies":[{"name":"wp","href":"https:\/\/api.w.org\/{rel}","templated":true}]}}