{"id":4082,"date":"2021-08-15T04:24:39","date_gmt":"2021-08-15T02:24:39","guid":{"rendered":"http:\/\/www.infokuryr.cz\/n\/?p=4082"},"modified":"2021-08-15T04:24:39","modified_gmt":"2021-08-15T02:24:39","slug":"jsi-nase-vec-a-sam-a-dobrovolne-jsi-si-to-vybral","status":"publish","type":"post","link":"https:\/\/www.infokuryr.cz\/n\/2021\/08\/15\/jsi-nase-vec-a-sam-a-dobrovolne-jsi-si-to-vybral\/","title":{"rendered":"Jsi na\u0161e v\u011bc a s\u00e1m a dobrovoln\u011b jsi si to vybral!!!"},"content":{"rendered":"<div id=\"fb-root\"><\/div>\n<p>Paradoxn\u011b, zrovna v\u010dera jsem se o tomto t\u00e9matu bavil s kamar\u00e1dkou, kter\u00e1 \u017eije v USA. Sama si to rozhodnut\u00ed Nejvy\u0161\u0161\u00edho soudu v USA z roku 2013 pro\u010detla. \u0158\u00edkala mi, \u017ee je tam, uvedeno, \u017ee geneticky modifikovan\u00e9 organismy, rostliny, ale i lid\u00e9 ( v roce 2013 u\u017e Nejvy\u0161\u0161\u00ed soud USA hovo\u0159\u00ed ve sv\u00e9m usnesen\u00ed o geneticky modifikovan\u00fdch lidech!!) se st\u00e1vaj\u00ed v\u011bc\u00ed, kter\u00e1 je majetkem USA. Ale napadlo mne to vlastn\u011b u\u017e mnohem d\u0159\u00edve, kdy\u017e jsem si vzpomn\u011bl t\u0159eba na geneticky modifikovanou kuku\u0159ici od Monsanta &#8211; to ji\u017e nen\u00ed kuku\u0159ice jako p\u0159irozen\u00e1 plodina pro v\u0161echny, ale vlastnictv\u00ed spole\u010dnosti Monsanto a za ka\u017ed\u00e9 semeno k v\u00fdsadb\u011b tak\u00e9 Monsantu mus\u00edte zaplatit.<\/p>\n<p>Napadlo mne tehdy kdysi, kdy\u017e to jde u rostlin, pro\u010d by to nezkusili i u lid\u00ed?! Pochopiteln\u011b, chlubit se t\u00edm te\u010f hned nebudou &#8211; nejprve je nutn\u00e9 zao\u010dkovat co nejv\u00edce pozemsk\u00e9 populace a a\u017e pak to z nich vypadne&#8230;<\/p>\n<p>A tady k t\u00e9matu a k tomu, o \u010dem jsem kdysi p\u0159em\u00fd\u0161lel, z aktu\u00e1ln\u00edch FB str\u00e1nek USA 2019:<\/p>\n<p><strong>Srdcem pro Vlast &#8211; \u017eiv\u011b<\/strong><\/p>\n<p>V USA Nejvy\u0161\u0161\u00ed soud rozhodl, \u017ee o\u010dkovan\u00ed lid\u00e9 na cel\u00e9m sv\u011bt\u011b jsou v\u00fdrobky, patentovan\u00e9 zbo\u017e\u00ed, podle pr\u00e1va USA u\u017e ne lid\u00e9. Prost\u0159ednictv\u00edm modifikovan\u00e9 DNA nebo RNA vakcinace, mRNA vakcinace, osoba p\u0159est\u00e1v\u00e1 b\u00fdt \u010dlov\u011bkem a st\u00e1v\u00e1 se VLASTN\u00cdKEM dr\u017eitele modifikovan\u00e9ho GEN o\u010dkovac\u00edho patentu, proto\u017ee m\u00e1 sv\u016fj vlastn\u00ed genom a ji\u017e nen\u00ed \u201e\u010dlov\u011bk\u201c (bez p\u0159\u00edrodn\u00edch lid\u00ed) \u201etrans-human\u201c, tedy kategorie, kter\u00e1 v lidsk\u00fdch pr\u00e1vech neexistuje. Ztr\u00e1c\u00ed se kvalita fyzick\u00e9 osoby a ve\u0161ker\u00e1 souvisej\u00edc\u00ed pr\u00e1va. To plat\u00ed po cel\u00e9m sv\u011bt\u011b a patenty podl\u00e9haj\u00ed pr\u00e1vu USA. Od roku 2013 jsou v\u0161ichni lid\u00e9 o\u010dkovan\u00ed GM-modifikovan\u00fdmi mRNA leg\u00e1ln\u011b trans-lid\u0161t\u00ed a leg\u00e1ln\u011b identifikovan\u00ed jako trans-lid\u00e9 a nemaj\u00ed \u017e\u00e1dn\u00e1 lidsk\u00e1 ani jin\u00e1 pr\u00e1va st\u00e1tu, a to plat\u00ed celosv\u011btov\u011b, proto\u017ee patenty na technologie GEN-POINT jsou pod jurisdikc\u00ed a z\u00e1kony USA, kde byly registrov\u00e1ny. ZDROJ rozhodnut\u00ed US SUPREME COURT PDF<\/p>\n<p><strong>Zden\u011bk B\u00e1lek<\/strong><\/p>\n<p><a href=\"https:\/\/www.supremecourt.gov\/opinions\/12pdf\/12-398_1b7d.pdf\">ZDE<\/a><\/p>\n<p><a href=\"https:\/\/operationdisclosureofficial.com\/...\/restored...\/\">ZDROJ<\/a><\/p>\n<p>&nbsp;<\/p>\n","protected":false},"excerpt":{"rendered":"<p>Paradoxn\u011b, zrovna v\u010dera jsem se o tomto t\u00e9matu bavil s kamar\u00e1dkou, kter\u00e1 \u017eije v USA&#8230;.<\/p>\n","protected":false},"author":2,"featured_media":3605,"comment_status":"closed","ping_status":"closed","sticky":false,"template":"","format":"standard","meta":[],"categories":[7],"tags":[940,37],"_links":{"self":[{"href":"https:\/\/www.infokuryr.cz\/n\/wp-json\/wp\/v2\/posts\/4082"}],"collection":[{"href":"https:\/\/www.infokuryr.cz\/n\/wp-json\/wp\/v2\/posts"}],"about":[{"href":"https:\/\/www.infokuryr.cz\/n\/wp-json\/wp\/v2\/types\/post"}],"author":[{"embeddable":true,"href":"https:\/\/www.infokuryr.cz\/n\/wp-json\/wp\/v2\/users\/2"}],"replies":[{"embeddable":true,"href":"https:\/\/www.infokuryr.cz\/n\/wp-json\/wp\/v2\/comments?post=4082"}],"version-history":[{"count":0,"href":"https:\/\/www.infokuryr.cz\/n\/wp-json\/wp\/v2\/posts\/4082\/revisions"}],"wp:featuredmedia":[{"embeddable":true,"href":"https:\/\/www.infokuryr.cz\/n\/wp-json\/wp\/v2\/media\/3605"}],"wp:attachment":[{"href":"https:\/\/www.infokuryr.cz\/n\/wp-json\/wp\/v2\/media?parent=4082"}],"wp:term":[{"taxonomy":"category","embeddable":true,"href":"https:\/\/www.infokuryr.cz\/n\/wp-json\/wp\/v2\/categories?post=4082"},{"taxonomy":"post_tag","embeddable":true,"href":"https:\/\/www.infokuryr.cz\/n\/wp-json\/wp\/v2\/tags?post=4082"}],"curies":[{"name":"wp","href":"https:\/\/api.w.org\/{rel}","templated":true}]}}