{"id":40816,"date":"2023-11-23T07:47:24","date_gmt":"2023-11-23T06:47:24","guid":{"rendered":"https:\/\/www.infokuryr.cz\/n\/?p=40816"},"modified":"2023-11-23T07:47:24","modified_gmt":"2023-11-23T06:47:24","slug":"zasedani-opec-v-ohrozeni-saudska-arabie-ma-sve-zajmy","status":"publish","type":"post","link":"https:\/\/www.infokuryr.cz\/n\/2023\/11\/23\/zasedani-opec-v-ohrozeni-saudska-arabie-ma-sve-zajmy\/","title":{"rendered":"Zased\u00e1n\u00ed OPEC+ v ohro\u017een\u00ed: Sa\u00fadsk\u00e1 Ar\u00e1bie m\u00e1 sv\u00e9 z\u00e1jmy"},"content":{"rendered":"<div id=\"fb-root\"><\/div>\n<p class=\"lead\"><strong>Zd\u00e1 se, \u017ee sch\u016fzka OPEC+ napl\u00e1novan\u00e1 na tento v\u00edkend nar\u00e1\u017e\u00ed na pot\u00ed\u017ee, proto\u017ee Sa\u00fadsk\u00e1 Ar\u00e1bie vyj\u00e1d\u0159ila nespokojenost s ostatn\u00edmi \u010dleny organizace ohledn\u011b \u00farovn\u011b produkce ropy.\u00a0Informuje o tom agentura Bloomberg.<\/strong><\/p>\n<p><span>Podle zpr\u00e1v m\u016f\u017ee b\u00fdt konference OPEC+ odlo\u017eena na neur\u010dito, uvedli deleg\u00e1ti.\u00a0Sa\u00fadsk\u00e1 Ar\u00e1bie, kter\u00e1 od \u010dervence omezuje produkci ropy o dal\u0161\u00ed 1 milion barel\u016f denn\u011b, vede s ostatn\u00edmi \u010dleny slo\u017eit\u00e9 rozhovory o \u00farovni produkce, uvedli deleg\u00e1ti.<\/span><\/p>\n<p><span>Sa\u00fadsk\u00e1 Ar\u00e1bie pravd\u011bpodobn\u011b chce vy\u0161\u0161\u00ed ceny a bude tla\u010dit na ostatn\u00ed \u010dleny OPEC+, aby se p\u0159ipojili k jej\u00edmu ned\u00e1vn\u00e9mu sn\u00ed\u017een\u00ed produkce.<\/span><\/p>\n<p><span>Kone\u010dn\u00e9 rozhodnut\u00ed nepadlo a d\u00e9lka zpo\u017ed\u011bn\u00ed nen\u00ed zn\u00e1ma.<\/span><\/p>\n<p><img decoding=\"async\" loading=\"lazy\" class=\"alignnone size-full wp-image-1185\" src=\"http:\/\/www.infokuryr.cz\/n\/wp-content\/uploads\/2021\/04\/kuryr-podpis.png\" alt=\"\" width=\"84\" height=\"24\" \/><\/p>\n<p>&nbsp;<\/p>\n<p><a href=\"https:\/\/stranapro.cz\/\"><img decoding=\"async\" loading=\"lazy\" class=\"wp-image-40286 aligncenter\" src=\"http:\/\/www.infokuryr.cz\/n\/wp-content\/uploads\/2023\/11\/12pro-300x87.png\" alt=\"\" width=\"1134\" height=\"329\" srcset=\"https:\/\/www.infokuryr.cz\/n\/wp-content\/uploads\/2023\/11\/12pro-300x87.png 300w, https:\/\/www.infokuryr.cz\/n\/wp-content\/uploads\/2023\/11\/12pro.png 366w\" sizes=\"(max-width: 1134px) 100vw, 1134px\" \/><\/a><\/p>\n<p>&nbsp;<\/p>\n<p>&nbsp;<\/p>\n<p>&nbsp;<\/p>\n","protected":false},"excerpt":{"rendered":"<p>Zd\u00e1 se, \u017ee sch\u016fzka OPEC+ napl\u00e1novan\u00e1 na tento v\u00edkend nar\u00e1\u017e\u00ed na pot\u00ed\u017ee, proto\u017ee Sa\u00fadsk\u00e1 Ar\u00e1bie&#8230;<\/p>\n","protected":false},"author":2,"featured_media":40817,"comment_status":"closed","ping_status":"closed","sticky":false,"template":"","format":"standard","meta":[],"categories":[7],"tags":[831,310,1012,903],"_links":{"self":[{"href":"https:\/\/www.infokuryr.cz\/n\/wp-json\/wp\/v2\/posts\/40816"}],"collection":[{"href":"https:\/\/www.infokuryr.cz\/n\/wp-json\/wp\/v2\/posts"}],"about":[{"href":"https:\/\/www.infokuryr.cz\/n\/wp-json\/wp\/v2\/types\/post"}],"author":[{"embeddable":true,"href":"https:\/\/www.infokuryr.cz\/n\/wp-json\/wp\/v2\/users\/2"}],"replies":[{"embeddable":true,"href":"https:\/\/www.infokuryr.cz\/n\/wp-json\/wp\/v2\/comments?post=40816"}],"version-history":[{"count":0,"href":"https:\/\/www.infokuryr.cz\/n\/wp-json\/wp\/v2\/posts\/40816\/revisions"}],"wp:featuredmedia":[{"embeddable":true,"href":"https:\/\/www.infokuryr.cz\/n\/wp-json\/wp\/v2\/media\/40817"}],"wp:attachment":[{"href":"https:\/\/www.infokuryr.cz\/n\/wp-json\/wp\/v2\/media?parent=40816"}],"wp:term":[{"taxonomy":"category","embeddable":true,"href":"https:\/\/www.infokuryr.cz\/n\/wp-json\/wp\/v2\/categories?post=40816"},{"taxonomy":"post_tag","embeddable":true,"href":"https:\/\/www.infokuryr.cz\/n\/wp-json\/wp\/v2\/tags?post=40816"}],"curies":[{"name":"wp","href":"https:\/\/api.w.org\/{rel}","templated":true}]}}