{"id":4080,"date":"2021-08-15T04:15:24","date_gmt":"2021-08-15T02:15:24","guid":{"rendered":"http:\/\/www.infokuryr.cz\/n\/?p=4080"},"modified":"2021-08-15T04:15:24","modified_gmt":"2021-08-15T02:15:24","slug":"pratasevic-nemiril-jsem-na-cile-ktere-nyni-opozice-sleduje","status":"publish","type":"post","link":"https:\/\/www.infokuryr.cz\/n\/2021\/08\/15\/pratasevic-nemiril-jsem-na-cile-ktere-nyni-opozice-sleduje\/","title":{"rendered":"Pratasevi\u010d: Nem\u00ed\u0159il jsem na c\u00edle, kter\u00e9 nyn\u00ed opozice sleduje"},"content":{"rendered":"<div id=\"fb-root\"><\/div>\n<p><strong>\u201eNem\u00ed\u0159il jsem na c\u00edle, kter\u00e9 nyn\u00ed opozice sleduje,\u201c \u0159ekl Raman Pratasevi\u010d v rozhovoru s report\u00e9rem zpravodajsk\u00e9 televize RT. \u201eUp\u0159\u00edmn\u011b jsem v\u011b\u0159il tomu, co d\u011bl\u00e1m. A ned\u011blal jsem to \u00fapln\u011b z toho d\u016fvodu, kam te\u010f m\u00ed\u0159\u00ed opozice. Skute\u010dn\u011b jsem byl v mnoha ohledech p\u0159\u00edli\u0161 oddan\u00fd t\u00e9to my\u0161lence a velmi v\u011b\u0159il v n\u011bkter\u00e9 ide\u00e1ly. Ty jsou ve skute\u010dnosti mnohem men\u0161\u00ed, ne\u017e jsem si myslel,\u201c uvedl podle tiskov\u00e9 agentury Belta.<\/strong><\/p>\n<p>Situace s p\u0159ist\u00e1n\u00edm letadla pr\u00fd \u00a0\u00a0pro \u00a0Ramana Pratasevi\u010de byla impulsem zastavit se a znovu se pod\u00edvat na sv\u016fj \u017eivot. \u00a0V\u00a0rozhovoru k\u00a0tomu uv\u00e1d\u00ed: &#8222;Pochopen\u00ed toho, co opravdu chci.\u00a0A co mi celou tu dobu chyb\u011blo.\u00a0Nen\u00ed proto pochyb, \u017ee bych velmi r\u00e1d zm\u011bnil mnoho ud\u00e1lost\u00ed.\u00a0Pokud se ale bav\u00edme o tom, jestli n\u011b\u010deho lituji nebo ne, pak asi ne.\u00a0Mo\u017en\u00e1, kdybych si vybral mo\u017enosti, kter\u00e9 bych mohl zm\u011bnit odchodem z projektu, m\u011bl bych jin\u00e9 mo\u017enosti.\u00a0Ale navzdory v\u0161emu jsem trval na tom, abych se stal sou\u010d\u00e1st\u00ed \u00fast\u0159ed\u00ed.\u00a0Toho lituji.\u00a0Proto\u017ee jsem uv\u00edzl v politice.\u00a0Zpr\u00e1vy a novin\u00e1\u0159sk\u00e9 a dokonce propagandistick\u00e9 projekty jsou jedna v\u011bc.\u00a0St\u00e1t se sou\u010d\u00e1st\u00ed politick\u00e9 struktury je \u00fapln\u011b jin\u00e9.\u201c<\/p>\n<p>V rozhovoru byla tak\u00e9 vznesena ot\u00e1zka sankc\u00ed proti B\u011blorusku. &#8222;Zpravidla jsem mnohokr\u00e1t opakoval, \u017ee sankce jsou posledn\u00edm n\u00e1strojem tlaku opozice.\u00a0\u00a0Jin\u00e9 n\u00e1stroje nyn\u00ed bohu\u017eel nemaj\u00ed.\u00a0Ot\u00e1zka etiky vol\u00e1n\u00ed po takov\u00fdch sankc\u00edch je otev\u0159en\u00e1 diskusi.\u201c P\u0159ipome\u0148me, \u017ee po takov\u00fdch sankc\u00edch vol\u00e1 nap\u0159.\u00a0\u00a0ofici\u00e1ln\u011b ne\u00fasp\u011b\u0161n\u00e1 protikandid\u00e1tka Luka\u0161enka v\u00a0prezidentsk\u00fdch volb\u00e1ch Svjatlana Cichanousk\u00e1, \u017e\u00e1dala o n\u011b nejen v\u00a0Bruselu, ale tak\u00e9 p\u0159i ned\u00e1vn\u00e9m setk\u00e1n\u00ed s\u00a0prezidentem USA Joe Bidenem.<\/p>\n<ol start=\"23\">\n<li>kv\u011btna na z\u00e1klad\u011b informac\u00ed b\u011blorusk\u00fdch \u00fa\u0159ad\u016f o v\u00fdbu\u0161n\u00e9m syst\u00e9mu na palub\u011bletadla spole\u010dnosti Ryanair\u00a0let\u00edc\u00edho z Ath\u00e9n do Vilniusu\u00a0p\u0159ist\u00e1lo letadlo v\u00a0Minsku. Mezi cestuj\u00edc\u00edmi byl tak\u00e9 redaktor\u00a0\u00a0\u00a0\u00a0opozi\u010dn\u00edho kan\u00e1lu NEXTA, kter\u00fd\u00a0\u00a0\u00a0se v\u00fdznamn\u011b pod\u00edlel na organizaci lo\u0148sk\u00fdch b\u011blorusk\u00fdch protest\u016f proti Alexandru Luka\u0161enkovi. Spole\u010dn\u011b s\u00a0n\u00edm byla na leti\u0161ti\u00a0\u00a0\u00a0zadr\u017eena jeho partnerka Sofia Sapega, kter\u00e1 na internetu zve\u0159ej\u0148ovala osobn\u00ed \u00fadaje, v\u010detn\u011b fotografi\u00ed a m\u00edst bydli\u0161t\u011b, p\u0159\u00edslu\u0161n\u00edk\u016f b\u011blorusk\u00fdch bezpe\u010dnostn\u00edch sil.<\/li>\n<\/ol>\n<p>Raman Pratasevi\u010d se ji\u017e d\u0159\u00edve objevil v\u00a0rozhovoru v \u00a0b\u011blorusk\u00e9 televizi nebo na tiskov\u00e9 konferenci.\u00a0V polovin\u011b \u010dervna vy\u0161et\u0159ovac\u00ed v\u00fdbor B\u011blorusk\u00e9 republiky ozn\u00e1mil jeho obvin\u011bn\u00ed z\u00a0poru\u0161en\u00ed b\u011blorusk\u00fdch z\u00e1kon\u016f. V\u00a0sou\u010dasnosti je, stejn\u011b jako jeho partnerka, v\u00a0dom\u00e1c\u00edm v\u011bzen\u00ed v\u00a0Minsku. Ve sd\u011blovac\u00edch prost\u0159edc\u00edch se objevila i fotografie z\u00a0jejich spole\u010dn\u00e9 proch\u00e1zky m\u011bstem.\u00a0 Situace okolo osoby Pratasevi\u010de se stala postupem doby pon\u011bkud nejasn\u00e1 a proto okolo n\u00ed za\u010dalo panovat sp\u00ed\u0161e ml\u010den\u00ed.<\/p>\n<p><a href=\"http:\/\/vasevec.parlamentnilisty.cz\/pratasevic-nemiril-jsem-na-cile-ktere-nyni-opozice-sleduje\">Jan Urbach<\/a><\/p>\n<p>&nbsp;<\/p>\n","protected":false},"excerpt":{"rendered":"<p>\u201eNem\u00ed\u0159il jsem na c\u00edle, kter\u00e9 nyn\u00ed opozice sleduje,\u201c \u0159ekl Raman Pratasevi\u010d v rozhovoru s report\u00e9rem&#8230;<\/p>\n","protected":false},"author":2,"featured_media":1939,"comment_status":"closed","ping_status":"closed","sticky":false,"template":"","format":"standard","meta":[],"categories":[7],"tags":[150,441,446],"_links":{"self":[{"href":"https:\/\/www.infokuryr.cz\/n\/wp-json\/wp\/v2\/posts\/4080"}],"collection":[{"href":"https:\/\/www.infokuryr.cz\/n\/wp-json\/wp\/v2\/posts"}],"about":[{"href":"https:\/\/www.infokuryr.cz\/n\/wp-json\/wp\/v2\/types\/post"}],"author":[{"embeddable":true,"href":"https:\/\/www.infokuryr.cz\/n\/wp-json\/wp\/v2\/users\/2"}],"replies":[{"embeddable":true,"href":"https:\/\/www.infokuryr.cz\/n\/wp-json\/wp\/v2\/comments?post=4080"}],"version-history":[{"count":0,"href":"https:\/\/www.infokuryr.cz\/n\/wp-json\/wp\/v2\/posts\/4080\/revisions"}],"wp:featuredmedia":[{"embeddable":true,"href":"https:\/\/www.infokuryr.cz\/n\/wp-json\/wp\/v2\/media\/1939"}],"wp:attachment":[{"href":"https:\/\/www.infokuryr.cz\/n\/wp-json\/wp\/v2\/media?parent=4080"}],"wp:term":[{"taxonomy":"category","embeddable":true,"href":"https:\/\/www.infokuryr.cz\/n\/wp-json\/wp\/v2\/categories?post=4080"},{"taxonomy":"post_tag","embeddable":true,"href":"https:\/\/www.infokuryr.cz\/n\/wp-json\/wp\/v2\/tags?post=4080"}],"curies":[{"name":"wp","href":"https:\/\/api.w.org\/{rel}","templated":true}]}}