{"id":4079,"date":"2021-08-15T04:11:51","date_gmt":"2021-08-15T02:11:51","guid":{"rendered":"http:\/\/www.infokuryr.cz\/n\/?p=4079"},"modified":"2021-08-15T04:11:51","modified_gmt":"2021-08-15T02:11:51","slug":"jaroslav-stefec-copak-se-nam-to-stalo-v-tom-plymouthu","status":"publish","type":"post","link":"https:\/\/www.infokuryr.cz\/n\/2021\/08\/15\/jaroslav-stefec-copak-se-nam-to-stalo-v-tom-plymouthu\/","title":{"rendered":"Jaroslav \u0160tefec: Copak se n\u00e1m to stalo v tom Plymouthu?"},"content":{"rendered":"<div id=\"fb-root\"><\/div>\n<p><b>St\u0159elba, podle ofici\u00e1ln\u00edch informac\u00ed a\u017e z \u00farovn\u011b ministerstva vnitra, rozhodn\u011b nesouvisej\u00edc\u00ed s terorismem, po\u010det mrtv\u00fdch, kter\u00fd nikdo nechce zve\u0159ejnit, mnoho ran\u011bn\u00fdch, st\u0159elec bez identity, kter\u00fd \u00fadajn\u011b &#8222;nen\u00ed na \u00fat\u011bku&#8220; &#8230;<\/b><\/p>\n<p>&#8222;U\u017e hodinu to sleduji na hlavn\u00edch britsk\u00fdch kan\u00e1lech, a st\u00e1le nula informac\u00ed o skute\u010dn\u00fdch ud\u00e1lostech nebo po\u010dtech ob\u011bt\u00ed. Jen temn\u00e1 slova odpov\u011bdn\u00fdch osob o nutnosti p\u0159ipravit se na je\u0161t\u011b temn\u011bj\u0161\u00ed zpr\u00e1vy. Nula informac\u00ed o pachateli (-\u00edch?), snad krom\u011b t\u0159\u00ed fakt\u016f &#8211; byl &#8222;cel\u00fd v \u010dern\u00e9m&#8220;, &#8222;m\u011bl brokovnici&#8220; a &#8222;st\u0159\u00edlel n\u00e1hodn\u011b lidi v domech&#8220;. A te\u010f si to p\u0159eberte,&#8220; p\u00ed\u0161e na facebooku Jaroslav \u0160tefec.<\/p>\n<p>Samoz\u0159ejm\u011b souc\u00edt\u00edm s ob\u011b\u0165mi a jejich p\u0159\u00edbuzn\u00fdmi, ale p\u0159esto mi vrt\u00e1 hlavou jedna ot\u00e1zka: Jak mohlo v Anglii, kde je obyvatelstvo natolik m\u00edrumilovn\u00e9, \u017ee je prakticky dokonale odzbrojeno, mohlo v\u016fbec doj\u00edt k \u00fatoku st\u0159elnou zbran\u00ed? A pro\u010d, kdy\u017e &#8222;pachatel nen\u00ed na \u00fat\u011bku&#8220;, je m\u011bsto uzav\u0159eno jako p\u0159i kovidov\u00e9 r\u00e1n\u011b, krou\u017e\u00ed nad n\u00edm drony a vrtuln\u00edky a policist\u00e9 se psy prohled\u00e1vaj\u00ed r\u016fzn\u00e1 z\u00e1kout\u00ed?<\/p>\n<p><b>Jsem opravdu zv\u011bdav, co z tohohle tajupln\u00e9ho gul\u00e1\u0161e protich\u016fdn\u00fdch informac\u00ed vyleze na povrch. V p\u0159\u00edpad\u011b Skripalov\u00fdch p\u0159ece bylo jasno t\u00e9m\u011b\u0159 okam\u017eit\u011b!<\/b><\/p>\n<p><b>A jako obvykle zaj\u00edmav\u00e9 reakce:<\/b><\/p>\n<ul>\n<li>Psychicky naru\u0161en\u00fd &#8230;&#8230;, a nebo nejsp\u00ed\u0161 &#8222;akce Putina &#8220; .<\/li>\n<li>N\u00e1s se to net\u00fdk\u00e1. Jak \u0159\u00edk\u00e1 n\u00e1\u0161 premi\u00e9r oligarcha, &#8222;\u017dijeme v kr\u00e1sn\u00e9 a bezpe\u010dn\u00e9 zemi!&#8220;. Uhersk\u00fd Brod, Fren\u0161t\u00e1t pod Radho\u0161t\u011bm nebo fakultn\u00ed nemocnice v Ostrav\u011b, to jsou jen takov\u00e9 epizodky, kter\u00e9 v \u017e\u00e1dn\u00e9m p\u0159\u00edpad\u011b nevrhaj\u00ed na na\u0161i nerozkradenou zemi st\u00edn. A co teprve mstitel Jirka z Prahy, kter\u00e9mu byla p\u0159izn\u00e1na podpora v nezam\u011bstnanosti<\/li>\n<li>To je n\u011bjakej ruskej hoax. St\u0159eln\u00fd zbran\u011b jsou v Britanist\u00e1nu p\u0159ece zak\u00e1zan\u00fd!<\/li>\n<\/ul>\n<p>Jaroslav \u0160t\u011bfec<\/p>\n<p><img decoding=\"async\" loading=\"lazy\" class=\"alignnone  wp-image-509\" src=\"http:\/\/www.infokuryr.cz\/n\/wp-content\/uploads\/2021\/04\/jaroslav-stefec-300x200.jpeg\" alt=\"\" width=\"164\" height=\"109\" srcset=\"https:\/\/www.infokuryr.cz\/n\/wp-content\/uploads\/2021\/04\/jaroslav-stefec-300x200.jpeg 300w, https:\/\/www.infokuryr.cz\/n\/wp-content\/uploads\/2021\/04\/jaroslav-stefec-1024x683.jpeg 1024w, https:\/\/www.infokuryr.cz\/n\/wp-content\/uploads\/2021\/04\/jaroslav-stefec-768x512.jpeg 768w, https:\/\/www.infokuryr.cz\/n\/wp-content\/uploads\/2021\/04\/jaroslav-stefec.jpeg 1200w\" sizes=\"(max-width: 164px) 100vw, 164px\" \/><\/p>\n<p>&nbsp;<\/p>\n","protected":false},"excerpt":{"rendered":"<p>St\u0159elba, podle ofici\u00e1ln\u00edch informac\u00ed a\u017e z \u00farovn\u011b ministerstva vnitra, rozhodn\u011b nesouvisej\u00edc\u00ed s terorismem, po\u010det mrtv\u00fdch,&#8230;<\/p>\n","protected":false},"author":2,"featured_media":2908,"comment_status":"closed","ping_status":"closed","sticky":false,"template":"","format":"standard","meta":[],"categories":[6],"tags":[29,320,303],"_links":{"self":[{"href":"https:\/\/www.infokuryr.cz\/n\/wp-json\/wp\/v2\/posts\/4079"}],"collection":[{"href":"https:\/\/www.infokuryr.cz\/n\/wp-json\/wp\/v2\/posts"}],"about":[{"href":"https:\/\/www.infokuryr.cz\/n\/wp-json\/wp\/v2\/types\/post"}],"author":[{"embeddable":true,"href":"https:\/\/www.infokuryr.cz\/n\/wp-json\/wp\/v2\/users\/2"}],"replies":[{"embeddable":true,"href":"https:\/\/www.infokuryr.cz\/n\/wp-json\/wp\/v2\/comments?post=4079"}],"version-history":[{"count":0,"href":"https:\/\/www.infokuryr.cz\/n\/wp-json\/wp\/v2\/posts\/4079\/revisions"}],"wp:featuredmedia":[{"embeddable":true,"href":"https:\/\/www.infokuryr.cz\/n\/wp-json\/wp\/v2\/media\/2908"}],"wp:attachment":[{"href":"https:\/\/www.infokuryr.cz\/n\/wp-json\/wp\/v2\/media?parent=4079"}],"wp:term":[{"taxonomy":"category","embeddable":true,"href":"https:\/\/www.infokuryr.cz\/n\/wp-json\/wp\/v2\/categories?post=4079"},{"taxonomy":"post_tag","embeddable":true,"href":"https:\/\/www.infokuryr.cz\/n\/wp-json\/wp\/v2\/tags?post=4079"}],"curies":[{"name":"wp","href":"https:\/\/api.w.org\/{rel}","templated":true}]}}