{"id":40784,"date":"2023-11-23T05:39:10","date_gmt":"2023-11-23T04:39:10","guid":{"rendered":"https:\/\/www.infokuryr.cz\/n\/?p=40784"},"modified":"2023-11-23T05:39:10","modified_gmt":"2023-11-23T04:39:10","slug":"vojtech-razima-jak-pilne-chodi-europoslanci-do-prace-a-kolik-za-to-berou","status":"publish","type":"post","link":"https:\/\/www.infokuryr.cz\/n\/2023\/11\/23\/vojtech-razima-jak-pilne-chodi-europoslanci-do-prace-a-kolik-za-to-berou\/","title":{"rendered":"Vojt\u011bch Razima: Jak piln\u011b chod\u00ed europoslanci do pr\u00e1ce a kolik za to berou?"},"content":{"rendered":"<div id=\"fb-root\"><\/div>\n<section class=\"perex\"><strong>Poslanci Evropsk\u00e9ho parlamentu (EP) dost\u00e1vaj\u00ed ka\u017ed\u00fd m\u011bs\u00edc plat kolem 200 tis\u00edc korun \u010dist\u00e9ho. K tomu maj\u00ed n\u00e1rok na cestovn\u00ed n\u00e1hrady, denn\u00ed p\u0159\u00edsp\u011bvek, p\u0159\u00edsp\u011bvek na v\u0161eobecn\u00e9 v\u00fddaje, n\u00e1hrady za zdravotn\u00ed p\u00e9\u010di a na vybaven\u00ed kancel\u00e1\u0159e ve v\u00fd\u0161i dal\u0161\u00edch, odhadem, 200 tis\u00edc korun \u010dist\u00e9ho m\u011bs\u00ed\u010dn\u011b. Nav\u00edc poslanci EP je\u0161t\u011b maj\u00ed n\u00e1rok na speci\u00e1ln\u00ed starobn\u00ed d\u016fchod pot\u00e9, co dovr\u0161\u00ed v\u011bk 63 let. Kverulant.org se pokou\u0161\u00ed zjistit, kolik p\u0159esn\u011b dost\u00e1vaj\u00ed \u010de\u0161t\u00ed poslanci a jak \u010dasto za to chod\u00ed do pr\u00e1ce, a proto podal k Evropsk\u00e9mu parlamentu \u017e\u00e1dost o informace. Ten mu je v\u0161ak odm\u00edt\u00e1 poskytnout. Pr\u00fd by to bylo v rozporu s ochranou osobn\u00edch \u00fadaj\u016f poslanc\u016f. Proti tomuto postupu Kverulant podal st\u00ed\u017enost a pravd\u011bpodobn\u011b ho \u010dek\u00e1 dlouh\u00e1 a n\u00e1kladn\u00e1 bitva. Roze\u017eran\u00e9 politiky je t\u0159eba kontrolovat neust\u00e1le a to Kverulant d\u011bl\u00e1 u\u017e od roku 2009. Podpo\u0159te ho v tom alespo\u0148 symbolick\u00fdm darem.<\/strong><\/p>\n<\/section>\n<section class=\"clanek-obsah\">Evropsk\u00fd parlament m\u00e1 705 poslanc\u016f, z nich\u017e \u010cesko zastupuje 21 poslanc\u016f. Poslanci jsou voleni p\u0159\u00edm\u00fdm zp\u016fsobem a na p\u011btilet\u00e9 funk\u010dn\u00ed obdob\u00ed. Naposledy, tedy v roce 2019, byli do EP za \u010ceskou republiku zvoleni tito poslanci:<\/p>\n<p>Dita Charanzov\u00e1 ANO<br \/>\nMartina Dlabajov\u00e1 ANO<br \/>\nMartin Hlav\u00e1\u010dek ANO<br \/>\nRadka Maxov\u00e1 ANO<br \/>\nOnd\u0159ej Knotek ANO<br \/>\nOnd\u0159ej Kova\u0159\u00edk ANO<br \/>\nJan Zahradil ODS<br \/>\nEv\u017een To\u0161enovsk\u00fd ODS<br \/>\nVeronika Vrecionov\u00e1 ODS<br \/>\nAlexandr Vondra ODS<br \/>\nMarcel Kolaja Pir\u00e1ti<br \/>\nMark\u00e9ta Gregorov\u00e1 Pir\u00e1ti<br \/>\nMikul\u00e1\u0161 Peksa Pir\u00e1ti<br \/>\nJi\u0159\u00ed Posp\u00ed\u0161il TOP 09<br \/>\nStanislav Pol\u010d\u00e1k STAN<br \/>\nLud\u011bk Niedermayer TOP 09<br \/>\nIvan David SPD<br \/>\nHynek Bla\u0161ko SPD<br \/>\nTom\u00e1\u0161 Zdechovsk\u00fd KDU-\u010cSL<br \/>\nMichaela \u0160ojdrov\u00e1 KDU-\u010cSL<br \/>\nKate\u0159ina Kone\u010dn\u00e1 KS\u010cM<\/p>\n<p>P\u0159\u00ed\u0161t\u00ed volby do Evropsk\u00e9ho parlamentu se budou konat od 6. do 9. \u010dervna 2024. Poslanci, kte\u0159\u00ed se do EP u\u017e znovu nedostanou, budou m\u00edt n\u00e1rok na odchodn\u00e9 ve v\u00fd\u0161i jednoho m\u011bs\u00ed\u010dn\u00edho platu za ka\u017ed\u00fd rok mand\u00e1tu. Typick\u00fd poslanec tak dostane po p\u011bti letech na odchodnou zlat\u00fd pad\u00e1k ve v\u00fd\u0161i asi 1,2 milionu korun.<\/p>\n<h2>Plat poslanc\u016f<\/h2>\n<p>Podle jednotn\u00e9ho statutu poslanc\u016f Evropsk\u00e9ho parlamentu, kter\u00fd je v platnosti od \u010dervence 2009, pob\u00edraj\u00ed v\u0161ichni poslanci EP stejn\u00fd plat. Je stanoven na 38,5 % z\u00e1kladn\u00edho platu soudce Soudn\u00edho dvora Evropsk\u00e9 unie. Podle informac\u00ed EP \u010dinil od nov\u00e9ho roku 2023 hrub\u00fd m\u011bs\u00ed\u010dn\u00ed plat poslanc\u016f t\u00e9m\u011b\u0159 10 tis\u00edc euro m\u011bs\u00ed\u010dn\u011b, tedy n\u011bco m\u00e1lo p\u0159es 245 tis\u00edc korun. Po zaplacen\u00ed unijn\u00ed dan\u011b a p\u0159\u00edsp\u011bvk\u016f na soci\u00e1ln\u00ed zabezpe\u010den\u00ed je to 191 tis\u00edc \u010dist\u00e9ho m\u011bs\u00ed\u010dn\u011b.<\/p>\n<p>Je velmi pravd\u011bpodobn\u00e9, \u017ee poslanci, kte\u0159\u00ed se nechaj\u00ed zvolit do mnoha v\u00fdbor\u016f a podv\u00fdbor\u016f, za to, podobn\u011b jako poslanci \u010desk\u00e9ho parlamentu, berou dal\u0161\u00ed nemal\u00e9 pen\u00edze.<\/p>\n<h2>Cestovn\u00ed n\u00e1hrady<\/h2>\n<p>Poslanci EP maj\u00ed n\u00e1rok na cestovn\u00ed v\u00fddaje. Po p\u0159edlo\u017een\u00ed potvrzen\u00ed o zaplacen\u00ed je jim proplacena skute\u010dn\u00e1 cena j\u00edzdenky nutn\u00e9 k doprav\u011b na jedn\u00e1n\u00ed, a to do v\u00fd\u0161e ceny letenky business t\u0159\u00eddy, \u017eelezni\u010dn\u00ed j\u00edzdenky prvn\u00ed t\u0159\u00eddy nebo 23,32 korun za kilometr j\u00edzdy automobilem. Jako bonus dost\u00e1vaj\u00ed poslanci je\u0161t\u011b pau\u0161\u00e1ln\u00ed p\u0159\u00edsp\u011bvek podle vzd\u00e1lenosti a d\u00e9lky trv\u00e1n\u00ed cesty ur\u010den\u00fd k pokryt\u00ed dal\u0161\u00edch n\u00e1klad\u016f spojen\u00fdch s cestou. Kolik tento p\u0159\u00edsp\u011bvek \u010din\u00ed, se Kverulantovi nepoda\u0159ilo zjistit. U \u010dinnost\u00ed vykon\u00e1van\u00fdch mimo vlastn\u00ed zemi mohou b\u00fdt poslanc\u016fm proplaceny cestovn\u00ed v\u00fddaje, ubytov\u00e1n\u00ed a souvisej\u00edc\u00ed v\u00fddaje, a to a\u017e do maxim\u00e1ln\u00ed v\u00fd\u0161e p\u0159ibli\u017en\u011b 115 tis\u00edc korun ro\u010dn\u011b.<\/p>\n<h2>Denn\u00ed p\u0159\u00edsp\u011bvek<\/h2>\n<p>Mimo to EP vypl\u00e1c\u00ed pau\u0161\u00e1ln\u00ed denn\u00ed p\u0159\u00edsp\u011bvek ve v\u00fd\u0161i \u20ac338, tedy asi 8300 korun, na \u00fahradu ubytov\u00e1n\u00ed a s n\u00edm spojen\u00fdch n\u00e1klad\u016f za ka\u017ed\u00fd den, kdy je poslanec EP v Bruselu nebo \u0160trasburku. P\u0159i sch\u016fz\u00edch konan\u00fdch mimo EU \u010din\u00ed p\u0159\u00edsp\u011bvek \u20ac169, tedy asi 4200 korun a je\u0161t\u011b je zde refundace n\u00e1klad\u016f na hotel. K tomu, aby poslanec tyto pen\u00edze dostal, sta\u010d\u00ed jen r\u00e1no podepsat prezen\u010dn\u00ed listinu a pak odej\u00edt. \u017de se n\u011bco takov\u00e9ho d\u011bje, dokazuje kauza b\u00fdval\u00e9ho komunistick\u00e9ho poslance Miroslava Ransdorfa.<\/p>\n<p>Komunista Ransdorf byl v roce 2013 report\u00e9rem nizozemsk\u00e9 televize Geen Stilj TV na\u0159\u010den ze zneu\u017e\u00edv\u00e1n\u00ed poslaneck\u00fdch n\u00e1hrad. Podle report\u00e9ra Toma Staala p\u0159i\u0161el Ransdorf do budovy Evropsk\u00e9ho parlamentu jen na dobu n\u011bkolika minut tak, aby podepsal prezen\u010dn\u00ed listinu, d\u00edky \u010demu\u017e by m\u011bl n\u00e1rok na denn\u00ed poslaneckou n\u00e1hradu. Tehdy ve v\u00fd\u0161i 300 euro. Europoslanec report\u00e9ra odstr\u010dil a odm\u00edtl odpov\u00eddat na jeho ot\u00e1zky. S\u00e1m pak pozd\u011bji odm\u00edtl, \u017ee by zneu\u017e\u00edval poslaneck\u00e9 diety: \u201eTen den jsem cestoval dev\u011bt hodin, abych stihl odpoledn\u00ed konferenci o perspektiv\u00e1ch levice. Pot\u00e9 jsem pracoval v kancel\u00e1\u0159i. A\u017e ve\u010der v p\u016fl sedm\u00e9 jsem se \u0161el zapsat na prezen\u010dn\u00ed listinu a cht\u011bl odej\u00edt, ale p\u0159ed budovou se na m\u011b vrhli novin\u00e1\u0159i.\u201c<\/p>\n<p>V r\u00e1mci objektivity dodejme, \u017ee v sou\u010dasn\u00e9 dob\u011b se denn\u00ed p\u0159\u00edsp\u011bvek ve v\u00fd\u0161i 8300 korun sni\u017euje na polovinu, pokud poslanec zme\u0161k\u00e1 v\u00edce ne\u017e polovinu jmenovit\u00fdch hlasov\u00e1n\u00ed ve dny, kdy se kon\u00e1 hlasov\u00e1n\u00ed na plen\u00e1rn\u00edm zased\u00e1n\u00ed, a to i v p\u0159\u00edpad\u011b, \u017ee byl p\u0159\u00edtomen a podepsal prezen\u010dn\u00ed listinu.<\/p>\n<h2>P\u0159\u00edsp\u011bvek na v\u0161eobecn\u00e9 v\u00fddaje<\/h2>\n<p>Tento pau\u0161\u00e1ln\u00ed p\u0159\u00edsp\u011bvek je ur\u010den k pokryt\u00ed n\u00e1klad\u016f na parlamentn\u00ed \u010dinnosti, jako je nap\u0159\u00edklad pron\u00e1jem kancel\u00e1\u0159e, telefon a p\u0159edplatn\u00e9, reprezentativn\u00ed \u010dinnosti, po\u010d\u00edta\u010de a telefony, po\u0159\u00e1d\u00e1n\u00ed konferenc\u00ed a v\u00fdstav. P\u0159\u00edsp\u011bvek se sni\u017euje na polovinu, jestli\u017ee se poslanec v jednom parlamentn\u00edm roce (z\u00e1\u0159\u00ed a\u017e srpen) bez \u0159\u00e1dn\u00e9ho od\u016fvodn\u011bn\u00ed nez\u00fa\u010dastn\u00ed poloviny plen\u00e1rn\u00edch zased\u00e1n\u00ed. V roce 2021 byla v\u00fd\u0161e m\u011bs\u00ed\u010dn\u00edho p\u0159\u00edsp\u011bvku \u20ac4778. To je za m\u011bs\u00edc 118 tis\u00edc korun.<\/p>\n<h2>V\u00fddaje na zdravotn\u00ed p\u00e9\u010di<\/h2>\n<p>Poslanci EP maj\u00ed n\u00e1rok na n\u00e1hradu dvou t\u0159etin sv\u00fdch l\u00e9\u010debn\u00fdch v\u00fdloh.<\/p>\n<h2>Vybaven\u00ed kancel\u00e1\u0159e a slu\u017eebn\u00ed auta v Bruselu i ve \u0160trasburku<\/h2>\n<p>Parlament poskytuje poslanc\u016fm EP za\u0159\u00edzen\u00e9 kancel\u00e1\u0159e jak v Bruselu, tak ve \u0160trasburku. Poslanci EP mohou v obou m\u011bstech pou\u017e\u00edvat pro slu\u017eebn\u00ed \u00fa\u010dely slu\u017eebn\u00ed vozy Parlamentu.<\/p>\n<h2>D\u016fchod ji\u017e v 63 letech<\/h2>\n<p>Pr\u00e1ce evropsk\u00e9ho poslance je jist\u011b natolik vy\u010derp\u00e1vaj\u00edc\u00ed, \u017ee do d\u016fchodu nem\u016f\u017ee odej\u00edt tak pozd\u011b jako b\u011b\u017en\u00fd smrteln\u00edk. A tak \u010dlenov\u00e9 EP je\u0161t\u011b maj\u00ed n\u00e1rok na speci\u00e1ln\u00ed starobn\u00ed d\u016fchod pot\u00e9, co dovr\u0161\u00ed v\u011bk 63 let. Jeho v\u00fd\u0161e tvo\u0159\u00ed 3,5 % platu za ka\u017ed\u00fd cel\u00fd rok ve funkci. Poslanec po p\u011bti letech v EP m\u016f\u017ee po sv\u00fdch 63. narozenin\u00e1ch po\u010d\u00edtat s m\u011bs\u00ed\u010dn\u00edm d\u016fchodem ve v\u00fd\u0161i 43 tis\u00edc korun. N\u00e1klady na tyto d\u016fchody jsou hrazeny z rozpo\u010dtu Evropsk\u00e9 unie. V\u00fdplata \u010desk\u00e9ho d\u016fchodu z rozpo\u010dtu \u010cR t\u00edm samoz\u0159ejm\u011b nen\u00ed naprosto dot\u010dena.<\/p>\n<h2>Kdo nen\u00ed p\u0159\u00edtomen, nezastupuje sv\u00e9 voli\u010de<\/h2>\n<p>Jedn\u00edm z hlavn\u00edch princip\u016f zastupitelsk\u00e9 demokracie je hled\u00e1n\u00ed \u0159e\u0161en\u00ed v parlamentn\u00ed rozprav\u011b. Je z\u0159ejm\u00e9, \u017ee kdo nen\u00ed na t\u00e9to rozprav\u011b p\u0159\u00edtomen, nezastupuje v n\u00ed sv\u00e9 voli\u010de a nevykon\u00e1v\u00e1 sv\u016fj mand\u00e1t v z\u00e1jmu ob\u010dan\u016f \u010cR. Iniciativa Europarlament p\u0159ehledn\u011b, kter\u00e1 prezentuje svoje zji\u0161t\u011bn\u00ed na s\u00edti X, p\u0159inesla v kv\u011btnu 2023 tabulku, ve kter\u00e9 sumarizuje absence \u010desk\u00fdch europoslanc\u016f v hlasovac\u00edch dnech na pl\u00e9nu v roce 2022. Tento rok byl v tomto volebn\u00edm obdob\u00ed zat\u00edm jedin\u00fdm kalend\u00e1\u0159n\u00edm rokem, kdy europoslanci hlasovali cel\u00fd rok prezen\u010dn\u011b. To znamen\u00e1, \u017ee hlasovat mohli, pouze kdy\u017e byli p\u0159\u00edtomni v parlamentu.<\/p>\n<div class=\"karta\" style=\"text-align: center;\">\n<figure><img decoding=\"async\" loading=\"lazy\" class=\"aligncenter\" src=\"https:\/\/zvedavec.news\/images\/23\/kolik-berou-europoslanci-1.jpg\" alt=\"[Pod\u00edl hlas...]\" width=\"823\" height=\"542\" \/><figcaption>Pod\u00edl hlasovac\u00edch dn\u00ed na pl\u00e9nu, na kter\u00fd byli poslanci nep\u0159\u00edtomni, zdroj: @EP PREHEDNE<\/figcaption><\/figure>\n<\/div>\n<h2>Tajn\u00e9 poslaneck\u00e9 n\u00e1hrady<\/h2>\n<p>Kverulant odhaduje, \u017ee m\u011bs\u00ed\u010dn\u011b dost\u00e1v\u00e1 ka\u017ed\u00fd jeden poslanec Evropsk\u00e9ho parlamentu cca 200 tis\u00edc korun \u010dist\u00e9ho. Kolik p\u0159esn\u011b \u010dinily poslaneck\u00e9 n\u00e1hrady vyplacen\u00e9 jednotliv\u00fdm poslanc\u016fm, nen\u00ed snadn\u00e9 zjistit. V roce 2015 skupina novin\u00e1\u0159\u016f ze zem\u00ed Evropsk\u00e9 unie po\u017eadovala, aby europoslanci zve\u0159ejnili, jak utr\u00e1cej\u00ed sv\u00e9 pen\u00edze na n\u00e1hrady. Evropsk\u00fd parlament tehdy novin\u00e1\u0159\u016fm nevyhov\u011bl, p\u0159esto\u017ee nap\u0159\u00edklad Parlament \u010cR tyto \u00fadaje v souladu s \u010desk\u00fdm z\u00e1konem 106\/1999 o svobodn\u00e9m p\u0159\u00edstupu k informac\u00edm b\u011b\u017en\u011b zve\u0159ej\u0148uje. A tak se \u017eurnalist\u00e9 obr\u00e1tili na Soudn\u00ed dv\u016fr EU v Lucemburku. Ten v\u0161ak v roce 2018 jejich \u017ealobu zam\u00edtl. P\u0159i zve\u0159ejn\u011bn\u00ed dokument\u016f o n\u00e1hrad\u00e1ch by podle soudu mohla b\u00fdt ohro\u017eena bezpe\u010dnost osobn\u00edch dat. Novin\u00e1\u0159i pr\u00fd nav\u00edc dostate\u010dn\u011b nedolo\u017eili, \u017ee jsou pro n\u011b dokumenty nezbytn\u00e9. O t\u00e9to kauze v \u010cR jako prvn\u00ed informoval Ond\u0159ej Plev\u00e1k ze serveru EURACTIV.cz.<\/p>\n<h2>Kverulantova \u017e\u00e1dost o informace<\/h2>\n<p>Nen\u00ed pochyb o tom, \u017ee rozhodnut\u00ed Soudn\u00edho dvora EU nastavilo nebezpe\u010dn\u00fd precedens a d\u00e1le prohloubilo ned\u016fv\u011bru, kterou mnoz\u00ed k evropsk\u00fdm instituc\u00edm c\u00edt\u00ed. Ve\u0159ejnost m\u00e1 m\u00edt pr\u00e1vo v\u011bd\u011bt, za co j\u00ed zvolen\u00ed z\u00e1stupci utr\u00e1cej\u00ed jej\u00ed pen\u00edze. Ve\u0159ejnost m\u00e1 m\u00edt pr\u00e1vo kontrolovat politiky, zda u\u017e nejsou roze\u017eran\u00ed p\u0159esp\u0159\u00edli\u0161. O tom, \u017ee je tato kontrola nutn\u00e1, sv\u011bd\u010d\u00ed v\u00fd\u0161e popsan\u00e1 kauza komunisty Ransdorfa. Proto Kverulant v listopadu 2023 podal k Evropsk\u00e9mu parlamentu svoji \u017e\u00e1dost o informace, kterou se do\u017eaduje p\u0159esn\u00e9ho vy\u010d\u00edslen\u00ed vyplacen\u00fdch poslaneck\u00fdch n\u00e1hrad v\u0161em \u010desk\u00fdm poslanc\u016fm od po\u010d\u00e1tku jejich mand\u00e1tu v roce 2019.<\/p>\n<p>D\u00e1le Kverulant po\u017e\u00e1dal o p\u0159ehled \u00fa\u010dasti poslanc\u016f na hlasov\u00e1n\u00ed od po\u010d\u00e1tku 9. obdob\u00ed EP, tedy od roku 2019. Iniciativa Europarlament p\u0159ehledn\u011b sice zmapovala pod\u00edl hlasovac\u00edch dn\u00ed v roce 2022, na kter\u00fdch byli poslanci nep\u0159\u00edtomni, ale nen\u00ed to pod\u00edl jednotliv\u00fdch hlasov\u00e1n\u00ed, na kter\u00fdch europoslanci absentovali, a nen\u00ed to p\u0159ehled za cel\u00e9 volebn\u00ed obdob\u00ed, tedy od roku 2019. Nav\u00edc Iniciativa Europarlament p\u0159ehledn\u011b je placena skupinou Greens\/EFA, kter\u00e1 zahrnuje zelen\u00e9, pir\u00e1tsk\u00e9, nez\u00e1visl\u00e9 poslance EP, poslance EP zastupuj\u00edc\u00ed n\u00e1rody a men\u0161iny bez st\u00e1tn\u00ed p\u0159\u00edslu\u0161nosti, a tak je t\u0159eba jejich zji\u0161t\u011bn\u00ed rad\u011bji ov\u011b\u0159it.<\/p>\n<h2>Obstrukce Evropsk\u00e9ho parlamentu<\/h2>\n<p>N\u011bkolik dn\u016f po odesl\u00e1n\u00ed \u017e\u00e1dosti o informace p\u0159i\u0161la Kverulantovi od Evropsk\u00e9ho parlamentu zam\u00edtav\u00e1 odpov\u011b\u010f. Informace, o kter\u00e9 \u017e\u00e1d\u00e1, jsou pr\u00fd chr\u00e1n\u011bn\u00fdmi osobn\u00edmi \u00fadaji, a pokud Kverulant neprok\u00e1\u017ee \u201enezbytnost p\u0159ed\u00e1n\u00ed \u00fadaj\u016f pro konkr\u00e9tn\u00ed \u00fa\u010del ve ve\u0159ejn\u00e9m z\u00e1jmu\u201c, nic nedostane. Kverulant s takov\u00fdm vy\u0159\u00edzen\u00edm \u017e\u00e1dosti naprosto nesouhlas\u00ed a podal proti n\u011bmu st\u00ed\u017enost.<\/p>\n<p>Ve sv\u00e9 st\u00ed\u017enosti nam\u00edt\u00e1, \u017ee ochrana osobn\u00edch \u00fadaj\u016f nen\u00ed ani v Evropsk\u00e9 unii bezb\u0159eh\u00e1. Pokud by tomu tak bylo, pak by nemohly b\u00fdt zve\u0159ej\u0148ov\u00e1ny jak\u00e9koliv \u00fadaje. Nap\u0159\u00edklad o tom, jak konkr\u00e9tn\u00ed poslanci EP hlasovali v jednotliv\u00fdch p\u0159\u00edpadech. To by byl jist\u011b stav naprosto neslu\u010diteln\u00fd se z\u00e1kladn\u00edmi principy zastupitelsk\u00e9 demokracie.<\/p>\n<p>Nav\u00edc u politik\u016f je ochrana osobnostn\u00edch pr\u00e1v ni\u017e\u0161\u00ed ne\u017e u osob, kter\u00e9 ve\u0159ejn\u011b zn\u00e1m\u00e9 nejsou. D\u016fvod\u016f tohoto principu je n\u011bkolik. Nap\u0159\u00edklad se t\u00edm podporuje ve\u0159ejn\u00e1 diskuse o ve\u0159ejn\u00fdch v\u011bcech a svobodn\u00e9 utv\u00e1\u0159en\u00ed n\u00e1zor\u016f. Osoba vstoupiv\u0161\u00ed na ve\u0159ejnou sc\u00e9nu mus\u00ed po\u010d\u00edtat s t\u00edm, \u017ee jako\u017eto osoba zn\u00e1m\u00e1 bude pod drobnohledem ve\u0159ejnosti.<\/p>\n<p>Po\u017eadavek EP, aby Kverulant prok\u00e1zal, \u017ee h\u00e1j\u00ed ve\u0159ejn\u00fd z\u00e1jem, se jev\u00ed jako obstrukce, kter\u00e1 ho m\u00e1 odradit od zji\u0161\u0165ov\u00e1n\u00ed, za co jsou ve velk\u00e9m utr\u00e1ceny pen\u00edze da\u0148ov\u00fdch poplatn\u00edk\u016f. Kverulant hned v \u00favodu sv\u00e9 \u017e\u00e1dosti o informace uvedl \u017ee \u201eje obecn\u011b prosp\u011b\u0161nou spole\u010dnost\u00ed, je\u017e se v r\u00e1mci sv\u00e9 \u010dinnosti zam\u011b\u0159uje p\u0159edev\u0161\u00edm na prosazov\u00e1n\u00ed ve\u0159ejn\u00e9ho z\u00e1jmu v oblasti hospoda\u0159en\u00ed s ve\u0159ejn\u00fdmi statky a na dohled nad dodr\u017eov\u00e1n\u00edm z\u00e1konn\u00fdch, demokratick\u00fdch a hospod\u00e1rn\u00fdch princip\u016f p\u0159i spr\u00e1v\u011b st\u00e1tu a \u00fazemn\u00edch samospr\u00e1v\u201c. Evropsk\u00fd parlament si tak mohl a m\u011bl ov\u011b\u0159it, zda Kverulant.org je vskutku zaps\u00e1n v p\u0159\u00edslu\u0161n\u00e9m rejst\u0159\u00edku obecn\u011b prosp\u011b\u0161n\u00fdch spole\u010dnost\u00ed. Pokud by tak \u00fa\u0159edn\u00edci EP u\u010dinili, zjistili by, \u017ee se tak stalo ji\u017e p\u0159ed 14 lety, a to 23. \u010dervence 2009. Prohl\u00eddkou internetov\u00fdch str\u00e1nek Kverulanta by pak zjistili, \u017ee od sv\u00e9ho zalo\u017een\u00ed v l\u00e9t\u011b 2009 do sou\u010dasnosti Kverulant pracoval na v\u00edce ne\u017e 100 kauz\u00e1ch ve ve\u0159ejn\u00e9m z\u00e1jmu. T\u011bch dokon\u010den\u00fdch je v\u00edce ne\u017e 65 a na v\u00edce ne\u017e 35 se st\u00e1le pracuje.<\/p>\n<p>Z\u00e1v\u011brem sv\u00e9 st\u00ed\u017enosti Kverulant znovu apeloval na EP, aby po\u017eadovan\u00e9 informace poskytl, proto\u017ee ve\u0159ejnost m\u00e1 m\u00edt pr\u00e1vo v\u011bd\u011bt, jak jeho volen\u00ed z\u00e1stupci pracuj\u00ed a za co utr\u00e1cej\u00ed jej\u00ed pen\u00edze. Ve\u0159ejnost m\u00e1 pr\u00e1vo kontrolovat politiky.<\/p>\n<h2>N\u011bkolik zkratek na E<\/h2>\n<p>Evropsk\u00fd parlament (EP) je jedn\u00edm z org\u00e1n\u016f Evropsk\u00e9 unie (EU). Podle n\u00e1zvu by se mohlo zd\u00e1t, \u017ee jeho \u00fakolem je p\u0159ij\u00edmat evropsk\u00e9 z\u00e1kony, ale nen\u00ed tomu tak. Evropsk\u00e1 unie je \u201e\u0159\u00edzena\u201c evropsk\u00fdmi na\u0159\u00edzen\u00edmi, kter\u00e9 vyd\u00e1v\u00e1 Evropsk\u00e1 komise (EK). EK je tvo\u0159ena 27 komisa\u0159i, jedn\u00edm z ka\u017ed\u00e9 \u010dlensk\u00e9 zem\u011b a zam\u011bstn\u00e1v\u00e1 a\u017e 32 tis\u00edc zam\u011bstnanc\u016f. Ale ani EK nen\u00ed t\u00edm ur\u010duj\u00edc\u00edm org\u00e1nem, kter\u00fd \u201evl\u00e1dne\u201c. T\u00edm je Rada Evropsk\u00e9 unie, n\u011bkdy t\u00e9\u017e Rada ministr\u016f \u010di jen Rada.<\/p>\n<p>Rada EU je vlastn\u011b sch\u016fz\u00ed premi\u00e9r\u016f \u010di ministr\u016f v\u0161ech \u010dlensk\u00fdch st\u00e1t\u016f. D\u0159\u00edve, do listopadu 1993, proto byla v\u00fdsti\u017en\u011b zv\u00e1na \u201eRadou ministr\u016f\u201c. Zjednodu\u0161en\u011b \u0159e\u010deno, ka\u017ed\u00fd n\u00e1vrh, nap\u0159\u00edklad vytvo\u0159en\u00ed nov\u00e9ho evropsk\u00e9ho na\u0159\u00edzen\u00ed, mus\u00ed b\u00fdt odsouhlasen minim\u00e1ln\u011b 260 hlasy z 352 (tj. 73,9 %), p\u0159i\u010dem\u017e hlasy jsou st\u00e1t\u016fm p\u0159id\u011bleny takto:<\/p>\n<p>N\u011bmecko, Francie, It\u00e1lie: 29<br \/>\n\u0160pan\u011blsko, Polsko: 27<br \/>\nRumunsko: 14<br \/>\nNizozemsko: 13<br \/>\nBelgie, \u010cesko, \u0158ecko, Ma\u010farsko, Portugalsko: 12<br \/>\nRakousko, \u0160v\u00e9dsko, Bulharsko: 10<br \/>\nD\u00e1nsko, Chorvatsko, Irsko, Litva, Slovensko, Finsko: 7<br \/>\nKypr, Estonsko, Loty\u0161sko, Lucembursko, Slovinsko: 4<br \/>\nMalta: 3<\/p>\n<h2>Rozpo\u010det EP<\/h2>\n<p>Rozpo\u010det EP \u010dinil v roce 2022 celkem 2,1 miliardy eur, to je v\u00edce ne\u017e 51 miliard \u010desk\u00fdch korun. V\u00edce ne\u017e jedna polovina, p\u0159esn\u011b 54 % z t\u00e9to \u010d\u00e1stky p\u0159ipadla na mzdov\u00e9 n\u00e1klady, tedy na platy poslanc\u016f, poslaneck\u00e9 n\u00e1hrady, platy asistent\u016f, sekret\u00e1\u0159ek, tajemn\u00edk\u016f, podtajemn\u00edk\u016f\u2026<\/p>\n<p>K n\u00e1klad\u016fm na EP je t\u0159eba tak\u00e9 p\u0159ipo\u010d\u00edtat st\u00e1tn\u00ed p\u0159\u00edsp\u011bvek vypl\u00e1cen\u00fd \u010ceskou republikou na \u00fahradu volebn\u00edch n\u00e1klad\u016f pro volby do Evropsk\u00e9ho parlamentu. V roce 2019 tak politick\u00e9 strany dostaly celkem t\u00e9m\u011b\u0159 66 milion\u016f korun. P\u0159\u00edsp\u011bvek dost\u00e1vaj\u00ed v\u0161echny strany, kter\u00e9 z\u00edskaly alespo\u0148 1 % z celkov\u00e9ho po\u010dtu platn\u00fdch hlas\u016f.<\/p>\n<h2>Cirkus na kole\u010dk\u00e1ch<\/h2>\n<p>Zn\u00ed to jako zpr\u00e1va z webu Sputnik, ale je to pravda. Evropsk\u00fd parlament se periodicky st\u011bhuje z belgick\u00e9ho Bruselu do francouzsk\u00e9ho \u0160trasburku a zp\u011bt. Dle platn\u00e9 evropsk\u00e9 legislativy se ve \u0160trasburku mus\u00ed ro\u010dn\u011b konat alespo\u0148 dvan\u00e1ct plen\u00e1rn\u00edch zased\u00e1n\u00ed. Toto st\u011bhov\u00e1n\u00ed je logisticky velmi n\u00e1ro\u010dn\u00e9, p\u0159esouv\u00e1 se 15 000 zam\u011bstnanc\u016f, dokumenty, technika a podobn\u011b. Je tak\u00e9 rekordn\u011b n\u00e1kladn\u00e9. Odhady se pohybuj\u00ed na \u00farovni 200 a\u017e 220 milion\u016f eur, tedy kolem 5 miliard korun. Proti tomuto st\u011bhov\u00e1n\u00ed parlamentu vzniklo n\u011bkolik kampan\u00ed a iniciativ, nicm\u00e9n\u011b proti ukon\u010den\u00ed st\u00e1vaj\u00edc\u00ed praxe se stav\u00ed Francie a Lucembursko.<\/p>\n<div class=\"podcarou\">\n<p>\u010cl\u00e1nek vy\u0161el na\u00a0<a href=\"https:\/\/www.kverulant.org\/\" target=\"_blank\" rel=\"external noopener\">https:\/\/www.kverulant.org\/<\/a>.<\/p>\n<\/div>\n<\/section>\n<p>&nbsp;<\/p>\n<p><a href=\"https:\/\/stranapro.cz\/\"><img decoding=\"async\" loading=\"lazy\" class=\"wp-image-40286 aligncenter\" src=\"http:\/\/www.infokuryr.cz\/n\/wp-content\/uploads\/2023\/11\/12pro-300x87.png\" alt=\"\" width=\"1079\" height=\"313\" srcset=\"https:\/\/www.infokuryr.cz\/n\/wp-content\/uploads\/2023\/11\/12pro-300x87.png 300w, https:\/\/www.infokuryr.cz\/n\/wp-content\/uploads\/2023\/11\/12pro.png 366w\" sizes=\"(max-width: 1079px) 100vw, 1079px\" \/><\/a><\/p>\n<p>&nbsp;<\/p>\n<p>&nbsp;<\/p>\n<p>&nbsp;<\/p>\n","protected":false},"excerpt":{"rendered":"<p>Poslanci Evropsk\u00e9ho parlamentu (EP) dost\u00e1vaj\u00ed ka\u017ed\u00fd m\u011bs\u00edc plat kolem 200 tis\u00edc korun \u010dist\u00e9ho. K tomu&#8230;<\/p>\n","protected":false},"author":2,"featured_media":39146,"comment_status":"closed","ping_status":"closed","sticky":false,"template":"","format":"standard","meta":[],"categories":[6],"tags":[1042,76,41,5082,557],"_links":{"self":[{"href":"https:\/\/www.infokuryr.cz\/n\/wp-json\/wp\/v2\/posts\/40784"}],"collection":[{"href":"https:\/\/www.infokuryr.cz\/n\/wp-json\/wp\/v2\/posts"}],"about":[{"href":"https:\/\/www.infokuryr.cz\/n\/wp-json\/wp\/v2\/types\/post"}],"author":[{"embeddable":true,"href":"https:\/\/www.infokuryr.cz\/n\/wp-json\/wp\/v2\/users\/2"}],"replies":[{"embeddable":true,"href":"https:\/\/www.infokuryr.cz\/n\/wp-json\/wp\/v2\/comments?post=40784"}],"version-history":[{"count":0,"href":"https:\/\/www.infokuryr.cz\/n\/wp-json\/wp\/v2\/posts\/40784\/revisions"}],"wp:featuredmedia":[{"embeddable":true,"href":"https:\/\/www.infokuryr.cz\/n\/wp-json\/wp\/v2\/media\/39146"}],"wp:attachment":[{"href":"https:\/\/www.infokuryr.cz\/n\/wp-json\/wp\/v2\/media?parent=40784"}],"wp:term":[{"taxonomy":"category","embeddable":true,"href":"https:\/\/www.infokuryr.cz\/n\/wp-json\/wp\/v2\/categories?post=40784"},{"taxonomy":"post_tag","embeddable":true,"href":"https:\/\/www.infokuryr.cz\/n\/wp-json\/wp\/v2\/tags?post=40784"}],"curies":[{"name":"wp","href":"https:\/\/api.w.org\/{rel}","templated":true}]}}