{"id":4078,"date":"2021-08-15T04:06:36","date_gmt":"2021-08-15T02:06:36","guid":{"rendered":"http:\/\/www.infokuryr.cz\/n\/?p=4078"},"modified":"2021-08-15T04:07:39","modified_gmt":"2021-08-15T02:07:39","slug":"svedsko-zastavte-polsku-penize-eu-inklinuje-k-autoritarizmu","status":"publish","type":"post","link":"https:\/\/www.infokuryr.cz\/n\/2021\/08\/15\/svedsko-zastavte-polsku-penize-eu-inklinuje-k-autoritarizmu\/","title":{"rendered":"\u0160v\u00e9dsko: Zastavte Polsku pen\u00edze EU. Inklinuje k autoritarizmu"},"content":{"rendered":"<div id=\"fb-root\"><\/div>\n<p>Rozkol v EU se prohlubuje. V\u00fdchodn\u00ed zem\u011b u\u017e nebudou a nemaj\u00ed zapot\u0159eb\u00ed sk\u00e1kat, jak z\u00e1padn\u00ed p\u00edskaj\u00ed, jak tomu je\u0161t\u011b p\u0159ed 10 lety. Polsko, Ma\u010farsko, Slovinsko, Litva i \u010cR za\u010d\u00ednaj\u00ed vykazovat zn\u00e1mky suverenity, a to je z\u00e1padn\u00edm zem\u00edm trnem v oku. Kv\u016fli tomu je do EU nebraly. Rozkol ov\u0161em nen\u00ed d\u00e1n jen v\u00fdvojem ve v\u00fdchodn\u00edch zem\u00edch. Ani Z\u00e1pad nen\u00ed st\u00e1lice, a jeho propad do extr\u00e9mn\u011b-levicov\u00e9ho marazmu, z n\u011bho \u010din\u00ed velmi ned\u016ftkliv\u00e9ho partnera nejen pro v\u00fdchodn\u00ed Evropu, ale cel\u00e9 mezin\u00e1rodn\u00ed spole\u010denstv\u00ed.<\/p>\n<p>Jakou m\u00edru doslova z\u00e1\u0161ti chovaj\u00ed n\u011bkter\u00e9 obskurn\u011bj\u0161\u00ed \u010d\u00e1sti z\u00e1padn\u00edho politick\u00e9ho, ve\u0159ejn\u00e9ho a medi\u00e1ln\u00edho m\u00edn\u011bn\u00ed je vid\u011bt na posledn\u00edm \u010dl\u00e1nku \u0161v\u00e9dsk\u00e9ho Aftonbladetu, kter\u00fd s Polskem u\u017e jednozna\u010dn\u011b skoncov\u00e1v\u00e1. Zastavte Polsku a Ma\u010farsku financov\u00e1n\u00ed, a p\u0159ipravte se na jejich vylou\u010den\u00ed, sm\u011b\u0159uj\u00ed k autorit\u00e1rizmu v rusk\u00e9m stylu, p\u00ed\u0161\u00ed.<\/p>\n<p><a href=\"https:\/\/wpolityce.pl\/swiat\/562402-szwedzki-dziennik-chce-by-odebrac-polsce-pieniadze-z-ue\">ZDROJ<\/a><\/p>\n<p>&nbsp;<\/p>\n","protected":false},"excerpt":{"rendered":"<p>Rozkol v EU se prohlubuje. V\u00fdchodn\u00ed zem\u011b u\u017e nebudou a nemaj\u00ed zapot\u0159eb\u00ed sk\u00e1kat, jak z\u00e1padn\u00ed&#8230;<\/p>\n","protected":false},"author":2,"featured_media":1424,"comment_status":"closed","ping_status":"closed","sticky":false,"template":"","format":"standard","meta":[],"categories":[7],"tags":[90,31,124],"_links":{"self":[{"href":"https:\/\/www.infokuryr.cz\/n\/wp-json\/wp\/v2\/posts\/4078"}],"collection":[{"href":"https:\/\/www.infokuryr.cz\/n\/wp-json\/wp\/v2\/posts"}],"about":[{"href":"https:\/\/www.infokuryr.cz\/n\/wp-json\/wp\/v2\/types\/post"}],"author":[{"embeddable":true,"href":"https:\/\/www.infokuryr.cz\/n\/wp-json\/wp\/v2\/users\/2"}],"replies":[{"embeddable":true,"href":"https:\/\/www.infokuryr.cz\/n\/wp-json\/wp\/v2\/comments?post=4078"}],"version-history":[{"count":0,"href":"https:\/\/www.infokuryr.cz\/n\/wp-json\/wp\/v2\/posts\/4078\/revisions"}],"wp:featuredmedia":[{"embeddable":true,"href":"https:\/\/www.infokuryr.cz\/n\/wp-json\/wp\/v2\/media\/1424"}],"wp:attachment":[{"href":"https:\/\/www.infokuryr.cz\/n\/wp-json\/wp\/v2\/media?parent=4078"}],"wp:term":[{"taxonomy":"category","embeddable":true,"href":"https:\/\/www.infokuryr.cz\/n\/wp-json\/wp\/v2\/categories?post=4078"},{"taxonomy":"post_tag","embeddable":true,"href":"https:\/\/www.infokuryr.cz\/n\/wp-json\/wp\/v2\/tags?post=4078"}],"curies":[{"name":"wp","href":"https:\/\/api.w.org\/{rel}","templated":true}]}}