{"id":40777,"date":"2023-11-23T05:25:01","date_gmt":"2023-11-23T04:25:01","guid":{"rendered":"https:\/\/www.infokuryr.cz\/n\/?p=40777"},"modified":"2023-11-23T05:25:01","modified_gmt":"2023-11-23T04:25:01","slug":"teorie-ulohy-a-funkce-statu-proc-globaliste-zvitezi-ve-svem-behu-za-ukotvenim-svetoveho-neomarxismu","status":"publish","type":"post","link":"https:\/\/www.infokuryr.cz\/n\/2023\/11\/23\/teorie-ulohy-a-funkce-statu-proc-globaliste-zvitezi-ve-svem-behu-za-ukotvenim-svetoveho-neomarxismu\/","title":{"rendered":"Teorie \u00falohy a funkce st\u00e1tu \u2013 Pro\u010d globalist\u00e9 zv\u00edt\u011bz\u00ed ve sv\u00e9m b\u011bhu za ukotven\u00edm sv\u011btov\u00e9ho neomarxismu"},"content":{"rendered":"<div id=\"fb-root\"><\/div>\n<h4>Teorie \u00falohy a funkce st\u00e1tu \u2013 Pro\u010d globalist\u00e9 zv\u00edt\u011bz\u00ed ve sv\u00e9m b\u011bhu za ukotven\u00edm sv\u011btov\u00e9ho neomarxismu a pro\u010d syst\u00e9m p\u0159erozd\u011blov\u00e1n\u00ed vy\u017eaduje digit\u00e1ln\u00ed ekonomiku, digit\u00e1ln\u00ed m\u011bnu, digit\u00e1ln\u00ed identitu, digit\u00e1ln\u00ed doklady a t\u00e9m\u011b\u0159 nulov\u00fd pohyb obyvatelstva? Krize d\u016fchodov\u00fdch syst\u00e9m\u016f je pouze po\u010d\u00e1tkem glob\u00e1ln\u00ed katarze star\u00e9ho sv\u011btov\u00e9ho \u0159\u00e1du, kter\u00fd ji\u017e prokazateln\u011b nen\u00ed \u017eivotaschopn\u00fd!<\/h4>\n<p>\u010cesk\u00fd ekonom Luk\u00e1\u0161 Kovanda v pond\u011bl\u00ed pro CNN Prima News poskytl na \u010desk\u00e9 pom\u011bry opravdu v\u00fdbu\u0161n\u00fd rozhovor\u00a0<strong>[<a href=\"https:\/\/href.li\/?https:\/\/cnn.iprima.cz\/ekonom-musime-z-cechu-vykorenit-predstavu-ze-maji-narok-na-duchod-a-ze-se-o-ne-stat-postara-418134\" target=\"_blank\" rel=\"nofollow noopener\">1<\/a>]<\/strong>, ve kter\u00e9m prohl\u00e1sil, \u017ee na d\u016fchody v \u010cR nem\u00e1 b\u00fdt n\u00e1rok, \u017ee pen\u00edze nerostou na stromech a \u010ce\u0161i si mus\u00ed za\u010d\u00edt v\u00edce spo\u0159it m\u00edsto toho, aby jezdili na dovolen\u00e9 do Thajska. Podle Kovandy by m\u011bl st\u00e1t poskytovat ob\u010dan\u016fm jen jakousi z\u00e1chranou existen\u010dn\u00ed s\u00ed\u0165, aby lid\u00e9 nespali pod mostem a aby neupadli do chudoby.<\/p>\n<p><strong>\u010ce\u0161i by se ji\u017e od ml\u00e1d\u00ed pr\u00fd m\u011bli nau\u010dit investovat a spo\u0159it si na d\u016fchody, jako to d\u011blaj\u00ed Ameri\u010dan\u00e9.<\/strong>\u00a0Kovanda nepodporuje ani d\u016fchodov\u00e9 fondy, proto\u017ee maj\u00ed n\u00edzk\u00e9 v\u00fdnosy a striktn\u00ed regulace, \u017ee nesm\u00ed investovat do rizikov\u00fdch a v\u00fdnosn\u011bj\u0161\u00edch obchod\u016f. \u010ce\u0161i se pr\u00fd mus\u00ed nau\u010dit n\u00e9st riziko ztr\u00e1ty, kdy\u017e v investi\u010dn\u00edch titulech ztrat\u00ed pen\u00edze p\u0159i poklesu trh\u016f.<\/p>\n<figure id=\"attachment_57750\" class=\"wp-caption aligncenter\" style=\"width: 696px;\"><a href=\"https:\/\/aeronet.news\/wp-content\/uploads\/LukasKovandaCNNPrima.jpg\"><img decoding=\"async\" loading=\"lazy\" class=\"wp-image-57750 \" src=\"https:\/\/aeronet.news\/wp-content\/uploads\/LukasKovandaCNNPrima-1024x533.jpg\" sizes=\"(max-width: 700px) 100vw, 700px\" srcset=\"https:\/\/aeronet.news\/wp-content\/uploads\/LukasKovandaCNNPrima-1024x533.jpg 1024w, https:\/\/aeronet.news\/wp-content\/uploads\/LukasKovandaCNNPrima-300x156.jpg 300w, https:\/\/aeronet.news\/wp-content\/uploads\/LukasKovandaCNNPrima-768x400.jpg 768w, https:\/\/aeronet.news\/wp-content\/uploads\/LukasKovandaCNNPrima-700x364.jpg 700w, https:\/\/aeronet.news\/wp-content\/uploads\/LukasKovandaCNNPrima-686x357.jpg 686w, https:\/\/aeronet.news\/wp-content\/uploads\/LukasKovandaCNNPrima-928x483.jpg 928w, https:\/\/aeronet.news\/wp-content\/uploads\/LukasKovandaCNNPrima.jpg 1280w\" alt=\"\" width=\"696\" height=\"362\" \/><\/a><figcaption class=\"wp-caption-text\">Luk\u00e1\u0161 Kovanda, ekonom a analytik Trinity Bank<\/figcaption><\/figure>\n<p>P\u0159izn\u00e1m se, \u017ee kdy\u017e jsem \u010dl\u00e1nek \u010detl, napadlo mn\u011b jedin\u00e9 slovo, a to \u201cprovokace\u201d a nav\u00edc asi my\u0161lena opravdu v\u00e1\u017en\u011b a s p\u0159esv\u011bd\u010den\u00edm. Luk\u00e1\u0161 Kovanda jako bank\u00e9\u0159 a analytik Trinity Bank jaksi pozapomn\u011bl v rozhovoru zm\u00ednit, co se stalo americk\u00fdm penzist\u016fm v letech 2008 a 2009 v USA po hypote\u010dn\u00ed krizi. A nejen americk\u00fdm investor\u016fm, ale i t\u011bm n\u011bmeck\u00fdm, irsk\u00fdm a mnoha dal\u0161\u00edm.<\/p>\n<p>Pr\u00e1v\u011b v Irsku p\u0159i\u0161li zam\u011bstnanci investuj\u00edc\u00ed do irsk\u00fdch fond\u016f cel\u00fdch 30% ve\u0161ker\u00fdch sv\u00fdch aktiv\u00a0<strong>[<a href=\"https:\/\/href.li\/?https:\/\/www.theguardian.com\/money\/2008\/dec\/14\/pensions-credit-crunch-losses\" target=\"_blank\" rel=\"nofollow noopener\">2<\/a>]<\/strong>\u00a0a des\u00edtky tis\u00edc Ir\u016f museli z\u016fstat v pr\u00e1ci o 10 a\u017e 12 let d\u00e9le, proto\u017ee ztr\u00e1ty irsk\u00fdch fond\u016f se zahojily a\u017e v letech 2020 a 2021. To sam\u00e9 potkalo americk\u00e9 zam\u011bstnance, kte\u0159\u00ed podle feder\u00e1ln\u00edho programu zn\u00e1m\u00e9ho jako 401k p\u0159i\u0161li v n\u011bkter\u00fdch p\u0159\u00edpadech o cel\u00e9 sv\u00e9 investice do hypotek\u00e1rn\u00edch titul\u016f, co\u017e byly velice nebezpe\u010dn\u00e9 investice do tzv. bankovn\u00edch deriv\u00e1t\u016f, co\u017e jim po krachu americk\u00e9ho hypote\u010dn\u00edho trhu znemo\u017enilo odej\u00edt do d\u016fchodu a museli pracovat a investovat do fond\u016f dal\u0161\u00ed roky.<\/p>\n<h6><span style=\"font-size: 18pt;\">Amerikanizace \u010desk\u00e9ho d\u016fchodce<\/span><\/h6>\n<p>Pan Kovanda v rozhovoru pro CNN Prima News hodn\u011b p\u0159eh\u00e1n\u00ed, kdy\u017e mluv\u00ed o tom, \u017ee Ameri\u010dan\u00e9 se u\u010d\u00ed investovat od ml\u00e1d\u00ed. Ameri\u010dan\u00e9 nev\u00ed o investov\u00e1n\u00ed naprosto nic, ohledn\u011b sv\u00fdch znalost\u00ed o financ\u00edch jsou na tom stejn\u011b jako \u010ce\u0161i, ale\u00a0<strong>rozd\u00edl je v tom, \u017ee kdy\u017e Ameri\u010dan nastoup\u00ed do zam\u011bstn\u00e1n\u00ed, zam\u011bstnavatel mu d\u00e1 podepsat pap\u00edr o souhlasu s penzijn\u00edm investov\u00e1n\u00edm podle feder\u00e1ln\u00edho z\u00e1kona o dan\u00edch,<\/strong>\u00a0kde se v p\u0159edpisu \u010d. 401 feder\u00e1ln\u00edho da\u0148ov\u00e9ho \u0159\u00e1du pod p\u00edsmenem \u201ck\u201d nach\u00e1z\u00ed paragraf o pr\u00e1vu zam\u011bstnanc\u016f osvobodit \u010d\u00e1st sv\u00fdch dan\u00ed a dan\u00ed jeho zam\u011bstnavatele p\u0159eveden\u00edm prost\u0159edk\u016f do americk\u00fdch penzijn\u00edch fond\u016f podle tohoto odstavce 401k.<\/p>\n<figure id=\"attachment_57752\" class=\"wp-caption aligncenter\" style=\"width: 956px;\"><a href=\"https:\/\/aeronet.news\/wp-content\/uploads\/401kPlanUS.jpg\"><img decoding=\"async\" loading=\"lazy\" class=\"wp-image-57752 \" src=\"https:\/\/aeronet.news\/wp-content\/uploads\/401kPlanUS.jpg\" sizes=\"(max-width: 1280px) 100vw, 1280px\" srcset=\"https:\/\/aeronet.news\/wp-content\/uploads\/401kPlanUS.jpg 1280w, https:\/\/aeronet.news\/wp-content\/uploads\/401kPlanUS-300x200.jpg 300w, https:\/\/aeronet.news\/wp-content\/uploads\/401kPlanUS-768x512.jpg 768w, https:\/\/aeronet.news\/wp-content\/uploads\/401kPlanUS-1024x682.jpg 1024w, https:\/\/aeronet.news\/wp-content\/uploads\/401kPlanUS-700x466.jpg 700w, https:\/\/aeronet.news\/wp-content\/uploads\/401kPlanUS-536x357.jpg 536w, https:\/\/aeronet.news\/wp-content\/uploads\/401kPlanUS-725x483.jpg 725w\" alt=\"\" width=\"956\" height=\"637\" \/><\/a><figcaption class=\"wp-caption-text\">P\u0159\u00edsp\u011bvkov\u011b zv\u00fdhodn\u011bn\u00fd pl\u00e1n penzijn\u00edho spo\u0159en\u00ed, kter\u00fd je sponzorov\u00e1n zam\u011bstnavatelem<\/figcaption><\/figure>\n<p>Od toho je ten n\u00e1zev odvozen. Zam\u011bstnavatel si sn\u00ed\u017e\u00ed v USA da\u0148ov\u00fd z\u00e1klad a zam\u011bstnanec si odvede pen\u00edze do fondu a nemus\u00ed je danit dan\u00ed z p\u0159\u00edjmu.\u00a0<strong>Proto zam\u011bstnavatel\u00e9 tla\u010d\u00ed v USA sv\u00e9 zam\u011bstnance ke vstupu do fond\u016f, proto\u017ee se to samotn\u00fdm zam\u011bstnavatel\u016fm vyplat\u00ed, nejen zam\u011bstnanc\u016fm.<\/strong>\u00a0Mohu proto ujistit pana Kovandu, \u017ee Ameri\u010dan\u00e9 opravdu nev\u00ed o investov\u00e1n\u00ed v\u016fbec nic a o investi\u010dn\u00ed portfolio se staraj\u00ed americk\u00e9 penzijn\u00ed fondy samy, Ameri\u010dan\u00e9 jim do toho nemluv\u00ed. N\u00e1sleduj\u00edc\u00ed v\u00fdrok pana Kovandy m\u011b ale zd\u011bsil: \u201c<em>Ameri\u010dani prost\u011b v\u011bd\u00ed, \u017ee kdy\u017e cht\u011bj\u00ed m\u00edt zaji\u0161t\u011bn\u00ed na st\u00e1\u0159\u00ed, tak si u\u017e od 30 let mus\u00ed kupovat akcie, v\u00ed, \u017ee mohou spadnout, \u017ee m\u016f\u017ee p\u0159ij\u00edt krize, ale jsou s\u00a0t\u00edm s\u017eiti a ve spole\u010dnosti je to zako\u0159en\u011bno.<\/em>\u201c<\/p>\n<h6><span style=\"font-size: 18pt;\">Ameri\u010dan\u00e9 a s nimi i mnoz\u00ed Evropan\u00e9 p\u0159i\u0161li v letech 2008 a 2009 o sv\u00e9 d\u016fchody v d\u016fchodov\u00fdch fondech<\/span><\/h6>\n<p>Opravdu nev\u00edm, kde na takovou v\u011bc pan Kovanda p\u0159i\u0161el, ale v USA v roce 2008, kdy\u017e se zhroutil hypote\u010dn\u00ed trh, opravdu s krachem penzijn\u00edch fond\u016f v USA nikdo s\u017eit nebyl a nebyli s t\u00edm s\u017eiti ani N\u011bmci, jejich\u017e d\u016fchodov\u00e9 fondy m\u00e1lem zkrachovaly investov\u00e1n\u00edm do \u0159eck\u00fdch st\u00e1tn\u00edch dluhopis\u016f natolik, \u017ee nakonec vl\u00e1da Angely Merkelov\u00e9 musela \u0158ecko zachra\u0148ovat z pen\u011bz Evropsk\u00e9 unie a zaveden\u00edm tzv.\u00a0<em>Eurovalu<\/em>.<\/p>\n<p><strong>Berl\u00edn tehdy nezachr\u00e1nil \u0158ecko p\u0159ed bankrotem kv\u016fli l\u00e1sce k \u0158ek\u016fm, ale kv\u016fli z\u00e1chran\u011b n\u011bmeck\u00fdch d\u016fchodov\u00fdch fond\u016f, aby \u0158ekov\u00e9 do nich m\u011bli z \u010deho pos\u00edlat pen\u00edze.<\/strong>\u00a0J\u00e1 opravdu nev\u00edm, jestli pan Kovanda mysl\u00ed tyto sv\u00e9 v\u00fdroky v\u00e1\u017en\u011b, \u017ee by n\u011bkdo byl s\u017eit\u00fd s t\u00edm, \u017ee p\u0159ijde o pen\u00edze, kter\u00e9 si spo\u0159il na st\u00e1\u0159\u00ed, proto\u017ee s\u017eiti s t\u00edm nebyli ani Ameri\u010dan\u00e9, ani N\u011bmci, ani Irov\u00e9. To snad nem\u016f\u017ee myslet v\u00e1\u017en\u011b?<\/p>\n<figure id=\"attachment_7808\" class=\"wp-caption aligncenter\" style=\"width: 698px;\"><a href=\"https:\/\/aeronet.news\/wp-content\/uploads\/150422-OE-Blog-Greece-Default.jpg\"><img decoding=\"async\" loading=\"lazy\" class=\"wp-image-7808 \" src=\"https:\/\/aeronet.news\/wp-content\/uploads\/150422-OE-Blog-Greece-Default-1024x681.jpg\" sizes=\"(max-width: 700px) 100vw, 700px\" srcset=\"https:\/\/aeronet.news\/wp-content\/uploads\/150422-OE-Blog-Greece-Default-1024x681.jpg 1024w, https:\/\/aeronet.news\/wp-content\/uploads\/150422-OE-Blog-Greece-Default-300x199.jpg 300w, https:\/\/aeronet.news\/wp-content\/uploads\/150422-OE-Blog-Greece-Default-700x465.jpg 700w, https:\/\/aeronet.news\/wp-content\/uploads\/150422-OE-Blog-Greece-Default-537x357.jpg 537w, https:\/\/aeronet.news\/wp-content\/uploads\/150422-OE-Blog-Greece-Default-726x483.jpg 726w, https:\/\/aeronet.news\/wp-content\/uploads\/150422-OE-Blog-Greece-Default.jpg 1540w\" alt=\"\" width=\"698\" height=\"464\" \/><\/a><figcaption class=\"wp-caption-text\">N\u011bmeck\u00e9 d\u016fchodov\u00e9 fondy utopily v \u0159eck\u00fdch bondech d\u016fchody mnoha milion\u016f budouc\u00edch n\u011bmeck\u00fdch d\u016fchodc\u016f, na to u\u017e si pan Kovanda nepamatuje?<\/figcaption><\/figure>\n<p>Investov\u00e1n\u00ed do fond\u016f jako forma spo\u0159en\u00ed na d\u016fchod vznikl p\u0159ed des\u00edtkami let v z\u00e1padn\u00edch zem\u00edch jako cesta, jak se p\u0159ibl\u00ed\u017eit socialistick\u00fdm zem\u00edm tzv. V\u00fdchodn\u00edho bloku, kter\u00e9 garantovan\u00fdmi d\u016fchody pro obyvatelstvo a stabiln\u00edmi cenami centr\u00e1ln\u011b \u0159\u00edzen\u00fdch ekonomik konkurovaly z\u00e1padn\u00edm kapitalistick\u00fdm zem\u00edm v rovin\u011b ideologie. Re\u00e1ln\u011b hrozilo, \u017ee obyvatel\u00e9 z\u00e1padn\u00edch zem\u00ed za\u010dnou tou\u017eit po socialismu a pota\u017emo komunismu. Proto vznikly v USA a v zem\u00edch z\u00e1padn\u00ed Evropy tzv. d\u016fchodov\u00e9 fondy, kter\u00e9 fungovaly na jednoduch\u00e9m principu investov\u00e1n\u00ed do konzervativn\u00edch titul\u016f s n\u00edzk\u00fdmi, ale jist\u00fdmi v\u00fdnosy, kter\u00e9 pokr\u00fdvaly ro\u010dn\u00ed inflaci.<\/p>\n<p>Tento syst\u00e9m d\u016fchodov\u00fdch fond\u016f ale ji\u017e nen\u00ed \u017eivotaschopn\u00fd, proto\u017ee\u00a0<strong>inflace v cel\u00e9m z\u00e1padn\u00edm sv\u011bt\u011b se zvy\u0161uje rychleji, ne\u017e kolik rostou v\u00fdnosy z konzervativn\u00edch investi\u010dn\u00edch titul\u016f, tak\u017ee d\u016fchodov\u00e9 fondy negeneruj\u00ed v\u00fdnosy, ale pouze a jenom ztr\u00e1tu.<\/strong>\u00a0To vedlo koncem 90. let minul\u00e9ho stolet\u00ed k tomu, \u017ee fondy si na\u0161ly nov\u00e9 zlat\u00e9 tele, do kter\u00e9ho lze investovat z d\u016fchodov\u00fdch fond\u016f a zajistit tak vy\u0161\u0161\u00ed v\u00fdnosy. Tomu teleti se odborn\u011b \u0159\u00edk\u00e1\u00a0<em>bankovn\u00ed deriv\u00e1t<\/em>.<\/p>\n<h6><span style=\"font-size: 18pt;\">Americk\u00e9 i evropsk\u00e9 d\u016fchodov\u00e9 fondy investovaly do toxick\u00fdch deriv\u00e1t\u016f<\/span><\/h6>\n<p>Bankovn\u00ed deriv\u00e1t je laicky \u0159e\u010deno bankovn\u00ed produkt odvozen\u00fd (derivovan\u00fd) od jin\u00e9ho bankovn\u00edho produktu. A pr\u00e1v\u011b v USA se t\u00edm nejv\u011bt\u0161\u00edm deriv\u00e1tem staly tzv. hypote\u010dn\u00ed bondy. Banky se p\u0159edh\u00e1n\u011bly, aby udaly Ameri\u010dan\u016fm za n\u00edzk\u00fd nebo dokonce nulov\u00fd \u00farok v prvn\u00edch letech spl\u00e1cen\u00ed de facto ka\u017edou nemovitost. Najednou ka\u017ed\u00fd v USA m\u011bl vlastn\u00ed d\u016fm, kdejak\u00fd \u010dernoch m\u011bl vilu jako rockov\u00e1 hv\u011bzda. A spl\u00e1tky hypot\u00e9ky d\u00edky \u00favodn\u00ed fixaci byly skand\u00e1ln\u011b n\u00edzk\u00e9, ni\u017e\u0161\u00ed ne\u017e n\u00e1jmy v USA.<\/p>\n<p>Pro\u010d bydlet v n\u00e1jmu, kdy\u017e m\u016f\u017eete bydlet ve vlastn\u00edm za polovinu ceny m\u011bs\u00ed\u010dn\u011b? Byla to \u010dasovan\u00e1 bomba a ot\u00e1zka \u010dasu, kdy dojde ke konci fixac\u00ed a n\u00edzk\u00fdch sazeb. To, co se stalo potom, \u017ee najednou v roce 2008 za\u010daly americk\u00e9 hypot\u00e9ky padat do defaultu, proto\u017ee najednou se nemajetn\u00fdm a kreditkami obt\u00ed\u017een\u00fdm Ameri\u010dan\u016fm zvedly spl\u00e1tky na bar\u00e1ky o 100, 200, ale i 400 nebo 500% po konci fixac\u00ed, to u\u017e v\u0161ichni zn\u00e1te a v\u00edte. Ale pro\u010d k tomu do\u0161lo?<\/p>\n<figure id=\"attachment_57754\" class=\"wp-caption aligncenter\" style=\"width: 697px;\"><a href=\"https:\/\/aeronet.news\/wp-content\/uploads\/LehmanBrothersSignDown.jpg\"><img decoding=\"async\" loading=\"lazy\" class=\"wp-image-57754 \" src=\"https:\/\/aeronet.news\/wp-content\/uploads\/LehmanBrothersSignDown-1024x614.jpg\" sizes=\"(max-width: 700px) 100vw, 700px\" srcset=\"https:\/\/aeronet.news\/wp-content\/uploads\/LehmanBrothersSignDown-1024x614.jpg 1024w, https:\/\/aeronet.news\/wp-content\/uploads\/LehmanBrothersSignDown-300x180.jpg 300w, https:\/\/aeronet.news\/wp-content\/uploads\/LehmanBrothersSignDown-768x461.jpg 768w, https:\/\/aeronet.news\/wp-content\/uploads\/LehmanBrothersSignDown-700x420.jpg 700w, https:\/\/aeronet.news\/wp-content\/uploads\/LehmanBrothersSignDown-595x357.jpg 595w, https:\/\/aeronet.news\/wp-content\/uploads\/LehmanBrothersSignDown-805x483.jpg 805w, https:\/\/aeronet.news\/wp-content\/uploads\/LehmanBrothersSignDown.jpg 1280w\" alt=\"\" width=\"697\" height=\"418\" \/><\/a><figcaption class=\"wp-caption-text\">Lehman Brothers byl kmenovou bankou FEDu. Jednou z p\u011bti.<\/figcaption><\/figure>\n<p>Banky v USA toti\u017e poskytovaly hypot\u00e9ky kdekomu proto, \u017ee ty hypot\u00e9ky ve skute\u010dnosti obratem ruky prod\u00e1valy a obchodovaly s nimi prost\u0159ednictv\u00edm deriv\u00e1t\u016f.\u00a0<strong>Banky vzaly sv\u00e9 a na pap\u00edru podepsan\u00e9 hypot\u00e9ky a za\u010daly je derivovat, to znamen\u00e1 budouc\u00ed v\u00fdnosy z nich za\u010daly obchodovat jako aktiva.<\/strong>\u00a0A pr\u00e1v\u011b do t\u011bchto\u00a0<em>v\u00fdnos\u016f budouc\u00edch<\/em>\u00a0investovaly americk\u00e9 a evropsk\u00e9 d\u016fchodov\u00e9 fondy. A to nebylo v\u0161echno. Krom\u011b hypote\u010dn\u00edch bond\u016f v USA jel obrovsk\u00fd trh s osobn\u00edm kreditem. Banky tla\u010dily Ameri\u010dan\u016fm kreditky s vysok\u00fdmi limity v tis\u00edc\u00edch a n\u011bkdy i des\u00edtk\u00e1ch tis\u00edc dolar\u016f s n\u00edzk\u00fdmi \u00faroky.<\/p>\n<h6><span style=\"font-size: 18pt;\">Hypote\u010dn\u00ed krize vznikla kv\u016fli chudob\u011b americk\u00e9ho obyvatelstva \u017eij\u00edc\u00edho ve skute\u010dnosti z kreditek a kreditn\u00edho dluhu, kter\u00fd kryl i ve\u0161ker\u00fd trh s nemovitostmi v USA<\/span><\/h6>\n<p>A v\u00edte, co d\u011blali Ameri\u010dan\u00e9? T\u011bmi kreditkami platili ty n\u00edzk\u00e9 spl\u00e1tky t\u011bch hypot\u00e9k na bar\u00e1c\u00edch. \u010casovan\u00e1 bomba defaultu vybuchla krachem\u00a0<em>Lehman Brothers<\/em>, co\u017e byla banka, kter\u00e1 nejv\u00edce investovala do hypote\u010dn\u00edch bond\u016f a do kreditn\u00edch v\u00fdnos\u016f. Tyto dva deriv\u00e1ty zap\u0159\u00ed\u010dinily vypuknut\u00ed krize v roce 2008. Ameri\u010dan\u00e9 p\u0159i\u0161li o nemovitosti, banky p\u0159i\u0161ly o hypot\u00e9ky a v\u00fdnosy z nich a d\u016fchodov\u00e9 fondy p\u0159i\u0161ly o investice do deriv\u00e1t\u016f odvozen\u00fdch z hypot\u00e9k. Pokud pan Kovanda bude tvrdit, \u017ee na toto byli Ameri\u010dan\u00e9 p\u0159ipraveni a s\u017eiti s t\u00edm, tak m\u00e1 hodn\u011b zvl\u00e1\u0161tn\u00ed smysl pro drsn\u00fd humor.<\/p>\n<figure id=\"attachment_53360\" class=\"wp-caption aligncenter\" style=\"width: 694px;\"><a href=\"https:\/\/aeronet.news\/wp-content\/uploads\/OuroborosTree.jpg\"><img decoding=\"async\" loading=\"lazy\" class=\"wp-image-53360 \" src=\"https:\/\/aeronet.news\/wp-content\/uploads\/OuroborosTree-1024x682.jpg\" sizes=\"(max-width: 700px) 100vw, 700px\" srcset=\"https:\/\/aeronet.news\/wp-content\/uploads\/OuroborosTree-1024x682.jpg 1024w, https:\/\/aeronet.news\/wp-content\/uploads\/OuroborosTree-300x200.jpg 300w, https:\/\/aeronet.news\/wp-content\/uploads\/OuroborosTree-768x512.jpg 768w, https:\/\/aeronet.news\/wp-content\/uploads\/OuroborosTree-700x466.jpg 700w, https:\/\/aeronet.news\/wp-content\/uploads\/OuroborosTree-536x357.jpg 536w, https:\/\/aeronet.news\/wp-content\/uploads\/OuroborosTree-725x483.jpg 725w, https:\/\/aeronet.news\/wp-content\/uploads\/OuroborosTree.jpg 1280w\" alt=\"\" width=\"694\" height=\"462\" \/><\/a><figcaption class=\"wp-caption-text\">Symbol hypote\u010dn\u00ed krize v USA, had Ouroboros po\u017e\u00edraj\u00edc\u00ed s\u00e1m sebe z d\u016fvodu vlastn\u00ed nenasytnosti<\/figcaption><\/figure>\n<p>Cel\u00e9 to fungovalo a\u017e do krachu v roce 2008 proto, \u017ee se jednalo o proces\u00a0<em>Ouroboros<\/em>, tedy had po\u017e\u00edraj\u00edc\u00ed vlastn\u00ed ocas. P\u0159esn\u011b tak se dal charakterizovat ten proces, kdy banky poskytovaly hypot\u00e9ky kde komu, aby vyd\u011blaly pen\u00edze na prodej\u00edch deriv\u00e1t\u016f, jejich\u017e n\u00e1kupem cht\u011bly vyd\u011blat d\u016fchodov\u00e9 fondy z USA a cel\u00e9ho sv\u011bta, ale\u00a0<strong>aby Ameri\u010dan\u00e9 mohli ty n\u00edzk\u00e9 spl\u00e1tky v prvn\u00edch letech hypot\u00e9ky spl\u00e1cet, tak jim americk\u00e9 banky musely rozdat kreditky, co\u017e se rozjelo v USA na p\u0159elomu tis\u00edcilet\u00ed.<\/strong><\/p>\n<p>Ty ale byly kryty kreditem nav\u00e1zan\u00fdm na prodeje deriv\u00e1t\u016f v\u00fdnos\u016f z \u00farok\u016f kreditn\u00edch karet, kter\u00e9 kupovaly jin\u00e9 americk\u00e9 banky jako t\u0159eba\u00a0<em>Lehman Brothers<\/em>. Syst\u00e9m tak doslova po\u017e\u00edral s\u00e1m sebe a\u017e do chv\u00edle, kdy se had zasekl na tom, \u017ee Ameri\u010dan\u016fm na kreditk\u00e1ch do\u0161ly pen\u00edze, tedy l\u00e9pe \u0159e\u010deno \u00fav\u011brov\u00e9 limity. Hypote\u010dn\u00ed krize tak uk\u00e1zala, \u017ee nelze u\u017e vyd\u011blat velk\u00e9 pen\u00edze na velk\u00fdch \u00faroc\u00edch, proto\u017ee obyvatelstvo je chud\u00e9 a hlavn\u011b beznad\u011bjn\u011b p\u0159edlu\u017een\u00e9.<\/p>\n<h6><span style=\"font-size: 18pt;\">Investovat do d\u016fchodov\u00fdch fond\u016f znamen\u00e1 vyd\u011bl\u00e1vat dost pen\u011bz a investovat do deriv\u00e1t\u016f s vysok\u00fdm rizikem a s v\u00fdnosy p\u0159evy\u0161uj\u00edc\u00edmi inflaci \u2013 Takov\u00e1 je dnes realita!<\/span><\/h6>\n<p>A t\u00edm se dost\u00e1v\u00e1m k tomu, pro\u010d cel\u00fd rozhovor pana Kovandy je naprost\u00fd omyl. V dne\u0161n\u00ed dob\u011b nen\u00ed nikde v \u017e\u00e1dn\u00e9 zemi natolik bohat\u00e9 obyvatelstvo, aby si mohlo spo\u0159it na sv\u00e9 d\u016fchody dostate\u010dn\u011b a konzervativn\u011b bezpe\u010dn\u011b, proto\u017ee v d\u016fsledku inflace jsou fondy nuceny investovat jen do rizikov\u00fdch titul\u016f, kter\u00e9 neinvestuj\u00ed \u010dasto do ni\u010deho jin\u00e9ho, ne\u017e jsou bankovn\u00ed deriv\u00e1ty a dal\u0161\u00ed rizikov\u00e9 tituly, kter\u00e9 jsou voleny fondy pr\u00e1v\u011b proto, \u017ee ve spole\u010dnosti roste inflace rychleji, ne\u017e jsou v\u00fdnosov\u00e9 zisky konzervativn\u00edch investi\u010dn\u00edch titul\u016f.<\/p>\n<figure id=\"attachment_57751\" class=\"wp-caption aligncenter\" style=\"width: 696px;\"><a href=\"https:\/\/aeronet.news\/wp-content\/uploads\/MGIMO_Forever.jpg\"><img decoding=\"async\" loading=\"lazy\" class=\"wp-image-57751 \" src=\"https:\/\/aeronet.news\/wp-content\/uploads\/MGIMO_Forever-1024x576.jpg\" sizes=\"(max-width: 700px) 100vw, 700px\" srcset=\"https:\/\/aeronet.news\/wp-content\/uploads\/MGIMO_Forever-1024x576.jpg 1024w, https:\/\/aeronet.news\/wp-content\/uploads\/MGIMO_Forever-300x169.jpg 300w, https:\/\/aeronet.news\/wp-content\/uploads\/MGIMO_Forever-768x432.jpg 768w, https:\/\/aeronet.news\/wp-content\/uploads\/MGIMO_Forever-700x394.jpg 700w, https:\/\/aeronet.news\/wp-content\/uploads\/MGIMO_Forever-635x357.jpg 635w, https:\/\/aeronet.news\/wp-content\/uploads\/MGIMO_Forever-859x483.jpg 859w, https:\/\/aeronet.news\/wp-content\/uploads\/MGIMO_Forever.jpg 1280w\" alt=\"\" width=\"696\" height=\"392\" \/><\/a><figcaption class=\"wp-caption-text\">Moskevsk\u00fd institut mezin\u00e1rodn\u00edch vztah\u016f (MGIMO)<\/figcaption><\/figure>\n<p>A ta inflace roste proto, \u017ee obyvatelstvu se zvy\u0161uj\u00ed \u017eivotn\u00ed n\u00e1klady, ceny bydlen\u00ed, ceny energi\u00ed, paliv, potravin a slu\u017eeb, proto\u017ee glob\u00e1ln\u00ed ekonomika se fragmentuje, sankce a restrikce omezuj\u00ed trh s palivy, surovinami a energiemi, co\u017e zdra\u017euje v\u00fdrobu, a to vede k tlaku na zvy\u0161ov\u00e1n\u00ed cen, co\u017e vede k tlaku na zvy\u0161ov\u00e1n\u00ed mezd, ale mnohem pomaleji, ne\u017e rostou ceny. Proto se globalist\u00e9 sna\u017e\u00ed o prolomen\u00ed kruhu. Ne\u017e si vysv\u011btl\u00edme proces Nov\u00e9ho sv\u011btov\u00e9ho \u0159adu, pov\u00edme si n\u011bco o \u00faloze a funkci st\u00e1tu.<\/p>\n<h4><span style=\"font-size: 18pt;\">Teorie \u00falohy a funkce st\u00e1tu<\/span><\/h4>\n<p>V reakci na Kovand\u016fv rozhovor mnoho lid\u00ed na soci\u00e1ln\u00edch s\u00edt\u00edch reagovalo slovy, k \u010demu potom bude st\u00e1t, kdy\u017e se nepostar\u00e1 o d\u016fchody? Tato ot\u00e1zka je spr\u00e1vn\u011b polo\u017een\u00e1 a my si mus\u00edme vysv\u011btlit hlavn\u00ed princip st\u00e1tu z hlediska teorie st\u00e1tu. P\u0159edm\u011bt \u201c<em>Teorie st\u00e1tu<\/em>\u201d se p\u0159edn\u00e1\u0161\u00ed v Moskv\u011b na Moskevsk\u00e9m institutu mezin\u00e1rodn\u00edch vztah\u016f (MGIMO) a pokus\u00edm se v\u00e1m tlumo\u010dit jednu z p\u0159edn\u00e1\u0161ek profesorky Ta\u0165\u00e1ny Alexejevov\u00e9.<\/p>\n<p>Funkce a \u00faloha st\u00e1tu je zar\u00e1mov\u00e1na do \u00fazk\u00e9 skupiny oblast\u00ed, kter\u00e9 maj\u00ed ob\u010dan\u016fm poskytnout ve sv\u00e9 podstat\u011b jen jednu jedinou v\u011bc, a to je bezpe\u010dnost.\u00a0<strong>Pokud st\u00e1t za\u010dne selh\u00e1vat v jedn\u00e9 z bezpe\u010dnostn\u00edch oblast\u00ed, je to obvykle zn\u00e1mka z\u00e1niku st\u00e1tnosti, resp. varov\u00e1n\u00ed, \u017ee st\u00e1t se nach\u00e1z\u00ed v hlubok\u00fdch syst\u00e9mov\u00fdch probl\u00e9mech, kter\u00e9 se t\u00fdkaj\u00ed jeho samotn\u00e9 funkce.<\/strong>\u00a0Podle p\u0159edn\u00e1\u0161ky o Teorii st\u00e1tu se st\u00e1tn\u00ed \u00fatvar op\u00edr\u00e1 o celkem 3 pil\u00ed\u0159e bezpe\u010dnosti. Ka\u017ed\u00fd z t\u011bchto pil\u00ed\u0159\u016f je st\u011b\u017eejn\u00ed a nesm\u00ed b\u00fdt poru\u0161en, aby nedo\u0161lo ke zhroucen\u00ed st\u00e1tu.<\/p>\n<h6><span style=\"font-size: 14pt;\">Pil\u00ed\u0159 fyzick\u00e9 bezpe\u010dnosti<\/span><\/h6>\n<p><em>St\u00e1t mus\u00ed sv\u00fdm ob\u010dan\u016fm poskytnout ochranu jejich \u017eivota a majetk\u016f p\u0159ed vnit\u0159n\u00edm i vn\u011bj\u0161\u00edm nep\u0159\u00edtelem. Je to kl\u00ed\u010dov\u00e1 \u00faloha st\u00e1tu a pokud st\u00e1t z n\u011bjak\u00e9ho d\u016fvodu neum\u00ed nebo nechce chr\u00e1nit sv\u00e9 ob\u010dany, jde o selh\u00e1n\u00ed st\u00e1tu. Vnit\u0159n\u00edm nep\u0159\u00edtelem jsou krimin\u00e1ln\u00ed \u017eivly, gangy, mafie a organizovan\u00e9 skupiny. Vn\u011bj\u0161\u00edm nep\u0159\u00edtelem je v\u00e1le\u010dn\u00fd agresor. St\u00e1t v tomto p\u0159\u00edpad\u011b nese \u00falohu ochrany a obrany obyvatelstva. Proti vnit\u0159n\u00edmu nep\u0159\u00edteli st\u00e1t nasazuje policii a soudy, zat\u00edmco proti vn\u011bj\u0161\u00edmu nep\u0159\u00edteli je ustanovena arm\u00e1da, letectvo a n\u00e1mo\u0159nictvo. Tento pil\u00ed\u0159 je obvykle udr\u017eovan\u00fd nejsnadn\u011bji a je na n\u011bj kladen nejvy\u0161\u0161\u00ed d\u016fraz v ka\u017ed\u00e9m st\u00e1t\u011b.<\/em><\/p>\n<h6><span style=\"font-size: 14pt;\">Pil\u00ed\u0159 zdravotn\u00ed bezpe\u010dnosti<\/span><\/h6>\n<p><em>St\u00e1t mus\u00ed zabezpe\u010dit zdrav\u00ed a zdravotn\u00ed p\u00e9\u010di obyvatelstvu. Zdravotn\u00ed p\u00e9\u010de nen\u00ed v b\u011b\u017en\u00fdch sil\u00e1ch jednotlivce, a proto je pot\u0159eba st\u00e1t, kter\u00fd zajist\u00ed zdrav\u00ed a l\u00e9ka\u0159skou p\u00e9\u010di. St\u00e1t, kter\u00fd neum\u00ed zajistit ob\u010dan\u016fm dostupnou zdravotn\u00ed p\u00e9\u010di, pozb\u00fdv\u00e1 sv\u00e9 funkce a sv\u00e9ho v\u00fdznamu. Ve sv\u011bt\u011b je vid\u011bt patrn\u00e1 snaha vl\u00e1d p\u0159en\u00e9st zodpov\u011bdnost za p\u00e9\u010di o zdrav\u00ed ob\u010dan\u016f ze st\u00e1tu na soukrom\u00e9 poji\u0161\u0165ovny anebo dokonce na komer\u010dn\u00ed kliniky v r\u00e1mci posuzov\u00e1n\u00ed zdravotn\u00ed p\u00e9\u010de jako komer\u010dn\u00ed slu\u017eby a komodity. Takov\u00fd st\u00e1t pozb\u00fdv\u00e1 sv\u00e9ho v\u00fdznamu, pokud p\u0159en\u00e1\u0161\u00ed zdravotn\u00ed p\u00e9\u010di na komer\u010dn\u00ed subjekty, proto\u017ee p\u00e9\u010de o zdrav\u00ed ob\u010dan\u016f mus\u00ed b\u00fdt jednou ze slu\u017eeb st\u00e1tu obyvatelstvu.<\/em><\/p>\n<h6><span style=\"font-size: 14pt;\">Pil\u00ed\u0159 soci\u00e1ln\u00ed bezpe\u010dnosti<\/span><\/h6>\n<p><em>St\u00e1t se mus\u00ed postarat o vzd\u011bl\u00e1n\u00ed ob\u010dan\u016f, jejich pracovn\u00ed p\u0159\u00edle\u017eitosti, ochranu pr\u00e1v u soud\u016f a o d\u016fstojn\u00e9 st\u00e1\u0159\u00ed spojen\u00e9 se zabezpe\u010den\u00edm d\u016fchodc\u016f a jejich d\u016fchod\u016f. Vzd\u011bl\u00e1n\u00ed, podm\u00ednky trhu zam\u011bstnanosti, vymahatelnost pr\u00e1va a d\u016fchodov\u00e9 zabezpe\u010den\u00ed jsou kl\u00ed\u010dov\u00fdmi atributy pil\u00ed\u0159e soci\u00e1ln\u00ed bezpe\u010dnosti. St\u00e1t se nem\u016f\u017ee z\u0159\u00edct funkce a \u00falohy ve vzd\u011bl\u00e1v\u00e1n\u00ed, ani ve vytv\u00e1\u0159en\u00ed podm\u00ednek pro zam\u011bstn\u00e1n\u00ed. Nem\u016f\u017ee se z\u0159\u00edct povinnost zaru\u010den\u00ed pr\u00e1va pro ob\u010dany a ani p\u00e9\u010de o d\u016fchodce a v\u00fdplaty d\u016fchod\u016f.<\/em><\/p>\n<p><em>V\u00fdplaty d\u016fchod\u016f jsou n\u00e1kladem st\u00e1tu, kter\u00fd je hrazen\u00fd z vybran\u00fdch dan\u00ed a\u00a0<strong>z podnikatelsk\u00fdch aktivit st\u00e1tn\u00edch podnik\u016f, kter\u00e9 mus\u00ed b\u00fdt v\u00fdkonov\u011b a v\u00fdnosov\u011b chr\u00e1n\u011bny p\u0159ed privatizacemi a p\u0159evodem do rukou soukrom\u00e9ho kapit\u00e1lu.<\/strong>\u00a0Da\u0148ov\u00e9 odvody ob\u010dan\u016f pokr\u00fdvaj\u00ed provoz st\u00e1tu. Soci\u00e1ln\u00ed bezpe\u010dnosti nelze dos\u00e1hnout bez aktivn\u00ed funkce st\u00e1tu jako podnikatelsk\u00e9ho subjektu, jeho\u017e v\u00fdnosy jsou pou\u017e\u00edv\u00e1ny na zachov\u00e1n\u00ed soci\u00e1ln\u00ed bezpe\u010dnosti.<\/em><\/p>\n<h6><span style=\"font-size: 18pt;\">Reforma d\u016fchod\u016f nem\u00e1 \u0159e\u0161en\u00ed, proto\u017ee nastala dokonal\u00e1 krize \u2013 Lid\u00e9 si vyd\u011bl\u00e1vaj\u00ed m\u00e1lo pen\u011bz, re\u00e1ln\u00e9 mzdy klesaj\u00ed a inflace likviduje \u00faspory<\/span><\/h6>\n<p>V tomto kr\u00e1tk\u00e9m v\u00fdtahu z p\u0159edn\u00e1\u0161ky si v\u0161imn\u011bte, \u017ee v\u00a0<em>Teorii st\u00e1tu<\/em>\u00a0je v\u00fdplata d\u016fchod\u016f jednou z povinnost\u00ed st\u00e1tu a nikde se nic nemluv\u00ed o tom, \u017ee ob\u010dan by se m\u011bl nau\u010dit investovat jako Ameri\u010dan\u00e9. Nechci si te\u010f utahovat z pana Kovandy, ale spo\u0159it si na d\u016fchod vy\u017eaduje za\u00a0<strong>A) dostate\u010dn\u011b vysok\u00fd p\u0159\u00edjem a za B) \u00faro\u010den\u00ed \u00faspor vy\u0161\u0161\u00edm nebo alespo\u0148 stejn\u00fdm \u00farokem, ne\u017e jak\u00e1 je aktu\u00e1ln\u00ed inflace.<\/strong><\/p>\n<p>A proto\u017ee takov\u00fd spo\u0159\u00edc\u00ed \u00fa\u010det asi nenajdete, minim\u00e1ln\u011b ne takov\u00fd, aby nebyl omezen v\u00fd\u0161\u00ed spo\u0159en\u00e9 \u010d\u00e1stky, jako to d\u011blaj\u00ed mnoh\u00e9 banky, \u017ee v\u00e1m \u00faro\u010d\u00ed jen \u00faspory do 200 000 K\u010d, tak v\u00e1m nezbyde nic jin\u00e9ho, ne\u017e \u010d\u00e1st toho va\u0161eho dostate\u010dn\u011b vysok\u00e9ho p\u0159\u00edjmu investovat do rizikov\u00e9ho fondu, kter\u00fd investuje obvykle do rizikov\u00fdch deriv\u00e1t\u016f. A to je cel\u00e9. Zhruba toto v\u00e1m pan Kovanda mohl \u0159\u00edct, narovinu. A jak tu\u0161\u00edte, to nen\u00ed syst\u00e9mov\u00e9 a u\u017e v\u016fbec ne bezpe\u010dn\u00e9 \u0159e\u0161en\u00ed d\u016fchodov\u00e9 reformy.<\/p>\n<figure id=\"attachment_57756\" class=\"wp-caption aligncenter\" style=\"width: 909px;\"><a href=\"https:\/\/aeronet.news\/wp-content\/uploads\/realne-mzdy-v-zemich-oecd-3Q2022.jpg\"><img decoding=\"async\" loading=\"lazy\" class=\"wp-image-57756 \" src=\"https:\/\/aeronet.news\/wp-content\/uploads\/realne-mzdy-v-zemich-oecd-3Q2022.jpg\" sizes=\"(max-width: 954px) 100vw, 954px\" srcset=\"https:\/\/aeronet.news\/wp-content\/uploads\/realne-mzdy-v-zemich-oecd-3Q2022.jpg 954w, https:\/\/aeronet.news\/wp-content\/uploads\/realne-mzdy-v-zemich-oecd-3Q2022-300x251.jpg 300w, https:\/\/aeronet.news\/wp-content\/uploads\/realne-mzdy-v-zemich-oecd-3Q2022-768x642.jpg 768w, https:\/\/aeronet.news\/wp-content\/uploads\/realne-mzdy-v-zemich-oecd-3Q2022-700x586.jpg 700w, https:\/\/aeronet.news\/wp-content\/uploads\/realne-mzdy-v-zemich-oecd-3Q2022-427x357.jpg 427w, https:\/\/aeronet.news\/wp-content\/uploads\/realne-mzdy-v-zemich-oecd-3Q2022-577x483.jpg 577w\" alt=\"\" width=\"909\" height=\"760\" \/><\/a><figcaption class=\"wp-caption-text\">Pokles re\u00e1ln\u00fdch mezd (kupn\u00ed s\u00edly) v zem\u00edch OECD za minul\u00fd rok. Vizitka diletant\u016f z Fialovy vl\u00e1dy<\/figcaption><\/figure>\n<p>V prostoru a v syst\u00e9mu star\u00e9ho sv\u011btov\u00e9ho \u0159\u00e1du a star\u00e9 globalizace ji\u017e nen\u00ed dal\u0161\u00edch dostupn\u00fdch zdroj\u016f, ze kter\u00fdch lze financovat dal\u0161\u00ed setrval\u00fd r\u016fst trh\u016f, aby bylo mo\u017en\u00e9 z v\u00fdnos\u016f financovat nejen provoz st\u00e1t\u016f skrze dan\u011b, ale i vypl\u00e1cet d\u016fchody. Proto\u017ee jak u\u017e jsem p\u0159ed n\u011bkolika lety zm\u00ednil v jednom z po\u0159ad\u016f na SVCS, tak plat\u00ed pravidlo, \u017ee pokud nastane situace, \u017ee st\u00e1t nem\u00e1 na v\u00fdplaty solid\u00e1rn\u00edch d\u016fchod\u016f, tak to znamen\u00e1, \u017ee ani ob\u010dan\u00e9 nemaj\u00ed v pen\u011b\u017eenk\u00e1ch dostatek pen\u011bz, aby si mohli sami spo\u0159it na d\u016fchody. Jsou to toti\u017e dv\u011b spojit\u00e9 n\u00e1doby. Inflace likviduje toti\u017e nejen kupn\u00ed s\u00edlu obyvatelstva, ale ze v\u0161eho nejv\u00edce pr\u00e1v\u011b d\u016fchodov\u00e9 fondy.<\/p>\n<h6><span style=\"font-size: 18pt;\">Nov\u00e1 \u010dasovan\u00e1 bomba je na obzoru \u2013 D\u016fchodov\u00e9 fondy v Evrop\u011b za\u010d\u00ednaj\u00ed nab\u00edzet investice do deriv\u00e1t\u016f s ukrajinsk\u00fdmi bondy Obnovy a rekonstrukce Ukrajiny<\/span><\/h6>\n<p>O kolik v\u00edce stoupne inflace, o tolik v\u00edce rizika mus\u00ed d\u016fchodov\u00e9 fondy podstoupit a investovat do v\u00edce a v\u00edce rizikov\u00fdch investi\u010dn\u00edch titul\u016f, kde se to v posledn\u00ed dob\u011b hem\u017e\u00ed tituly jako \u201c<em>Ukraine renewal and reconstruction, 12% APR yield 10-year investment bond (120% total yield)<\/em>\u201d a podobn\u00e9 \u0161\u00edlen\u00e9 deriv\u00e1ty, kter\u00e9 se za\u010daly objevovat v nab\u00eddk\u00e1ch americk\u00fdch d\u016fchodov\u00fdch fond\u016f ji\u017e koncem lo\u0148sk\u00e9ho l\u00e9ta, a to v reflexi na z\u00e1v\u011bry konference\u00a0<strong>[<a href=\"https:\/\/href.li\/?https:\/\/www.irozhlas.cz\/zpravy-svet\/svycarsko-konference-ukrajina_2207051335_jca\" target=\"_blank\" rel=\"nofollow noopener\">3<\/a>]<\/strong>\u00a0ve \u0161v\u00fdcarsk\u00e9m Luganu o obnov\u011b Ukrajiny.<\/p>\n<p>Ano,\u00a0<strong>v\u00e1lka na Ukrajin\u011b m\u00e1 z\u0159ejm\u011b i jeden skryt\u00fd \u00fakol, a to zachr\u00e1nit na spekulaci s ukrajinsk\u00fdmi deriv\u00e1ty po krizi v roce 2008 huben\u00e9 americk\u00e9 a evropsk\u00e9 d\u016fchodov\u00e9 fondy<\/strong>, pane Kovando. Pokud v \u010cR vznikne druh\u00fd nebo dokonce t\u0159et\u00ed d\u016fchodov\u00fd pil\u00ed\u0159 pro rizikov\u00e9 spekulace, tak v\u00e1s ubezpe\u010duj\u00ed, \u017ee budou investovat do bond\u016f napojen\u00fdch na obnovu Ukrajiny, co\u017e budou deriv\u00e1ty hromadn\u00e9ho ni\u010den\u00ed a nejv\u011bt\u0161\u00ed \u010dasovan\u00e1 bomba v historii d\u016fchodov\u00fdch fond\u016f.<\/p>\n<figure id=\"attachment_55483\" class=\"wp-caption aligncenter\" style=\"width: 692px;\"><a href=\"https:\/\/aeronet.news\/wp-content\/uploads\/LuganoConferenceMap.jpg\"><img decoding=\"async\" loading=\"lazy\" class=\"wp-image-55483 \" src=\"https:\/\/aeronet.news\/wp-content\/uploads\/LuganoConferenceMap-1024x655.jpg\" sizes=\"(max-width: 700px) 100vw, 700px\" srcset=\"https:\/\/aeronet.news\/wp-content\/uploads\/LuganoConferenceMap-1024x655.jpg 1024w, https:\/\/aeronet.news\/wp-content\/uploads\/LuganoConferenceMap-300x192.jpg 300w, https:\/\/aeronet.news\/wp-content\/uploads\/LuganoConferenceMap-768x492.jpg 768w, https:\/\/aeronet.news\/wp-content\/uploads\/LuganoConferenceMap-700x448.jpg 700w, https:\/\/aeronet.news\/wp-content\/uploads\/LuganoConferenceMap-100x65.jpg 100w, https:\/\/aeronet.news\/wp-content\/uploads\/LuganoConferenceMap-558x357.jpg 558w, https:\/\/aeronet.news\/wp-content\/uploads\/LuganoConferenceMap-755x483.jpg 755w, https:\/\/aeronet.news\/wp-content\/uploads\/LuganoConferenceMap.jpg 1125w\" alt=\"\" width=\"692\" height=\"443\" \/><\/a><figcaption class=\"wp-caption-text\">Lo\u0148sk\u00e1 konference ve \u0161v\u00fdcarsk\u00e9m Luganu o obnov\u011b Ukrajiny<\/figcaption><\/figure>\n<p>Globalist\u00e9 buduj\u00ed sv\u016fj neomarxismus a v\u011bd\u00ed, \u017ee d\u016fchodov\u00e9 fondy a spo\u0159en\u00ed na d\u016fchody v \u00e9\u0159e dvoucifern\u00e9 inflace je nesmysl a utopie. A pr\u00e1v\u011b pan Kovanda by to m\u011bl v\u011bd\u011bt. Pr\u00e1v\u011b proto se chyst\u00e1 nepodm\u00edn\u011bn\u00fd p\u0159\u00edjem, digitalizace trh\u016f, digit\u00e1ln\u00ed ID, digit\u00e1ln\u00ed m\u011bny centr\u00e1ln\u00edch bank, pr\u00e1v\u011b proto se mluv\u00ed ji\u017e i mezi bank\u00e9\u0159i o digit\u00e1ln\u00edch pen\u011bz\u00edch s expirac\u00ed, tedy s dobou trvanlivosti, po kter\u00e9 vypr\u0161\u00ed. Expirace pen\u011bz zajist\u00ed ochranu proti inflaci skrze nucen\u00e9 utr\u00e1cen\u00ed, nucen\u00e9 n\u00e1kupy, nucen\u00fd ob\u011bh pen\u011bz, nucen\u00fd r\u016fst.<\/p>\n<h6><span style=\"font-size: 18pt;\">Globalist\u00e9 chystaj\u00ed nepodm\u00edn\u011bn\u00fd p\u0159\u00edjem a novou generaci odporn\u00fdch potravin, na kter\u00e9 si pr\u00fd povinn\u011b zvykneme<\/span><\/h6>\n<p>Proto se v\u0161ude jede\u00a0<em>Green Deal<\/em>\u00a0s c\u00edlem zlikvidovat osobn\u00ed dopravu a upoutat lidi na jednom m\u00edst\u011b, aby nikam nejezdili, aby nevynakl\u00e1dali energii, aby sed\u011bli doma a jedli potraviny z brouk\u016f a \u010derv\u016f, kter\u00e9 maj\u00ed n\u00edzk\u00e9 n\u00e1klady na vstupu a lze je vyr\u00e1b\u011bt za regulovan\u00e9 a inflaci odoln\u00e9 ceny, co\u017e v p\u0159\u00edpad\u011b v\u00fdroby masa se \u010dty\u0159ma nohama, kter\u00e9 spot\u0159ebuje obrovsk\u00e9 energie a vstupy krmiva prost\u011b nejde, zejm\u00e9na ne tehdy, kdy\u017e od telete a\u017e po dosp\u011blou kr\u00e1vu je pot\u0159eba dodat do kr\u00e1vy od 150 000 a\u017e do 300 000 Mj energie.<\/p>\n<p><strong>Ta se mus\u00ed na vstupu vygenerovat a vlo\u017eit do mal\u00e9ho telete, aby tele vyrostlo do kr\u00e1vy a ten steak na tal\u00ed\u0159i po n\u011bkolika letech p\u0159ist\u00e1l. To je v p\u0159epo\u010dtu zhruba 41 a\u017e 83 MW energie na jednu kr\u00e1vu.<\/strong>\u00a0Na v\u00fdrobu rafinovan\u00e9ho steaku z brouk\u016f a cvr\u010dk\u016f v p\u0159epo\u010dtu na hmotnost objemu masa pro steaky, kter\u00e9 by vyprodukovala kr\u00e1va, bude sta\u010dit podle odhad\u016f jen t\u0159etina nebo dokonce jen p\u011btina energetick\u00fdch n\u00e1klad\u016f na vstupech pro v\u00fdrobu rafinovan\u00e9ho masa.<\/p>\n<p>V\u00fdroba um\u011bl\u00fdch, resp. rafinovan\u00fdch steak\u016f z hmyzu a jin\u00fdch obnoviteln\u00fdch zdroj\u016f potravin zahrnuje odli\u0161n\u00e9 procesy ve srovn\u00e1n\u00ed s tradi\u010dn\u00ed v\u00fdrobou hov\u011bz\u00edho masa. Globalist\u00e9 maj\u00ed nachystan\u00e9 tyto 3 zdroje n\u00e1hrad v\u00fdroby \u017eivo\u010di\u0161n\u00e9ho masa pro realizaci digit\u00e1ln\u00ed spole\u010dnosti a nepodm\u00edn\u011bn\u00e9ho p\u0159\u00edjmu:<\/p>\n<p><span style=\"font-size: 14pt;\"><strong>Chov hmyzu<\/strong><\/span><\/p>\n<p>Hmyz je \u010dasto pova\u017eov\u00e1n za udr\u017eiteln\u00fd zdroj b\u00edlkovin. Chov hmyzu, nap\u0159\u00edklad cvr\u010dk\u016f nebo mou\u010dn\u00fdch \u010derv\u016f, obecn\u011b vy\u017eaduje m\u00e9n\u011b p\u016fdy, vody a krmiva ve srovn\u00e1n\u00ed s tradi\u010dn\u00edm chovem hospod\u00e1\u0159sk\u00fdch zv\u00ed\u0159at.<br \/>\nEnergetick\u00e9 vstupy by zahrnovaly v\u00fdrobu hmyz\u00edho krmiva (kter\u00e9 m\u016f\u017ee b\u00fdt rostlinn\u00e9ho p\u016fvodu), energii pou\u017eitou v procesu chovu a zpracov\u00e1n\u00ed hmyzu do podoby vhodn\u00e9 pro lidskou spot\u0159ebu.<\/p>\n<p><span style=\"font-size: 14pt;\"><strong>Alternativy na rostlinn\u00e9 b\u00e1zi<\/strong><\/span><\/p>\n<p>Rostlinn\u00e9 alternativy k masu, nap\u0159\u00edklad ze s\u00f3ji, hrachu nebo mykoproteinu (na b\u00e1zi hub), se staly popul\u00e1rn\u00edmi. Energetick\u00e9 vstupy pro tyto alternativy zahrnuj\u00ed produkci plodin, zpracov\u00e1n\u00ed a v\u00fdrobu kone\u010dn\u00e9ho produktu.<\/p>\n<p><span style=\"font-size: 14pt;\"><strong>Bun\u011b\u010dn\u00e9 zem\u011bd\u011blstv\u00ed (kultivovan\u00e9 maso)<\/strong><\/span><\/p>\n<p>Kultivovan\u00e9 nebo laboratorn\u011b p\u011bstovan\u00e9 maso zahrnuje p\u011bstov\u00e1n\u00ed \u017eivo\u010di\u0161n\u00fdch bun\u011bk v kontrolovan\u00e9m prost\u0159ed\u00ed za \u00fa\u010delem v\u00fdroby masn\u00fdch v\u00fdrobk\u016f bez chovu a por\u00e1\u017eky zv\u00ed\u0159at. Energetick\u00e9 vstupy by zahrnovaly v\u00fdrobu m\u00e9di\u00ed pro kultivaci bun\u011bk, energii pou\u017eitou v procesu kultivace a zpracov\u00e1n\u00ed kultivovan\u00fdch bun\u011bk na masn\u00e9 v\u00fdrobky.<\/p>\n<h6><span style=\"font-size: 18pt;\">Konec solid\u00e1rn\u00edch d\u016fchod\u016f, proto\u017ee nen\u00ed u\u017e kde br\u00e1t zdroje na jejich financov\u00e1n\u00ed<\/span><\/h6>\n<p>\u017d\u00e1dn\u00e9 d\u016fchody okolo roku 2050 ji\u017e nebudou existovat, na to zapome\u0148te. Dop\u0159edu varuji p\u0159ed vkl\u00e1d\u00e1n\u00edm pen\u011bz do jak\u00fdchkoliv d\u016fchodov\u00fdch fond\u016f, kter\u00e9 budou v n\u00e1sleduj\u00edc\u00edch m\u011bs\u00edc\u00edch a letech investovat prakticky jenom do deriv\u00e1t\u016f s \u010dasovan\u00fdmi bombami, rozum\u011bjte s deriv\u00e1tov\u00fdmi investicemi do obnovy Ukrajiny.<\/p>\n<p>Chystaj\u00ed se na to penzijn\u00ed fondy tady v N\u011bmecku jako \u0161\u00edlen\u00e9, pos\u00edlaj\u00ed nab\u00eddky, bl\u00e1zen ten, kdo do toho po\u0161le pen\u00edze.\u00a0<strong>D\u016fchody nemaj\u00ed \u0159e\u0161en\u00ed v dne\u0161n\u00ed dob\u011b nezvladateln\u00e9 inflace a propadu re\u00e1ln\u00fdch mezd obyvatelstva, a proto p\u0159ijde\u00a0<em>nepodm\u00edn\u011bn\u00fd p\u0159\u00edjem<\/em>\u00a0v r\u00e1mci celoevropsk\u00e9ho \u0159e\u0161en\u00ed krize d\u016fchodov\u00fdch syst\u00e9m\u016f.<\/strong>\u00a0Syst\u00e9m bude vy\u017eadovat digit\u00e1ln\u00ed m\u011bny CBDC a zaveden\u00ed expirace pen\u011bz na regulov\u00e1n\u00ed inflace.<\/p>\n<figure id=\"attachment_55484\" class=\"wp-caption aligncenter\" style=\"width: 695px;\"><a href=\"https:\/\/aeronet.news\/wp-content\/uploads\/LuganoConference.jpg\"><img decoding=\"async\" loading=\"lazy\" class=\"wp-image-55484 \" src=\"https:\/\/aeronet.news\/wp-content\/uploads\/LuganoConference-1024x576.jpg\" sizes=\"(max-width: 700px) 100vw, 700px\" srcset=\"https:\/\/aeronet.news\/wp-content\/uploads\/LuganoConference-1024x576.jpg 1024w, https:\/\/aeronet.news\/wp-content\/uploads\/LuganoConference-300x169.jpg 300w, https:\/\/aeronet.news\/wp-content\/uploads\/LuganoConference-768x432.jpg 768w, https:\/\/aeronet.news\/wp-content\/uploads\/LuganoConference-700x394.jpg 700w, https:\/\/aeronet.news\/wp-content\/uploads\/LuganoConference-635x357.jpg 635w, https:\/\/aeronet.news\/wp-content\/uploads\/LuganoConference-859x483.jpg 859w, https:\/\/aeronet.news\/wp-content\/uploads\/LuganoConference.jpg 1280w\" alt=\"\" width=\"695\" height=\"391\" \/><\/a><figcaption class=\"wp-caption-text\">\u0160\u00e9fka Evropsk\u00e9 komise Ursula von der Leyen na konferenci o obnov\u011b Ukrajiny<\/figcaption><\/figure>\n<p>Solid\u00e1rn\u00ed d\u016fchodov\u00fd syst\u00e9m zaveden\u00fd Komunistickou stranou \u010ceskoslovenska mohl fungovat v centr\u00e1ln\u011b \u0159\u00edzen\u00e9 ekonomice, ale nyn\u00ed kolabuje v d\u016fsledku politiky indukovan\u00e9 inflace a protirusk\u00fdch sankc\u00ed, kter\u00e9 maj\u00ed vlastn\u011b asi nejv\u011bt\u0161\u00ed pod\u00edl na r\u016fstu inflace v cel\u00e9 EU.\u00a0<strong>Na d\u016fchod si na burzovn\u00edch spekulac\u00edch a na investic\u00edch do deriv\u00e1tov\u00fdch titul\u016f mo\u017en\u00e1 vyd\u011blaj\u00ed n\u011bkte\u0159\u00ed\u00a0<em>inside\u0159i<\/em>\u00a0z bank, kte\u0159\u00ed maj\u00ed informace, co se stane a co povede k r\u016fstu nebo k poklesu<\/strong>, ale pro d\u016fchodov\u00e9 fondy zvon\u00ed v Evrop\u011b i v USA um\u00edr\u00e1\u010dek. Vyd\u011bl\u00e1vat toti\u017e ve fondech dvoucifern\u00e9 v\u00fdnosy na vyrovn\u00e1n\u00ed inflace, a to dlouhodob\u011b, to prost\u011b neum\u00ed \u017e\u00e1dn\u00fd d\u016fchodov\u00fd fond.<\/p>\n<h6><span style=\"font-size: 18pt;\">Americk\u00fd model d\u016fchod\u016f je vtip a sou\u010dasn\u011b cesta do pekel<\/span><\/h6>\n<p>Na jednu v\u011bc toti\u017e pan Kovanda zapomn\u011bl. V USA v\u011bt\u0161ina oby\u010dejn\u00fdch lid\u00ed pracuje a\u017e do smrti, bez \u017e\u00e1dn\u00e9ho d\u016fchodu. \u017dil jsem v USA mnoho let a zn\u00e1m tu situaci zevnit\u0159 USA moc dob\u0159e, abych mohl zodpov\u011bdn\u011b prohl\u00e1sit, \u017ee na investov\u00e1n\u00ed a spo\u0159en\u00ed na d\u016fchod se nikdo nem\u016f\u017ee spol\u00e9hat.<\/p>\n<p><strong>Kdo se chce v USA zabezpe\u010dit na d\u016fchod, mus\u00ed makat jako \u010dernej, dv\u011b pr\u00e1ce, 6 dn\u00ed v t\u00fddnu h\u00e1kovat anebo\u2026 anebo podnikat a vyd\u011blat pen\u00edze v businessu.<\/strong>\u00a0A t\u0159et\u00ed mo\u017enost\u00ed, na kterou nesm\u00edm zapomenout, je americk\u00fd feder\u00e1ln\u00ed d\u016fchod placen\u00fd americkou feder\u00e1ln\u00ed vl\u00e1dou. Na ten maj\u00ed n\u00e1rok pouze zam\u011bstnanci americk\u00fdch feder\u00e1ln\u00edch org\u00e1n\u016f, \u00fa\u0159ad\u016f a st\u00e1tn\u00edch firem, jako je t\u0159eba americk\u00e1 feder\u00e1ln\u00ed po\u0161ta USPS.<\/p>\n<figure id=\"attachment_57757\" class=\"wp-caption aligncenter\" style=\"width: 696px;\"><a href=\"https:\/\/aeronet.news\/wp-content\/uploads\/Crisis2008Newspaper.jpg\"><img decoding=\"async\" loading=\"lazy\" class=\"wp-image-57757 \" src=\"https:\/\/aeronet.news\/wp-content\/uploads\/Crisis2008Newspaper-1024x558.jpg\" sizes=\"(max-width: 700px) 100vw, 700px\" srcset=\"https:\/\/aeronet.news\/wp-content\/uploads\/Crisis2008Newspaper-1024x558.jpg 1024w, https:\/\/aeronet.news\/wp-content\/uploads\/Crisis2008Newspaper-300x164.jpg 300w, https:\/\/aeronet.news\/wp-content\/uploads\/Crisis2008Newspaper-768x419.jpg 768w, https:\/\/aeronet.news\/wp-content\/uploads\/Crisis2008Newspaper-700x382.jpg 700w, https:\/\/aeronet.news\/wp-content\/uploads\/Crisis2008Newspaper-655x357.jpg 655w, https:\/\/aeronet.news\/wp-content\/uploads\/Crisis2008Newspaper-886x483.jpg 886w, https:\/\/aeronet.news\/wp-content\/uploads\/Crisis2008Newspaper.jpg 1280w\" alt=\"\" width=\"696\" height=\"380\" \/><\/a><figcaption class=\"wp-caption-text\">Tohle se m\u016f\u017ee kdykoliv zopakovat. Ot\u00e1zkou nen\u00ed jestli, ale kdy se to zopakuje?<\/figcaption><\/figure>\n<p>Za zm\u00ednku pot\u00e9 stoj\u00ed, \u017ee d\u016fchod nab\u00edz\u00ed v USA i velk\u00e9 firmy jako zam\u011bstnaneck\u00fd benefit, obvykle americk\u00e9 automobilky. To jsou ale sp\u00ed\u0161 v\u00fdjimky a na ten d\u016fchod nen\u00ed pr\u00e1vn\u00ed n\u00e1rok. Kdy\u017e v\u00e1s propust\u00ed p\u0159ed vznikem n\u00e1rokov\u00e9 doby (obvykle 20 let pr\u00e1ce), nedostanete od firmy \u017e\u00e1dn\u00fd d\u016fchod. Proto bych opravdu varoval p\u0159ed t\u00edm, aby \u010desk\u00fdm ob\u010dan\u016fm n\u011bkdo p\u0159edhazoval za vzor pr\u00e1v\u011b USA a Ameri\u010dany.<\/p>\n<p>To by bylo jako sko\u010dit z bl\u00e1ta do septiku. \u00daloha st\u00e1t\u016f v EU postupn\u011b zanikne. P\u0159estanou ob\u010dan\u016fm poskytovat z\u00e1kladn\u00ed funkce. A je to sou\u010d\u00e1st pl\u00e1nu. L\u00e9pe se potom globalist\u016fm bude ru\u0161it n\u00e1rodn\u00ed suverenita st\u00e1t\u016f a snadn\u011bji ukotv\u00ed Evropskou federaci, kter\u00e1 d\u016fchody vy\u0159e\u0161\u00ed. Feder\u00e1ln\u00ed vl\u00e1da, digit\u00e1ln\u00ed identita, digit\u00e1ln\u00ed euro, nepodm\u00edn\u011bn\u00fd p\u0159\u00edjem, udr\u017eiteln\u00e9 potraviny, omezen\u00fd pohyb obyvatelstva, prost\u011b Total Control.<\/p>\n<p><a href=\"https:\/\/aeronet.news\/teorie-ulohy-a-funkce-statu-proc-globaliste-zvitezi-ve-svem-behu-za-ukotvenim-svetoveho-neomarxismu-a-proc-system-prerozdelovani-vyzaduje-digitalni-ekonomiku-digitalni-menu-digitalni-identitu\/\">-VK- \u0160\u00e9fredaktor AE News<\/a><\/p>\n<p>&nbsp;<\/p>\n<p><a href=\"https:\/\/stranapro.cz\/\"><img decoding=\"async\" loading=\"lazy\" class=\"wp-image-40286 aligncenter\" src=\"http:\/\/www.infokuryr.cz\/n\/wp-content\/uploads\/2023\/11\/12pro-300x87.png\" alt=\"\" width=\"1038\" height=\"301\" srcset=\"https:\/\/www.infokuryr.cz\/n\/wp-content\/uploads\/2023\/11\/12pro-300x87.png 300w, https:\/\/www.infokuryr.cz\/n\/wp-content\/uploads\/2023\/11\/12pro.png 366w\" sizes=\"(max-width: 1038px) 100vw, 1038px\" \/><\/a><\/p>\n<p>&nbsp;<\/p>\n<p>&nbsp;<\/p>\n","protected":false},"excerpt":{"rendered":"<p>Teorie \u00falohy a funkce st\u00e1tu \u2013 Pro\u010d globalist\u00e9 zv\u00edt\u011bz\u00ed ve sv\u00e9m b\u011bhu za ukotven\u00edm sv\u011btov\u00e9ho&#8230;<\/p>\n","protected":false},"author":2,"featured_media":40778,"comment_status":"closed","ping_status":"closed","sticky":false,"template":"","format":"standard","meta":[],"categories":[6],"tags":[1042,4017,279,276,463],"_links":{"self":[{"href":"https:\/\/www.infokuryr.cz\/n\/wp-json\/wp\/v2\/posts\/40777"}],"collection":[{"href":"https:\/\/www.infokuryr.cz\/n\/wp-json\/wp\/v2\/posts"}],"about":[{"href":"https:\/\/www.infokuryr.cz\/n\/wp-json\/wp\/v2\/types\/post"}],"author":[{"embeddable":true,"href":"https:\/\/www.infokuryr.cz\/n\/wp-json\/wp\/v2\/users\/2"}],"replies":[{"embeddable":true,"href":"https:\/\/www.infokuryr.cz\/n\/wp-json\/wp\/v2\/comments?post=40777"}],"version-history":[{"count":1,"href":"https:\/\/www.infokuryr.cz\/n\/wp-json\/wp\/v2\/posts\/40777\/revisions"}],"predecessor-version":[{"id":40779,"href":"https:\/\/www.infokuryr.cz\/n\/wp-json\/wp\/v2\/posts\/40777\/revisions\/40779"}],"wp:featuredmedia":[{"embeddable":true,"href":"https:\/\/www.infokuryr.cz\/n\/wp-json\/wp\/v2\/media\/40778"}],"wp:attachment":[{"href":"https:\/\/www.infokuryr.cz\/n\/wp-json\/wp\/v2\/media?parent=40777"}],"wp:term":[{"taxonomy":"category","embeddable":true,"href":"https:\/\/www.infokuryr.cz\/n\/wp-json\/wp\/v2\/categories?post=40777"},{"taxonomy":"post_tag","embeddable":true,"href":"https:\/\/www.infokuryr.cz\/n\/wp-json\/wp\/v2\/tags?post=40777"}],"curies":[{"name":"wp","href":"https:\/\/api.w.org\/{rel}","templated":true}]}}