{"id":4077,"date":"2021-08-15T04:04:39","date_gmt":"2021-08-15T02:04:39","guid":{"rendered":"http:\/\/www.infokuryr.cz\/n\/?p=4077"},"modified":"2021-08-15T04:04:39","modified_gmt":"2021-08-15T02:04:39","slug":"90-rakusanu-chce-odsun-zlocinnych-afghancu","status":"publish","type":"post","link":"https:\/\/www.infokuryr.cz\/n\/2021\/08\/15\/90-rakusanu-chce-odsun-zlocinnych-afghancu\/","title":{"rendered":"90% Raku\u0161an\u016f chce odsun zlo\u010dinn\u00fdch Afgh\u00e1nc\u016f"},"content":{"rendered":"<div id=\"fb-root\"><\/div>\n<p>By\u0165 je proz\u00e1padn\u00ed vl\u00e1da v K\u00e1bulu p\u0159ed zhroucen\u00edm, podle ankety \u00d6sterreich Umfrage 90% Raku\u0161an\u016f trv\u00e1 na odsunech krimin\u00e1ln\u00edch afgh\u00e1nsk\u00fdch imigrant\u016f. Hlasujte i Vy v \u010derven\u00e9m r\u00e1me\u010dku Frage des Tages (Ot\u00e1zka dne) zde:\u00a0https:\/\/www.krone.at\/ .<\/p>\n<p>Vezmeme-li v potaz, \u017ee Rakousko je z v\u00edce ne\u017e 10% imigrantsk\u00e9, pak prakticky t\u00e9m\u011b\u0159 ka\u017ed\u00fd rodil\u00fd Raku\u0161an chce odsun zlo\u010dinn\u00fdch imigrant\u016f. Proti odsun\u016fm jsou jen n\u011bkte\u0159\u00ed zelen\u00ed politici zeleno-lidoveck\u00e9 vl\u00e1dn\u00ed koalice. V n\u00ed to nyn\u00ed po\u0159\u00e1dn\u011b sk\u0159\u00edpe, nejv\u00edce pr\u00e1v\u011b kv\u016fli odsun\u016fm zlo\u010dinn\u00fdch afgh\u00e1nsk\u00fdch imigrant\u016f, ve kter\u00fdch je lidoveck\u00fd ministr vnitra Nehammer d\u016fsledn\u00fd.<\/p>\n<p>Posledn\u00ed kapkou do tohoto ve\u0159ejn\u00e9ho m\u00edn\u011bn\u00ed bylo za\u010d\u00e1tkem l\u00e9ta hromadn\u00e9 zn\u00e1siln\u011bn\u00ed a zavra\u017ed\u011bn\u00ed 13-let\u00e9 Leonie pr\u00e1v\u011b afgh\u00e1nsk\u00fdmi imigranty.<\/p>\n<p>Za odsuny zlo\u010dinn\u00fdch Afgh\u00e1nc\u016f se po bok rakousk\u00fdch lidovc\u016f postavila i \u010cR.<\/p>\n<p><a href=\"https:\/\/www.oe24.at\/oesterreich\/politik\/90-prozent-fuer-abschiebungen-von-afghanen\/487950785\">ZDROJ<\/a><\/p>\n<p>&nbsp;<\/p>\n","protected":false},"excerpt":{"rendered":"<p>By\u0165 je proz\u00e1padn\u00ed vl\u00e1da v K\u00e1bulu p\u0159ed zhroucen\u00edm, podle ankety \u00d6sterreich Umfrage 90% Raku\u0161an\u016f trv\u00e1&#8230;<\/p>\n","protected":false},"author":2,"featured_media":3312,"comment_status":"closed","ping_status":"closed","sticky":false,"template":"","format":"standard","meta":[],"categories":[7],"tags":[1041,120],"_links":{"self":[{"href":"https:\/\/www.infokuryr.cz\/n\/wp-json\/wp\/v2\/posts\/4077"}],"collection":[{"href":"https:\/\/www.infokuryr.cz\/n\/wp-json\/wp\/v2\/posts"}],"about":[{"href":"https:\/\/www.infokuryr.cz\/n\/wp-json\/wp\/v2\/types\/post"}],"author":[{"embeddable":true,"href":"https:\/\/www.infokuryr.cz\/n\/wp-json\/wp\/v2\/users\/2"}],"replies":[{"embeddable":true,"href":"https:\/\/www.infokuryr.cz\/n\/wp-json\/wp\/v2\/comments?post=4077"}],"version-history":[{"count":0,"href":"https:\/\/www.infokuryr.cz\/n\/wp-json\/wp\/v2\/posts\/4077\/revisions"}],"wp:featuredmedia":[{"embeddable":true,"href":"https:\/\/www.infokuryr.cz\/n\/wp-json\/wp\/v2\/media\/3312"}],"wp:attachment":[{"href":"https:\/\/www.infokuryr.cz\/n\/wp-json\/wp\/v2\/media?parent=4077"}],"wp:term":[{"taxonomy":"category","embeddable":true,"href":"https:\/\/www.infokuryr.cz\/n\/wp-json\/wp\/v2\/categories?post=4077"},{"taxonomy":"post_tag","embeddable":true,"href":"https:\/\/www.infokuryr.cz\/n\/wp-json\/wp\/v2\/tags?post=4077"}],"curies":[{"name":"wp","href":"https:\/\/api.w.org\/{rel}","templated":true}]}}