{"id":4075,"date":"2021-08-15T04:00:30","date_gmt":"2021-08-15T02:00:30","guid":{"rendered":"http:\/\/www.infokuryr.cz\/n\/?p=4075"},"modified":"2021-08-15T04:00:30","modified_gmt":"2021-08-15T02:00:30","slug":"babisova-absurdni-kampan","status":"publish","type":"post","link":"https:\/\/www.infokuryr.cz\/n\/2021\/08\/15\/babisova-absurdni-kampan\/","title":{"rendered":"Babi\u0161ova absurdn\u00ed kampa\u0148"},"content":{"rendered":"<div id=\"fb-root\"><\/div>\n<div class=\"entry clearfix\">\n<p><strong>Volebn\u00ed kampan\u011b sou\u010dasn\u00e9ho premi\u00e9ra a v\u016fbec ve\u0161ker\u00fd jeho marketing u\u017e dlouh\u00e9 roky prov\u00e1z\u00ed velk\u00e1 chv\u00e1la. Marek Prchal zvan\u00fd M\u00e1ra, kter\u00fd dal Babi\u0161ovu obraza na ve\u0159ejnosti tvar, ur\u010dit\u011b um\u00ed. O tom sv\u011bd\u010d\u00ed u\u017e n\u011bkoliker\u00e9 volby v\u00a0\u0159ad\u011b, kter\u00e9 opakovan\u011b vyhr\u00e1lo hnut\u00ed ANO. A to navzdory v\u0161em Babi\u0161ov\u00fdm nekone\u010dn\u00fdm pr\u016f\u0161vih\u016fm a \u201ekampan\u00edm\u201c, kter\u00e9 proti n\u011bmu \u201ev\u0161ichni jednou\u201c.<\/strong><\/p>\n<p>Nejv\u011bt\u0161\u00edm d\u016fkazem Prchalovi u\u017eite\u010dnosti byl Jid\u00e1\u0161\u016fv polibek, kter\u00fd dostal po minul\u00fdch vyhran\u00fdch volb\u00e1ch na \u010delo od velk\u00e9ho Andreje jako prvn\u00ed \u2013 a\u017e teprve pak p\u0159i\u0161la na \u0159adu jeho blon\u010fat\u00e1 man\u017eelka Monika. Jen\u017ee podle facebookov\u00e9 str\u00e1nky s\u00a0n\u00e1zvem \u201eMarek Prchal mi vy\u0161\u0148upal koks\u201c m\u00e1 g\u00e9nius M\u00e1ra Babi\u0161e pln\u00e9 zuby. \u201eU\u017e i Prchal se ho chce zbavit, d\u011bl\u00e1 to moc chyt\u0159e a ten blbe\u010dek Bure\u0161 to ani nevid\u00ed, jak je zaslepen\u00fd. V\u0161e, co se Babi\u0161ovi pod\u00e1v\u00e1, je vlastn\u011b proti n\u011bmu,\u201c mysl\u00ed se na t\u00e9to str\u00e1nce Jaromir Smol\u00edk. A zp\u016fsob veden\u00ed t\u00e9to zat\u00edm posledn\u00ed volebn\u00ed kampan\u011b jeho slova jen potvrzuj\u00ed.<\/p>\n<p><strong>Pravda a ne\u017e to zak\u00e1\u017eou<\/strong><\/p>\n<p><a href=\"http:\/\/www.nwoo.org\/wp-content\/uploads\/2021\/08\/sdA-lejte.jpg\"><img decoding=\"async\" loading=\"lazy\" class=\"aligncenter wp-image-360275\" src=\"http:\/\/www.nwoo.org\/wp-content\/uploads\/2021\/08\/sdA-lejte-300x168.jpg\" alt=\"sdA-lejte\" width=\"530\" height=\"298\" \/><\/a><\/p>\n<p>Komer\u010dn\u011b nej\u00fasp\u011b\u0161n\u011bj\u0161\u00edmi produkty b\u00fdvaj\u00ed \u010dasto \u00fapln\u00e9 hlouposti a zbyte\u010dnosti, a d\u016fvody, pro\u010d si je lid\u00e9 tak hore\u010dnat\u011b kupuj\u00ed, jsou \u010dasto velice bizardn\u00ed a\u017e absurdn\u00ed. Mo\u017en\u00e1 tedy, \u017ee Prchal zvolil i tentokr\u00e1t nejlep\u0161\u00ed cestu a na konci ho \u010dek\u00e1 dal\u0161\u00ed Andrejova pusa. Jen\u017ee se zd\u00e1, \u017ee tentokr\u00e1t to u\u017e v\u00e1\u017en\u011b p\u0159ehnal.<\/p>\n<p>Pojmenovat kn\u00ed\u017eku, kterou Babi\u0161 tak vesele rozd\u00e1v\u00e1 a podepisuje, n\u00e1zvem Sd\u00edlejte, ne\u017e to zak\u00e1\u017eou, vypad\u00e1 jako donebevolaj\u00edc\u00ed a neuv\u011b\u0159iteln\u00e1 hloupost. Kdo premi\u00e9ra Babi\u0161e zak\u00e1\u017ee? Mo\u017en\u00e1 by takovou kn\u00ed\u017eku mohl vydat Danil Landa nebo Ilona Cz\u00e1kov\u00e1. Nebo n\u011bkdo dal\u0161\u00ed, jeho\u017e n\u00e1zory a postoje se vymykaj\u00ed mainsteramov\u00e9mu proudu. Ale Babi\u0161?? Vrchol konformity a oportunismu? Toho p\u0159ece nikdo nikdy nezak\u00e1\u017ee, proto\u017ee se v\u017edy a za ka\u017ed\u00e9ho syst\u00e9mu dokonale p\u0159izp\u016fsob\u00ed a bude znovu budit dokonal\u00fd dojem nanejv\u00fd\u0161 loaj\u00e1ln\u00edho ob\u010dana. Hra na to, \u017ee Babi\u0161ovy n\u00e1zory jsou v\u00a0ohro\u017een\u00ed, d\u011bl\u00e1 z\u00a0jeho potenci\u00e1ln\u00edch voli\u010d\u016f hlup\u00e1ky prvn\u00ed t\u0159\u00eddy.<\/p>\n<p>Nekdo m\u016f\u017ee tvrdit, \u017ee jde jen o chytr\u00fd marketingov\u00fd tah na d\u016fchodce, kte\u0159\u00ed jsou tak r\u00e1di \u201eob\u011btmi\u201c \u0159et\u011bzov\u00fdch email\u016f. Jen\u017ee, i kdy\u017e tomu mo\u017en\u00e1 nejmlad\u0161\u00ed generace st\u011b\u017e\u00ed uv\u011b\u0159\u00ed, ti \u201eprost\u00ed a naivn\u00ed\u201c d\u016fchodci, kte\u0159\u00ed podle nich ni\u010demu nerozum\u00ed, pro\u017eili velkou \u010d\u00e1st sv\u00e9ho \u017eivota \u201eza koman\u010d\u016f\u201c a d\u00edky tomu um\u011bj\u00ed \u010d\u00edst mezi \u0159\u00e1dky a moc dob\u0159e rozpozn\u00e1vaj\u00ed sna\u017eiv\u00e9 a hloup\u00e9 svaz\u00e1ky, kte\u0159\u00ed se op\u011bt vyrojili s\u00a0touhou m\u011bnit p\u0159irozen\u00fd b\u011bh \u017eivota kv\u016fli jejich jak\u00e9si fantasmagorick\u00e9 vidin\u011b b\u00e1je\u010dn\u00e9ho nov\u00e9ho sv\u011bta. My\u0161lenka, \u017ee toto heslo neboh\u00e9 d\u016fchodce zfanfrn\u00ed a budou se proto o Babi\u0161ovy \u201ekecy\u201c mezi sebou honem d\u011blit, \u201ene\u017e to zak\u00e1\u017eou\u201c, op\u011bt p\u0159edpokl\u00e1d\u00e1, \u017ee jeho mo\u017en\u00ed voli\u010di jsou tup\u00ed bezmozci. To je u\u017e podruh\u00e9.<\/p>\n<p>A nejabsurdn\u011bj\u0161\u00ed je spojen\u00ed slov Babi\u0161 a pravda. \u010clov\u011bk nemus\u00ed Babi\u0161e nen\u00e1vid\u011bt a\u017e tak, \u017ee se mu d\u011bl\u00e1 p\u011bna u pusy, jen kdy\u017e zaslechne jeho jm\u00e9no. P\u0159esto c\u00edt\u00ed, \u017ee pr\u00e1v\u011b toto slovn\u00ed spojen\u00ed pon\u011bkud drhne. OK, kdy\u017e Babi\u0161 mluv\u00ed o tom, \u017ee mak\u00e1, \u017ee se sna\u017e\u00ed, \u017ee m\u00e1 \u00fasp\u011bch. To v\u0161echno se d\u00e1 je\u0161t\u011b sn\u00e9st \u2013 pokud si odmysl\u00edte, za jakou cenu a pomoc\u00ed jak\u00fdch \u010dachr\u016f se ke sv\u00fdm takzvan\u00fdch \u00fasp\u011bch\u016fm a hlavn\u011b pen\u011bz\u016fm dopracoval.<\/p>\n<p>Kdy\u017e ale za\u010dne Prchal d\u011blat z\u00a0Babi\u0161e apo\u0161tola pravdy, tak tady u\u017e tato absurdn\u00ed nekompatibilita opravdu nar\u00e1\u017e\u00ed. \u010ce\u0161i moc dob\u0159e v\u011bd\u00ed, co to znamen\u00e1, kdy\u017e je n\u011bkdo pro pravdu pron\u00e1sledovan\u00fd nebo je za ni ochotn\u00fd dokonce polo\u017eit sv\u016fj vlastn\u00ed vlastn\u00ed \u017eivot. A\u0165 je to Karel Havl\u00ed\u010dek Borovsk\u00fd, Karel Kryl nebo Jan Palach. Kdy\u017e se ale n\u011bkdo sna\u017e\u00ed lidem namluvit, \u017ee k\u00a0nim pat\u0159\u00ed i prohnan\u00fd kari\u00e9rista a \u0161\u00edbr Babi\u0161, vyvol\u00e1 to v\u00a0nich jen znechucen\u00ed. A uv\u011b\u0159it tomu m\u016f\u017ee zase jen n\u011bkdo opravdu hodn\u011b hloup\u00fd. Tak\u017ee to m\u00e1me celkem pot\u0159et\u00ed. T\u0159\u00edkr\u00e1t se Babi\u0161 sv\u00fdm voli\u010d\u016fm do o\u010d\u00ed vysm\u011bje, \u017ee jsou blbci a \u010dek\u00e1, \u017ee mu za to daj\u00ed sv\u016fj hlas? Jenom jestli se nep\u0159epo\u010d\u00edtal.<\/p>\n<p>Takhle to toti\u017e opravdu vypad\u00e1 tak, \u017ee Prchal Babi\u0161e s\u00a0\u010f\u00e1belskou genialitou pot\u00e1p\u00ed. A nebo si, p\u0159esn\u011b v\u00a0duchu v\u00fd\u0161e jmenovan\u00e9 facebookov\u00e9 str\u00e1nky, u\u017e vy\u0161\u0148upal mozek a ztratil kontakt s\u00a0realitou. Ka\u017edop\u00e1dn\u011b s\u00a0takhle vedenou kampan\u00ed se d\u00e1 p\u0159edpokl\u00e1dat, \u017ee tentokr\u00e1t Babi\u0161 u\u017e volby kone\u010dn\u011b nevyhraje. Pokud tedy lid\u00e9 nejsou opravdu tak hloup\u00ed, jak kampa\u0148 \u2013 alespo\u0148 navenek \u2013 p\u0159edpokl\u00e1d\u00e1. Potom by si ov\u0161em Prchal op\u011bt zaslou\u017eil uzn\u00e1n\u00ed i obdiv.<\/p>\n<div class=\"really_simple_share really_simple_share_button robots-nocontent snap_nopreview\">\n<div class=\"really_simple_share_facebook_like\"><\/div>\n<\/div>\n<div class=\"pdf24Plugin-cp\"><\/div>\n<\/div>\n<div class=\"postmeta-secondary\">\u00a0\u00a0<em><span class=\"meta_author\">Autor:\u00a0La Pe\u0148a<\/span> \/ NWOO<\/em><\/div>\n<div><\/div>\n<div><\/div>\n","protected":false},"excerpt":{"rendered":"<p>Volebn\u00ed kampan\u011b sou\u010dasn\u00e9ho premi\u00e9ra a v\u016fbec ve\u0161ker\u00fd jeho marketing u\u017e dlouh\u00e9 roky prov\u00e1z\u00ed velk\u00e1 chv\u00e1la&#8230;.<\/p>\n","protected":false},"author":2,"featured_media":4076,"comment_status":"closed","ping_status":"closed","sticky":false,"template":"","format":"standard","meta":[],"categories":[7],"tags":[126,1040,27],"_links":{"self":[{"href":"https:\/\/www.infokuryr.cz\/n\/wp-json\/wp\/v2\/posts\/4075"}],"collection":[{"href":"https:\/\/www.infokuryr.cz\/n\/wp-json\/wp\/v2\/posts"}],"about":[{"href":"https:\/\/www.infokuryr.cz\/n\/wp-json\/wp\/v2\/types\/post"}],"author":[{"embeddable":true,"href":"https:\/\/www.infokuryr.cz\/n\/wp-json\/wp\/v2\/users\/2"}],"replies":[{"embeddable":true,"href":"https:\/\/www.infokuryr.cz\/n\/wp-json\/wp\/v2\/comments?post=4075"}],"version-history":[{"count":0,"href":"https:\/\/www.infokuryr.cz\/n\/wp-json\/wp\/v2\/posts\/4075\/revisions"}],"wp:featuredmedia":[{"embeddable":true,"href":"https:\/\/www.infokuryr.cz\/n\/wp-json\/wp\/v2\/media\/4076"}],"wp:attachment":[{"href":"https:\/\/www.infokuryr.cz\/n\/wp-json\/wp\/v2\/media?parent=4075"}],"wp:term":[{"taxonomy":"category","embeddable":true,"href":"https:\/\/www.infokuryr.cz\/n\/wp-json\/wp\/v2\/categories?post=4075"},{"taxonomy":"post_tag","embeddable":true,"href":"https:\/\/www.infokuryr.cz\/n\/wp-json\/wp\/v2\/tags?post=4075"}],"curies":[{"name":"wp","href":"https:\/\/api.w.org\/{rel}","templated":true}]}}