{"id":40712,"date":"2023-11-22T01:16:35","date_gmt":"2023-11-22T00:16:35","guid":{"rendered":"https:\/\/www.infokuryr.cz\/n\/?p=40712"},"modified":"2023-11-21T18:20:32","modified_gmt":"2023-11-21T17:20:32","slug":"eva-hrindova-to-neni-kapitalismus","status":"publish","type":"post","link":"https:\/\/www.infokuryr.cz\/n\/2023\/11\/22\/eva-hrindova-to-neni-kapitalismus\/","title":{"rendered":"Eva Hrindov\u00e1: To nen\u00ed kapitalismus!"},"content":{"rendered":"<div id=\"fb-root\"><\/div>\n<p><span style=\"font-size: 18pt;\"><strong>Tento obr\u00e1zek sd\u00edlel u\u017e kdekdo &#8211; tihle p\u00e1nov\u00e9 extr\u00e9mn\u011b zbohatli d\u00edky energetick\u00e9 krizi. Na \u00fakor ob\u010dan\u016f, kte\u0159\u00ed naopak zchudli.<\/strong><\/span><\/p>\n<p>Ne \u017ee bych jim z\u00e1vid\u011bla jejich majetky. Mn\u011b bohat\u00ed lid\u00e9 nevad\u00ed, pokud zbohatnou ze sv\u00e9 pr\u00e1ce, z dobr\u00e9ho \u0159\u00edzen\u00ed firem a proto, \u017ee d\u011blaj\u00ed dobr\u00e9 zbo\u017e\u00ed nebo slu\u017eby pro lidi. Ani mi nevad\u00ed, \u017ee spousta z nich k t\u00e9 dobr\u00e9 pr\u00e1ci m\u011bla je\u0161t\u011b velkou porci \u0161t\u011bst\u00ed. Tak to u\u017e v \u017eivot\u011b chod\u00ed.<\/p>\n<p>Vad\u00ed mi ale, \u017ee sou\u010dasn\u00fd syst\u00e9m nem\u00e1 s kapitalismem absolutn\u011b nic spole\u010dn\u00e9ho. Ne\u017eijeme ve sv\u011bt\u011b voln\u00e9ho trhu, kdy se p\u0159irozen\u011b dost\u00e1vaj\u00ed nahoru ti lep\u0161\u00ed z podnikatel\u016f. \u017dijeme v p\u0159eregulovan\u00e9m re\u017eimu, kde bohatnou ti, kte\u0159\u00ed v tom um\u00ed chodit. A tak chud\u00e1ci dotuj\u00ed boh\u00e1\u010de a ti se jim sm\u011bj\u00ed do ksichtu.<\/p>\n<p>\u00cf politici \u017eij\u00ed z na\u0161ich dan\u00ed. Fakt nen\u00ed na m\u00edst\u011b, aby se v dob\u011b nar\u016fstaj\u00edc\u00ed b\u00eddy politici promenovali s drah\u00fdmi telefony a zlat\u00fdmi \u0161\u00e1lami a perlami. Vrchol tuposti jsou politici, kte\u0159\u00ed se sm\u011bj\u00ed v prvn\u00edch \u0159ad\u00e1ch tane\u010dn\u00ed sout\u011b\u017ee. Politici nejsou celebrity, jsou to na\u0161i slu\u017eebn\u00edci. Nemaj\u00ed n\u00e1m ok\u00e1zale d\u00e1vat najevo, \u017ee oni si \u017eij\u00ed dob\u0159e a pat\u0159\u00ed k celebrit\u00e1m \u0161oubyznysu. Je to trapn\u00e9 a je\u0161t\u011b trapn\u011bj\u0161\u00ed je, \u017ee to lidem nevad\u00ed&#8230;.<\/p>\n<p><a href=\"https:\/\/www.evahrindova.cz\/neni-kapitalismus\">Eva Hrindov\u00e1<\/a><\/p>\n<p>&nbsp;<\/p>\n<p><a href=\"https:\/\/stranapro.cz\/\"><img decoding=\"async\" loading=\"lazy\" class=\"wp-image-40286 aligncenter\" src=\"http:\/\/www.infokuryr.cz\/n\/wp-content\/uploads\/2023\/11\/12pro-300x87.png\" alt=\"\" width=\"1072\" height=\"311\" srcset=\"https:\/\/www.infokuryr.cz\/n\/wp-content\/uploads\/2023\/11\/12pro-300x87.png 300w, https:\/\/www.infokuryr.cz\/n\/wp-content\/uploads\/2023\/11\/12pro.png 366w\" sizes=\"(max-width: 1072px) 100vw, 1072px\" \/><\/a><\/p>\n<p>&nbsp;<\/p>\n<p>&nbsp;<\/p>\n","protected":false},"excerpt":{"rendered":"<p>Tento obr\u00e1zek sd\u00edlel u\u017e kdekdo &#8211; tihle p\u00e1nov\u00e9 extr\u00e9mn\u011b zbohatli d\u00edky energetick\u00e9 krizi. Na \u00fakor&#8230;<\/p>\n","protected":false},"author":2,"featured_media":40713,"comment_status":"closed","ping_status":"closed","sticky":false,"template":"","format":"standard","meta":[],"categories":[6],"tags":[3776,2258,3903,29,371],"_links":{"self":[{"href":"https:\/\/www.infokuryr.cz\/n\/wp-json\/wp\/v2\/posts\/40712"}],"collection":[{"href":"https:\/\/www.infokuryr.cz\/n\/wp-json\/wp\/v2\/posts"}],"about":[{"href":"https:\/\/www.infokuryr.cz\/n\/wp-json\/wp\/v2\/types\/post"}],"author":[{"embeddable":true,"href":"https:\/\/www.infokuryr.cz\/n\/wp-json\/wp\/v2\/users\/2"}],"replies":[{"embeddable":true,"href":"https:\/\/www.infokuryr.cz\/n\/wp-json\/wp\/v2\/comments?post=40712"}],"version-history":[{"count":1,"href":"https:\/\/www.infokuryr.cz\/n\/wp-json\/wp\/v2\/posts\/40712\/revisions"}],"predecessor-version":[{"id":40714,"href":"https:\/\/www.infokuryr.cz\/n\/wp-json\/wp\/v2\/posts\/40712\/revisions\/40714"}],"wp:featuredmedia":[{"embeddable":true,"href":"https:\/\/www.infokuryr.cz\/n\/wp-json\/wp\/v2\/media\/40713"}],"wp:attachment":[{"href":"https:\/\/www.infokuryr.cz\/n\/wp-json\/wp\/v2\/media?parent=40712"}],"wp:term":[{"taxonomy":"category","embeddable":true,"href":"https:\/\/www.infokuryr.cz\/n\/wp-json\/wp\/v2\/categories?post=40712"},{"taxonomy":"post_tag","embeddable":true,"href":"https:\/\/www.infokuryr.cz\/n\/wp-json\/wp\/v2\/tags?post=40712"}],"curies":[{"name":"wp","href":"https:\/\/api.w.org\/{rel}","templated":true}]}}