{"id":40706,"date":"2023-11-22T01:05:34","date_gmt":"2023-11-22T00:05:34","guid":{"rendered":"https:\/\/www.infokuryr.cz\/n\/?p=40706"},"modified":"2023-11-21T18:07:15","modified_gmt":"2023-11-21T17:07:15","slug":"jindrich-kulhavy-co-bude-zlomove","status":"publish","type":"post","link":"https:\/\/www.infokuryr.cz\/n\/2023\/11\/22\/jindrich-kulhavy-co-bude-zlomove\/","title":{"rendered":"Jind\u0159ich Kulhav\u00fd: Co bude zlomov\u00e9?"},"content":{"rendered":"<div id=\"fb-root\"><\/div>\n<p><span class=\"anotation\">P\u011btikoalice se pohodln\u011b dr\u017e\u00ed u kormidla a stoosmi\u010dkov\u00e1 v\u011bt\u0161ina ve Sn\u011bmovn\u011b j\u00ed zaru\u010duje p\u0159evahu p\u0159i schvalov\u00e1n\u00ed jak\u00e9koliv pt\u00e1koviny, i kdyby byla sebeextr\u00e9mn\u011bj\u0161\u00ed. Petr Pavel podep\u00ed\u0161e cokoliv, na co mu Kol\u00e1\u0159 k\u00fdvne, a Sen\u00e1t je d\u00edky sv\u00e9mu slo\u017een\u00ed odno\u017e\u00ed anc\u00e1blu, v jeho\u017e \u010dele sed\u00ed Pekarov\u00e1 Adamov\u00e1. Nekritick\u00e1 m\u00e9dia se sice ob\u010das pozastav\u00ed nad n\u011bkterou z ud\u00e1lost\u00ed, ov\u0161em ryk nespust\u00ed nikdy. Kdyby cokoliv z d\u00edlny Fialy vypustil ven Babi\u0161, ,,demokraticky\u201c sm\u00fd\u0161lej\u00edc\u00ed novin\u00e1\u0159i a redakto\u0159i by spustili takovou smr\u0161\u0165, \u017ee bychom se divili. Fiala je h\u00e1jen\u00fd.<\/span><\/p>\n<div id=\"pagetext\">\n<p>\u00a0\u00a0P\u0159iznejme si, \u017ee neb\u00fdt alternativn\u00edch zdroj\u016f a jist\u00e9ho medi\u00e1ln\u00edho st\u00ednu, v\u00a0n\u011bm pracuje \u0159ada odp\u016frc\u016f re\u017eimu, byl by klid. Na\u0161t\u011bst\u00ed toto prost\u0159ed\u00ed je pln\u00e9 inteligentn\u00edch a aktivn\u00edch spoluob\u010dan\u016f ochotn\u00fdch j\u00edt s\u00a0k\u016f\u017e\u00ed na trh a v\u011bnovat sv\u016fj \u010das t\u011bm, kte\u0159\u00ed jsou schopni si hledat i jin\u00e9 informace, ne\u017e kter\u00fdmi n\u00e1s z\u00e1sobuje mainstream. Jmenovat je v\u0161echny na obou b\u0159ez\u00edch nelze a kdy\u017e nap\u00ed\u0161eme p\u00e1r jmen, bude to nespravedliv\u00e9 k\u00a0ostatn\u00edm. Jestli\u017ee se ob\u010das op\u0159eme do \u010cT, Seznamu, Echa \u010di Forum24, vzpomeneme na CNN Primu , Novu \u010di jmenujeme Fridrichovou, \u0160afra, Wollnera nebo \u017delezn\u00e9ho, neznamen\u00e1 to, \u017ee tu nen\u00ed mnohem v\u00edce manipul\u00e1tor\u016f schopn\u00fdch n\u00e1m lh\u00e1t p\u0159\u00edmo do o\u010d\u00ed a tv\u00e1\u0159it se u toho vrcholn\u011b p\u0159esv\u011bd\u010div\u011b. Co\u017e mnoha lidem sta\u010d\u00ed k\u00a0tomu, aby p\u0159ehl\u00ed\u017eeli skute\u010dn\u00e1 fakta, realitu a sm\u011br, kter\u00fdm se ub\u00edr\u00e1me.<\/p>\n<p>Ani opozi\u010dn\u011b nalad\u011bn\u00e1 sc\u00e9na nezn\u00e1 jen p\u00e1r individualit. M\u00e1me tu Martinu Koci\u00e1novou, Petra H\u00e1jka, Vidl\u00e1ka, V\u011btvi\u010dku, Form\u00e1nka, R\u00e9dovou, Svobodn\u00fd vys\u00edla\u010d, KTV, inadhled, Protiproud, Prav\u00fd prostor, AC24, a mnoho dal\u0161\u00edch, kte\u0159\u00ed maj\u00ed sv\u00e9 \u010dten\u00e1\u0159e a poslucha\u010de. Nelze vyjmenovat v\u0161echny, byl by to dlouh\u00fd soupis, a p\u0159esto bychom nedok\u00e1zali vytvo\u0159it kompletn\u00ed datab\u00e1zi, proto\u017ee seznam autor\u016f \u010dl\u00e1nk\u016f a videi by byl mo\u017en\u00e1 stejn\u011b dlouh\u00fd, jako kdybychom d\u00e1vali dohromady mainstreamov\u00e9 tituly pracuj\u00edc\u00ed na manipulaci s\u00a0mysl\u00ed n\u00e1roda. Rozd\u00edl je v\u00a0objemu pen\u011bz, kter\u00fd na stran\u011b proliber\u00e1ln\u00edch subjekt\u016f v\u00fdrazn\u011b cokoliv jin\u00e9ho p\u0159evy\u0161uje. Provl\u00e1dn\u00ed neziskovky i fanati\u010dt\u00ed jednotlivci dokonce sepisuj\u00ed seznamy ,,odpadl\u00edk\u016f\u201c tvo\u0159\u00edc\u00edch modern\u00ed disident, z\u00a0nich\u017e \u010derp\u00e1 i Raku\u0161anem veden\u00e9 Ministerstvo vnitra p\u0159i snaze eliminovat jejich \u010dinnost. Stejn\u011b k\u00a0nim p\u0159istupuj\u00ed n\u011bkter\u00e9 soci\u00e1ln\u00ed s\u00edt\u011b. U n\u011bkter\u00fdch z nich je snaha p\u0159in\u00e1\u0161et zaj\u00edmav\u00e9 informace \u010di v\u00e9st lidi k\u00a0zamy\u0161len\u00ed, jin\u00ed se sna\u017e\u00ed \u0161okovat. Takov\u00fd Michal Shark \u010di Absurdn\u00ed sv\u011bt k\u00a0tomu p\u0159id\u00e1vaj\u00ed p\u0159esv\u011bd\u010den\u00ed, \u017ee je Zem\u011b ploch\u00e1 nebo \u017ee za ledovci v\u00a0Antarktid\u011b za\u010d\u00edn\u00e1 nov\u00fd sv\u011bt. Bohu\u017eel t\u00edm usnad\u0148uj\u00ed provl\u00e1dn\u00edm m\u00e9di\u00edm roli a stav\u00ed u nich i u lid\u00ed vych\u00e1zej\u00edc\u00edch z\u00a0informac\u00ed pod\u00e1van\u00fdch mainstreamem tuto \u010d\u00e1st neliber\u00e1ln\u011b sm\u00fd\u0161lej\u00edc\u00edch autor\u016f na \u00farove\u0148 bl\u00e1zn\u016f.<\/p>\n<p><a href=\"https:\/\/stranapro.cz\/\"><img decoding=\"async\" loading=\"lazy\" class=\" wp-image-40285 aligncenter\" src=\"http:\/\/www.infokuryr.cz\/n\/wp-content\/uploads\/2023\/11\/11pro-300x79.png\" alt=\"\" width=\"680\" height=\"179\" srcset=\"https:\/\/www.infokuryr.cz\/n\/wp-content\/uploads\/2023\/11\/11pro-300x79.png 300w, https:\/\/www.infokuryr.cz\/n\/wp-content\/uploads\/2023\/11\/11pro.png 363w\" sizes=\"(max-width: 680px) 100vw, 680px\" \/><\/a><\/p>\n<p>P\u0159iznejme si, \u017ee Shark nen\u00ed jedin\u00fd. Ob\u010das sta\u010d\u00ed sledovat p\u0159es soci\u00e1ln\u00ed s\u00edt\u011b i jin\u00e9 n\u00e1zorov\u011b od provl\u00e1dn\u011b tvo\u0159\u00edc\u00edch subjekt\u016f odli\u0161n\u00e9 jedince a mus\u00edte se divit, co jsou schopni p\u0159edv\u00e1d\u011bt. N\u011bkter\u00fdm zachutnala popularita, p\u0159esto\u017ee je p\u0159ivedla na mizinu, jin\u00ed u\u017e se vid\u00ed v\u00a0politick\u00fdch funkc\u00edch, kter\u00fdch se v\u0161ak d\u00edky sv\u00e9 naivit\u011b a celkov\u00e9 rozt\u0159\u00ed\u0161t\u011bnosti t\u00e9to sc\u00e9ny nikdy nedo\u010dkaj\u00ed. Kdo z\u00a0n\u00e1s by si dok\u00e1zal afektovanou Peterkovou p\u0159edstavit za pult\u00edkem v\u00a0Parlamentu? Nebo Z\u00edtka? Tito lid\u00e9 maj\u00edc\u00ed z\u00a0po\u010d\u00e1tku jist\u00fd potenci\u00e1l se pozd\u011bji utopili ve vlastn\u00ed sledovanosti a jsou p\u0159eur\u010deni k\u00a0zapomenut\u00ed. Mainstream jim v\u0161ak v\u011bnuje z\u00e1m\u011brn\u011b ur\u010ditou pozornost, proto\u017ee za jejich chov\u00e1n\u00ed dok\u00e1\u017ee ukr\u00fdt daleko schopn\u011bj\u0161\u00ed, inteligentn\u011bj\u0161\u00ed a realisti\u010dt\u011bj\u0161\u00ed autory. Kdo sly\u0161el v\u00a0posledn\u00ed dob\u011b ve zpr\u00e1v\u00e1ch o Koci\u00e1nov\u00e9 \u010di H\u00e1jkovi, p\u0159\u00edpadn\u011b o dal\u0161\u00edch, jejich\u017e aktivity maj\u00ed hlavu i patu? Pr\u00e1v\u011b ti jsou sp\u00ed\u0161e zaml\u010dov\u00e1ni, aby jim nestoupala popularita. Plat\u00ed to i pro Filipa Turka, jeho\u017e n\u00e1zory jsou prost\u011b velmi podobn\u00e9 t\u011bm, kter\u00e9 neovc\u00edm prob\u00edhaj\u00ed denn\u011b hlavou.<\/p>\n<p>V\u011bnujete li tedy pozornost alternativn\u00ed sc\u00e9n\u011b, velmi opatrn\u011b vyb\u00edrejte. Autor\u016f zaj\u00edmav\u00fdch \u010dl\u00e1nk\u016f je mnohem v\u00edce, ne\u017e jsme schopni pojmout. Velmi d\u016fle\u017eit\u00fd je realismus a schopnost analyzovat re\u00e1lnou skute\u010dnost. P\u0159\u00edstup k\u00a0z\u00e1sadn\u00edm informac\u00edm je slo\u017eit\u00fd a omezen\u00fd, \u010dasto je t\u0159eba hodn\u011b p\u00e1trat, vyu\u017e\u00edvat kontakt\u016f \u010di b\u00fdt mezi lidmi a vn\u00edmat n\u00e1lady. Nen\u00ed pravdou, \u017ee m\u00e1 Fiala miziv\u00e9 procento p\u0159\u00edznivc\u016f, proto\u017ee v\u00a0re\u00e1lu by P\u011btikoalice volby op\u011bt mo\u017en\u00e1 vyhr\u00e1la. Sta\u010d\u00ed j\u00ed p\u00e1r t\u00fddn\u016f p\u0159ed volbami nasadit laskav\u00fd v\u00fdraz, narychlo zm\u011bnit p\u00e1r na\u0159\u00edzen\u00ed a z\u00e1kon\u016f, opr\u00e1\u0161it jedine\u010dnost EU a NATO, z\u00e1rove\u0148 potla\u010dit negativn\u00ed dopady snah WEF, WHO, EU a dal\u0161\u00edch organizac\u00ed, tak\u00e9 ml\u017eit kolem Green Dealu, a plno voli\u010d\u016f jim op\u011bt sko\u010d\u00ed na \u0161pek. D\u00edky s\u00edle m\u00e9di\u00ed a pen\u011bz\u016fm do nich vlo\u017een\u00fdch dok\u00e1\u017eou obr\u00e1tit vn\u00edm\u00e1n\u00ed velk\u00e9 \u010d\u00e1sti n\u00e1roda b\u011bhem p\u00e1r t\u00fddn\u016f. To, co Alternativa kousek po kousku slepuje roky, rozpr\u00e1\u0161\u00ed oni za p\u00e1r dn\u00ed. Nedejte se tedy op\u00edt rohl\u00edkem. Tvo\u0159te si n\u00e1zor pomalu, opatrn\u011b a dlouhodob\u011b. Jen tak se pohneme z\u00a0m\u00edsta.<\/p>\n<p>Co jim m\u016f\u017ee zlomit vaz? Ceny potravin, pohonn\u00fdch hmot, elekt\u0159iny \u010di plynu? Nebo a\u017e n\u00e1m s\u00e1hnou na majetek, pen\u00edze, soukrom\u00ed? D\u011blaj\u00ed to metodou ukrajov\u00e1n\u00ed sal\u00e1mu a v\u011bt\u0161ina zat\u00edm jen ml\u010d\u00ed. Bez alternativn\u00edch m\u00e9di\u00ed a aktivn\u00edch jednotlivc\u016f by to ostatn\u00ed jen pomalu vst\u0159eb\u00e1vali a ml\u010deli by. Je jen na n\u00e1s nez\u016fstat zticha a vzep\u0159\u00edt se.<\/p>\n<p><a href=\"https:\/\/www.inadhled.live\/tipy\/co-bude-zlomove-\/\">Jind\u0159ich Kulhav\u00fd<\/a><\/p>\n<p><img decoding=\"async\" loading=\"lazy\" class=\"alignnone size-medium wp-image-22653\" src=\"http:\/\/www.infokuryr.cz\/n\/wp-content\/uploads\/2023\/02\/jindra-kulhavy-221x300.jpg\" alt=\"\" width=\"221\" height=\"300\" srcset=\"https:\/\/www.infokuryr.cz\/n\/wp-content\/uploads\/2023\/02\/jindra-kulhavy-221x300.jpg 221w, https:\/\/www.infokuryr.cz\/n\/wp-content\/uploads\/2023\/02\/jindra-kulhavy.jpg 311w\" sizes=\"(max-width: 221px) 100vw, 221px\" \/><\/p>\n<\/div>\n<p>&nbsp;<\/p>\n","protected":false},"excerpt":{"rendered":"<p>P\u011btikoalice se pohodln\u011b dr\u017e\u00ed u kormidla a stoosmi\u010dkov\u00e1 v\u011bt\u0161ina ve Sn\u011bmovn\u011b j\u00ed zaru\u010duje p\u0159evahu p\u0159i&#8230;<\/p>\n","protected":false},"author":2,"featured_media":40707,"comment_status":"closed","ping_status":"closed","sticky":false,"template":"","format":"standard","meta":[],"categories":[6],"tags":[29,158,535,99],"_links":{"self":[{"href":"https:\/\/www.infokuryr.cz\/n\/wp-json\/wp\/v2\/posts\/40706"}],"collection":[{"href":"https:\/\/www.infokuryr.cz\/n\/wp-json\/wp\/v2\/posts"}],"about":[{"href":"https:\/\/www.infokuryr.cz\/n\/wp-json\/wp\/v2\/types\/post"}],"author":[{"embeddable":true,"href":"https:\/\/www.infokuryr.cz\/n\/wp-json\/wp\/v2\/users\/2"}],"replies":[{"embeddable":true,"href":"https:\/\/www.infokuryr.cz\/n\/wp-json\/wp\/v2\/comments?post=40706"}],"version-history":[{"count":0,"href":"https:\/\/www.infokuryr.cz\/n\/wp-json\/wp\/v2\/posts\/40706\/revisions"}],"wp:featuredmedia":[{"embeddable":true,"href":"https:\/\/www.infokuryr.cz\/n\/wp-json\/wp\/v2\/media\/40707"}],"wp:attachment":[{"href":"https:\/\/www.infokuryr.cz\/n\/wp-json\/wp\/v2\/media?parent=40706"}],"wp:term":[{"taxonomy":"category","embeddable":true,"href":"https:\/\/www.infokuryr.cz\/n\/wp-json\/wp\/v2\/categories?post=40706"},{"taxonomy":"post_tag","embeddable":true,"href":"https:\/\/www.infokuryr.cz\/n\/wp-json\/wp\/v2\/tags?post=40706"}],"curies":[{"name":"wp","href":"https:\/\/api.w.org\/{rel}","templated":true}]}}