{"id":40703,"date":"2023-11-22T01:01:19","date_gmt":"2023-11-22T00:01:19","guid":{"rendered":"https:\/\/www.infokuryr.cz\/n\/?p=40703"},"modified":"2023-11-21T18:04:18","modified_gmt":"2023-11-21T17:04:18","slug":"premysl-votava-americka-fronta-na-kuratko-v-zemli","status":"publish","type":"post","link":"https:\/\/www.infokuryr.cz\/n\/2023\/11\/22\/premysl-votava-americka-fronta-na-kuratko-v-zemli\/","title":{"rendered":"P\u0159emysl Votava: Americk\u00e1 fronta na ku\u0159\u00e1tko v \u017eemli"},"content":{"rendered":"<div id=\"fb-root\"><\/div>\n<p><strong>Ta fronta u sochy sv. V\u00e1clava byla nekone\u010dn\u00e1. Mlad\u00ed zde st\u00e1li p\u0159es noc, ti prvn\u00ed str\u00e1vili na \u017eidli\u010dk\u00e1ch dokonce cel\u00fd den a noc&#8230; Asi rozd\u00e1vali i \u010d\u00edsla, jak\u00fdsi po\u0159adn\u00edk. Svat\u00fd V\u00e1clav zde toho vid\u011bl ji\u017e hodn\u011b, vyhla\u0161ovala se tu republika, p\u0159\u00edsahala v\u011brnost \u0158\u00ed\u0161i, v pravideln\u00fdch cyklech vid\u011bl sv. V\u00e1clav j\u00e1saj\u00edc\u00ed davy i m\u00e1v\u00e1n\u00ed prapor\u016f r\u016fzn\u00fdch barev, vid\u011bl velk\u00e1 v\u00edt\u011bzstv\u00ed i velk\u00e9 prohry. Ale pro\u010d tak dlouh\u00e1 fronta a je\u0161t\u011b p\u0159es noc? Pr\u00fd prod\u00e1vaj\u00ed n\u011bco americk\u00e9ho.<\/strong><\/p>\n<p>V Praze otev\u0159eli nov\u00fd Fast Food, prvn\u00edch sto z\u00e1kazn\u00edk\u016f dostalo housku s ku\u0159ec\u00edm zdarma a prvn\u00ed t\u0159i si mohli p\u0159ij\u00edt pro tu housku po cel\u00fd rok. Nov\u00e1 zna\u010dka Fast Foodu americk\u00e9 spole\u010dnosti Popeyes dorazila do \u010cesk\u00e9 republiky. Byla z toho velk\u00e1 sl\u00e1va, v Americe byl hr\u00e1la hudba, asi jazz. Tato spole\u010dnost ji\u017e zakotvila ve 30 zem\u00edch sv\u011bta, jak jsem se dozv\u011bd\u011bl jej\u00ed reklama je zam\u011b\u0159ena na mladou generaci.<\/p>\n<p><a href=\"https:\/\/stranapro.cz\/\"><img decoding=\"async\" loading=\"lazy\" class=\"alignnone wp-image-40285 aligncenter\" src=\"http:\/\/www.infokuryr.cz\/n\/wp-content\/uploads\/2023\/11\/11pro-300x79.png\" alt=\"\" width=\"589\" height=\"155\" srcset=\"https:\/\/www.infokuryr.cz\/n\/wp-content\/uploads\/2023\/11\/11pro-300x79.png 300w, https:\/\/www.infokuryr.cz\/n\/wp-content\/uploads\/2023\/11\/11pro.png 363w\" sizes=\"(max-width: 589px) 100vw, 589px\" \/><\/a><\/p>\n<p>Fronty nejsou u n\u00e1s, ani ve sv\u011bt\u011b nic nov\u00e9ho, byly d\u0159\u00edve, jsou i dnes, vid\u00edme je na prac\u00e1ku, \u010di p\u0159i nov\u00e9 registraci u zuba\u0159e, nebo u pediatra, ale fronta p\u0159es noc na housku s kouskem ku\u0159ec\u00edho, to je n\u011bco neb\u00fdval\u00e9ho&#8230; Opravdu je u n\u00e1s skupina ob\u010dan\u016f, kter\u00fdm se vyplat\u00ed st\u00e1t ve front\u011b na tuto oblo\u017eenou housku celou noc ? Maj\u00ed hlad, nebo jen podl\u00e9haj\u00ed reklam\u011b ? Oboj\u00ed je k zamy\u0161len\u00ed. Samotn\u00e1 fronta pod sochou Svat\u00e9ho V\u00e1clava p\u0159ed zraky turist\u016f je trapnost\u00ed i varov\u00e1n\u00edm. Vid\u00edme z\u00e1rove\u0148 jak snadn\u00e9 je ovlivnit ob\u010dany c\u00edlenou reklamou. Nen\u00ed je\u0161t\u011b zapomenut onen fiktivn\u00ed supermarket v Let\u0148anech, kde davy kupuj\u00edc\u00edch \u010dekaly mnoho hodin na zbo\u017e\u00ed za hubi\u010dku&#8230; Ti naivn\u00ed d\u016fv\u011b\u0159ivci nalet\u011bli, byli n\u00e1rodu pro sm\u00edch. Svat\u00fd V\u00e1clave oroduj za n\u00e1s.<\/p>\n<p>Rychl\u00e9 ob\u010derstven\u00ed nen\u00ed nic p\u0159evratn\u00e9ho, americk\u00e9ho&#8230; P\u0159ed 31lety se zde zabydlela prvn\u00ed americk\u00e1 spole\u010dnost rychl\u00e9ho ob\u010derstven\u00ed, firma McDonalds. Tento trend ovl\u00e1dne \u010dasem na\u0161e stravov\u00e1n\u00ed tak, jako jinde ve sv\u011bt\u011b, zda to bude ku prosp\u011bchu na\u0161eho zdrav\u00ed, nech\u00e1v\u00e1m rad\u0161i odborn\u00edk\u016fm. Zde je EU slep\u00e1, tr\u00e1p\u00ed ji plastov\u00e1 br\u010dka a l\u017ei\u010dky&#8230;. Bl\u00ed\u017e\u00ed se doba sp\u011bchu, kdy budeme ob\u011bdvat n\u011bkde u benz\u00ednky, \u010di v obchodn\u00edm centru, \u010d\u00ed\u0161n\u00edka u\u017e neuvid\u00edme&#8230; Bude n\u00e1m sta\u010dit pap\u00edrov\u00fd kel\u00edmek, t\u00e1cek a ubrousek&#8230;<\/p>\n<p>Rychl\u00e9 ob\u010derstven\u00ed nen\u00ed u n\u00e1s nezn\u00e1m\u00fd pojem, byl v\u017edy sou\u010d\u00e1st\u00ed stravov\u00e1n\u00ed, m\u00e1me je\u0161t\u011b v pam\u011bti automat Koruna na V\u00e1clavsk\u00e9m n\u00e1m\u011bst\u00ed, \u010di obdobn\u00fd v Praze u Rozva\u0159il\u016f. V\u0161ak i oblo\u017een\u00fd chleb\u00ed\u010dek je \u010deskou specialitou a pojem bistro je n\u00e1m tak\u00e9 zn\u00e1m\u00fd. Mnoh\u00fdm je asi zn\u00e1m\u00e9, \u017ee na rozvoji rychl\u00e9ho ob\u010derstven\u00ed ve sv\u011bt\u011b m\u00e1 z\u00e1sluhu zejm\u00e9na n\u00e1\u0161 krajan \u010cechoameri\u010dan Raymond Kroc (1902 \u2013 1984). Jeho d\u011bde\u010dek Franti\u0161ek Kroc, hostinsk\u00fd ze Stupna u Zbiroha, koncem 19. stolet\u00ed p\u0159iplul do Ameriky hledat \u0161t\u011bst\u00ed. Jeho vnuk Raymond Kroc si v roce 1961 odkoupil do t\u00e9 doby zcela nezn\u00e1mou firmu McDonalds a \u010desk\u00fd karban\u00e1tek, vyloven\u00fd z pam\u011bti jeho p\u0159edk\u016f, ovl\u00e1dl Ameriku. Na cest\u011b k z\u00e1kazn\u00edk\u016fm dostal nov\u00e9 jm\u00e9no hamburger. A tak v nads\u00e1zce, bez \u010desk\u00fdch karban\u00e1tk\u016f by Ameri\u010dan\u00e9 nejsp\u00ed\u0161e \u201eum\u0159eli hlady\u201c. Neobjevujme proto Ameriku&#8230;.<\/p>\n<p><strong><em>P\u0159emysl Votava<\/em><\/strong><br \/>\n<em>\u010cesk\u00e1 strana n\u00e1rodn\u011b soci\u00e1ln\u00ed<\/em><\/p>\n<p><img decoding=\"async\" loading=\"lazy\" class=\"alignnone size-medium wp-image-15746\" src=\"http:\/\/www.infokuryr.cz\/n\/wp-content\/uploads\/2022\/09\/votava-premysl-300x208.jpg\" alt=\"\" width=\"300\" height=\"208\" srcset=\"https:\/\/www.infokuryr.cz\/n\/wp-content\/uploads\/2022\/09\/votava-premysl-300x208.jpg 300w, https:\/\/www.infokuryr.cz\/n\/wp-content\/uploads\/2022\/09\/votava-premysl.jpg 318w\" sizes=\"(max-width: 300px) 100vw, 300px\" \/><\/p>\n<p>&nbsp;<\/p>\n<p>&nbsp;<\/p>\n","protected":false},"excerpt":{"rendered":"<p>Ta fronta u sochy sv. V\u00e1clava byla nekone\u010dn\u00e1. Mlad\u00ed zde st\u00e1li p\u0159es noc, ti prvn\u00ed&#8230;<\/p>\n","protected":false},"author":2,"featured_media":40704,"comment_status":"closed","ping_status":"closed","sticky":false,"template":"","format":"standard","meta":[],"categories":[6],"tags":[670,6319,6318],"_links":{"self":[{"href":"https:\/\/www.infokuryr.cz\/n\/wp-json\/wp\/v2\/posts\/40703"}],"collection":[{"href":"https:\/\/www.infokuryr.cz\/n\/wp-json\/wp\/v2\/posts"}],"about":[{"href":"https:\/\/www.infokuryr.cz\/n\/wp-json\/wp\/v2\/types\/post"}],"author":[{"embeddable":true,"href":"https:\/\/www.infokuryr.cz\/n\/wp-json\/wp\/v2\/users\/2"}],"replies":[{"embeddable":true,"href":"https:\/\/www.infokuryr.cz\/n\/wp-json\/wp\/v2\/comments?post=40703"}],"version-history":[{"count":0,"href":"https:\/\/www.infokuryr.cz\/n\/wp-json\/wp\/v2\/posts\/40703\/revisions"}],"wp:featuredmedia":[{"embeddable":true,"href":"https:\/\/www.infokuryr.cz\/n\/wp-json\/wp\/v2\/media\/40704"}],"wp:attachment":[{"href":"https:\/\/www.infokuryr.cz\/n\/wp-json\/wp\/v2\/media?parent=40703"}],"wp:term":[{"taxonomy":"category","embeddable":true,"href":"https:\/\/www.infokuryr.cz\/n\/wp-json\/wp\/v2\/categories?post=40703"},{"taxonomy":"post_tag","embeddable":true,"href":"https:\/\/www.infokuryr.cz\/n\/wp-json\/wp\/v2\/tags?post=40703"}],"curies":[{"name":"wp","href":"https:\/\/api.w.org\/{rel}","templated":true}]}}