{"id":40657,"date":"2023-11-21T05:49:36","date_gmt":"2023-11-21T04:49:36","guid":{"rendered":"https:\/\/www.infokuryr.cz\/n\/?p=40657"},"modified":"2023-11-21T05:49:36","modified_gmt":"2023-11-21T04:49:36","slug":"antiglobalisticky-nizozemsky-politik-uderen-lahvi-do-hlavy","status":"publish","type":"post","link":"https:\/\/www.infokuryr.cz\/n\/2023\/11\/21\/antiglobalisticky-nizozemsky-politik-uderen-lahvi-do-hlavy\/","title":{"rendered":"\u201eAntiglobalistick\u00fd\u201c nizozemsk\u00fd politik ude\u0159en lahv\u00ed do hlavy"},"content":{"rendered":"<div id=\"fb-root\"><\/div>\n<p><span style=\"font-size: 18pt;\"><strong>Thierry Baudet byl opakovan\u011b zasa\u017een \u00fato\u010dn\u00edkem pouh\u00e9 dva dny p\u0159ed v\u0161eobecn\u00fdmi volbami v Nizozemsku<\/strong><\/span><\/p>\n<p><span>Nizozemsk\u00fd politik Thierry Baudet byl hospitalizov\u00e1n pot\u00e9, co byl na p\u0159edvolebn\u00ed akci napaden mu\u017eem t\u0159\u00edmaj\u00edc\u00edm pivn\u00ed l\u00e1hev.\u00a0Incident byl druh\u00fdm \u00fatokem na Baudeta v posledn\u00edch t\u00fddnech a odehr\u00e1l se dva dny p\u0159ed v\u0161eobecn\u00fdmi volbami.<\/span><\/p>\n<p><span>Baudet v pond\u011bl\u00ed zdravil p\u0159\u00edznivce v baru ve m\u011bst\u011b Groningen na severu zem\u011b, kdy\u017e ho \u00fato\u010dn\u00edk opakovan\u011b ude\u0159il lahv\u00ed do hlavy a krku.\u00a0Videoz\u00e1znam uk\u00e1zal, \u017ee Baudet\u016fv bezpe\u010dnostn\u00ed t\u00fdm sp\u011bch\u00e1 zran\u011bn\u00e9ho politick\u00e9ho v\u016fdce pry\u010d, zat\u00edmco kolemjdouc\u00ed z\u00e1pasili s \u00fato\u010dn\u00edkem k zemi.\u00a0<\/span><\/p>\n<p><span>\u00dato\u010dn\u00edk byl zat\u010den kr\u00e1tce pot\u00e9, zat\u00edmco Baudet byl p\u0159evezen do nedalek\u00e9 nemocnice.\u00a0V p\u0159\u00edsp\u011bvku na X (d\u0159\u00edve Twitteru) jeho strana F\u00f3rum pro demokracii (FvD) uvedla, \u017ee Baudet o\u0161et\u0159il traumatologick\u00fd chirurg a \u017ee lahvi\u010dka t\u011bsn\u011b minula jeho oko.\u00a0<\/span><\/p>\n<div class=\"rtcode\">\n<div class=\"twitter-tweet twitter-tweet-rendered\"><iframe id=\"twitter-widget-0\" class=\"\" title=\"Twitter Tweet\" src=\"https:\/\/platform.twitter.com\/embed\/Tweet.html?creatorScreenName=RT_com&amp;dnt=false&amp;embedId=twitter-widget-0&amp;features=eyJ0ZndfdGltZWxpbmVfbGlzdCI6eyJidWNrZXQiOltdLCJ2ZXJzaW9uIjpudWxsfSwidGZ3X2ZvbGxvd2VyX2NvdW50X3N1bnNldCI6eyJidWNrZXQiOnRydWUsInZlcnNpb24iOm51bGx9LCJ0ZndfdHdlZXRfZWRpdF9iYWNrZW5kIjp7ImJ1Y2tldCI6Im9uIiwidmVyc2lvbiI6bnVsbH0sInRmd19yZWZzcmNfc2Vzc2lvbiI6eyJidWNrZXQiOiJvbiIsInZlcnNpb24iOm51bGx9LCJ0ZndfZm9zbnJfc29mdF9pbnRlcnZlbnRpb25zX2VuYWJsZWQiOnsiYnVja2V0Ijoib24iLCJ2ZXJzaW9uIjpudWxsfSwidGZ3X21peGVkX21lZGlhXzE1ODk3Ijp7ImJ1Y2tldCI6InRyZWF0bWVudCIsInZlcnNpb24iOm51bGx9LCJ0ZndfZXhwZXJpbWVudHNfY29va2llX2V4cGlyYXRpb24iOnsiYnVja2V0IjoxMjA5NjAwLCJ2ZXJzaW9uIjpudWxsfSwidGZ3X3Nob3dfYmlyZHdhdGNoX3Bpdm90c19lbmFibGVkIjp7ImJ1Y2tldCI6Im9uIiwidmVyc2lvbiI6bnVsbH0sInRmd19kdXBsaWNhdGVfc2NyaWJlc190b19zZXR0aW5ncyI6eyJidWNrZXQiOiJvbiIsInZlcnNpb24iOm51bGx9LCJ0ZndfdXNlX3Byb2ZpbGVfaW1hZ2Vfc2hhcGVfZW5hYmxlZCI6eyJidWNrZXQiOiJvbiIsInZlcnNpb24iOm51bGx9LCJ0ZndfdmlkZW9faGxzX2R5bmFtaWNfbWFuaWZlc3RzXzE1MDgyIjp7ImJ1Y2tldCI6InRydWVfYml0cmF0ZSIsInZlcnNpb24iOm51bGx9LCJ0ZndfbGVnYWN5X3RpbWVsaW5lX3N1bnNldCI6eyJidWNrZXQiOnRydWUsInZlcnNpb24iOm51bGx9LCJ0ZndfdHdlZXRfZWRpdF9mcm9udGVuZCI6eyJidWNrZXQiOiJvbiIsInZlcnNpb24iOm51bGx9fQ%3D%3D&amp;frame=false&amp;hideCard=false&amp;hideThread=false&amp;id=1726643339066503559&amp;lang=cs&amp;origin=https%3A%2F%2Fswentr.site%2Fnews%2F587691-thierry-baudet-attack-netherlands%2F&amp;sessionId=a15d432c37ff2228b48045c9fdec6c2e3e686b97&amp;siteScreenName=RT_com&amp;theme=light&amp;widgetsVersion=01917f4d1d4cb%3A1696883169554&amp;width=550px\" frameborder=\"0\" scrolling=\"no\" allowfullscreen=\"allowfullscreen\" data-tweet-id=\"1726643339066503559\" data-mce-fragment=\"1\"><\/iframe><\/div>\n<\/div>\n<p><span>Strana pot\u00e9 ozn\u00e1mila, \u017ee ud\u00e1lost napl\u00e1novan\u00e1 na pozd\u011bji ve\u010der ve m\u011bst\u011b Zwolle byla zru\u0161ena\u00a0<\/span><em><span>\u201ekv\u016fli zdrav\u00ed a bezpe\u010dnosti\u201c<\/span><\/em><span>\u00a0Baudeta.<\/span><\/p>\n<p><span>Pond\u011bln\u00ed \u00fatok p\u0159i\u0161el necel\u00fd m\u011bs\u00edc pot\u00e9, co Baudet ude\u0159il de\u0161tn\u00edkem maskovan\u00fd \u00fato\u010dn\u00edk na univerzit\u011b v Gentu v Belgii.\u00a0Baudet v d\u016fsledku st\u00e1vky utrp\u011bl lehk\u00fd ot\u0159es mozku a pachatel \u2013 kter\u00fd b\u011bhem incidentu\u00a0<\/span><a href=\"https:\/\/swentr.site\/news\/585961-ukraine-supporter-attacks-dutch-mp\/\" target=\"_blank\" rel=\"noopener noreferrer\"><span>vyk\u0159ikoval<\/span><\/a><span>\u00a0protirusk\u00e1 hesla \u2013 byl na m\u00edst\u011b zadr\u017een.<\/span><\/p>\n<div class=\"read-more read-more__right\" data-has-alias=\"\"><a href=\"https:\/\/stranapro.cz\/\"><img decoding=\"async\" loading=\"lazy\" class=\" wp-image-40285 aligncenter\" src=\"http:\/\/www.infokuryr.cz\/n\/wp-content\/uploads\/2023\/11\/11pro-300x79.png\" alt=\"\" width=\"547\" height=\"144\" srcset=\"https:\/\/www.infokuryr.cz\/n\/wp-content\/uploads\/2023\/11\/11pro-300x79.png 300w, https:\/\/www.infokuryr.cz\/n\/wp-content\/uploads\/2023\/11\/11pro.png 363w\" sizes=\"(max-width: 547px) 100vw, 547px\" \/><\/a><\/div>\n<p><span>Baudet popisuje svou stranu jako\u00a0<\/span><em><span>\u201enejenergi\u010dt\u011bj\u0161\u00ed antiglobalistick\u00e9 hnut\u00ed na\u0161\u00ed doby\u201c<\/span><\/em><span>\u00a0a je hlasit\u00fdm kritikem imigrace,\u00a0<\/span><em><span>\u201eprobuzen\u00ed a LGBT propagandy\u201c<\/span><\/em><span>\u00a0a nizozemsk\u00e9ho \u010dlenstv\u00ed v EU a NATO.\u00a0Konflikt na Ukrajin\u011b popsal jako\u00a0<\/span><em><span>\u201ehloupou v\u00e1lku NATO proti Rusku\u201c<\/span><\/em><span>\u00a0a chv\u00e1lil rusk\u00e9ho prezidenta Vladimira Putina jako\u00a0<\/span><em><span>\u201eobrovsk\u00e9ho hrdinu\u201c<\/span><\/em><span>\u00a0v boji proti \u201eglobalismu veden\u00e9m Ameri\u010dany\u00a0<\/span><em><span>\u201c.<\/span><\/em><\/p>\n<p><span>Jeho strana vznikla v roce 2016 a ve v\u0161eobecn\u00fdch volb\u00e1ch v n\u00e1sleduj\u00edc\u00edm roce z\u00edskala 1,8 % hlas\u016f, kter\u00e9 vzrostly na 5 % v roce 2021. P\u0159ed dal\u0161\u00edmi v\u0161eobecn\u00fdmi volbami tuto st\u0159edu FvD aktu\u00e1ln\u011b vol\u00ed 3 %, podle souhrnu n\u011bkolika pr\u016fzkumy ve\u0159ejn\u00e9ho m\u00edn\u011bn\u00ed sestaven\u00e9 spole\u010dnost\u00ed Politico.<\/span><\/p>\n<p><span>V posledn\u00edch \u0161esti t\u00fddnech bylo v cel\u00e9 Evrop\u011b napadeno n\u011bkolik pravicov\u011b populistick\u00fdch politik\u016f.\u00a0Spolup\u0159edseda Alternativy pro N\u011bmecko (AfD) Tino Chrupalla byl hospitalizov\u00e1n pot\u00e9, co byl po\u010d\u00e1tkem \u0159\u00edjna pobod\u00e1n injek\u010dn\u00ed st\u0159\u00edka\u010dkou na shrom\u00e1\u017ed\u011bn\u00ed, zat\u00edmco Alejo Vidal-Quadras, zakladatel \u0161pan\u011blsk\u00e9 strany Vox, byl v\u00e1\u017en\u011b zran\u011bn pot\u00e9, co byl post\u0159elen. tv\u00e1\u0159 v Madridu za\u010d\u00e1tkem tohoto m\u011bs\u00edce.\u00a0<\/span><\/p>\n<p><img decoding=\"async\" loading=\"lazy\" class=\"alignnone size-full wp-image-1185\" src=\"http:\/\/www.infokuryr.cz\/n\/wp-content\/uploads\/2021\/04\/kuryr-podpis.png\" alt=\"\" width=\"84\" height=\"24\" \/><\/p>\n<p>&nbsp;<\/p>\n<p>&nbsp;<\/p>\n","protected":false},"excerpt":{"rendered":"<p>Thierry Baudet byl opakovan\u011b zasa\u017een \u00fato\u010dn\u00edkem pouh\u00e9 dva dny p\u0159ed v\u0161eobecn\u00fdmi volbami v Nizozemsku Nizozemsk\u00fd&#8230;<\/p>\n","protected":false},"author":2,"featured_media":40658,"comment_status":"closed","ping_status":"closed","sticky":false,"template":"","format":"standard","meta":[],"categories":[7],"tags":[6314,1381,420,27],"_links":{"self":[{"href":"https:\/\/www.infokuryr.cz\/n\/wp-json\/wp\/v2\/posts\/40657"}],"collection":[{"href":"https:\/\/www.infokuryr.cz\/n\/wp-json\/wp\/v2\/posts"}],"about":[{"href":"https:\/\/www.infokuryr.cz\/n\/wp-json\/wp\/v2\/types\/post"}],"author":[{"embeddable":true,"href":"https:\/\/www.infokuryr.cz\/n\/wp-json\/wp\/v2\/users\/2"}],"replies":[{"embeddable":true,"href":"https:\/\/www.infokuryr.cz\/n\/wp-json\/wp\/v2\/comments?post=40657"}],"version-history":[{"count":0,"href":"https:\/\/www.infokuryr.cz\/n\/wp-json\/wp\/v2\/posts\/40657\/revisions"}],"wp:featuredmedia":[{"embeddable":true,"href":"https:\/\/www.infokuryr.cz\/n\/wp-json\/wp\/v2\/media\/40658"}],"wp:attachment":[{"href":"https:\/\/www.infokuryr.cz\/n\/wp-json\/wp\/v2\/media?parent=40657"}],"wp:term":[{"taxonomy":"category","embeddable":true,"href":"https:\/\/www.infokuryr.cz\/n\/wp-json\/wp\/v2\/categories?post=40657"},{"taxonomy":"post_tag","embeddable":true,"href":"https:\/\/www.infokuryr.cz\/n\/wp-json\/wp\/v2\/tags?post=40657"}],"curies":[{"name":"wp","href":"https:\/\/api.w.org\/{rel}","templated":true}]}}