{"id":40641,"date":"2023-11-21T01:17:25","date_gmt":"2023-11-21T00:17:25","guid":{"rendered":"https:\/\/www.infokuryr.cz\/n\/?p=40641"},"modified":"2023-11-20T19:39:22","modified_gmt":"2023-11-20T18:39:22","slug":"prezident-pavel-bere-341-tisic-mesicne-cesi-se-podle-nej-nemaji-zas-tak-spatne","status":"publish","type":"post","link":"https:\/\/www.infokuryr.cz\/n\/2023\/11\/21\/prezident-pavel-bere-341-tisic-mesicne-cesi-se-podle-nej-nemaji-zas-tak-spatne\/","title":{"rendered":"Prezident Pavel bere 341 tis\u00edc m\u011bs\u00ed\u010dn\u011b. \u010ce\u0161i se podle n\u011bj nemaj\u00ed zas tak \u0161patn\u011b"},"content":{"rendered":"<div id=\"fb-root\"><\/div>\n<p>Prezident Pavel bere 341 000 K\u010d m\u011bs\u00ed\u010dn\u011b. \u010ce\u0161i se podle n\u011bj pr\u00fd nemaj\u00ed tak \u0161patn\u011b. Asi nev\u00ed, \u017ee milion \u010cech\u016f \u017eije pod hranic\u00ed chudoby a dal\u0161\u00ed dva miliony se do n\u00ed rychle propadaj\u00ed. \u010cesko je jedin\u00e1 zem\u011b v EU, kter\u00e9 se neda\u0159\u00ed dostat z ekonomick\u00fdch probl\u00e9m\u016f. Re\u00e1ln\u00e9 mzdy klesaj\u00ed a ceny let\u00ed vzh\u016fru.<\/p>\n<p>\ud83d\udc49 Ani N\u011bmecko si nemysl\u00ed, \u017ee by se \u010ce\u0161i m\u011bli l\u00e9pe. N\u011bmeck\u00fd magaz\u00edn Die Welt napsal &#8222;\u010cesko je nemocn\u00fd mu\u017e Evropy&#8220; a d\u00e1vaj\u00ed n\u00e1s za odstra\u0161uj\u00edc\u00ed p\u0159\u00edklad. Na\u0161ich ekonomick\u00fdch probl\u00e9m\u016f si v\u0161\u00edmaj\u00ed ve sv\u011bt\u011b v\u0161ichni krom\u011b prezidenta Pavla a premi\u00e9ra Fialy.<\/p>\n<p>\ud83d\udc49 \u010ce\u0161i podle statistik zchudli nejv\u00edce z vysp\u011bl\u00fdch zem\u00ed OECD. Re\u00e1ln\u00e9 mzdy klesly natolik, \u017ee n\u00e1s to vr\u00e1tilo o p\u011bt let dozadu. Slu\u017eby a zbo\u017e\u00ed p\u0159itom zdra\u017eilo n\u011bkolikan\u00e1sobn\u011b.<\/p>\n<p>\ud83d\udc49 N\u00e1kupy zbran\u00ed za stovky milion\u016f a miliardy ale pokra\u010duj\u00ed. Ministryn\u011b \u010cernochov\u00e1 (ODS) nakoup\u00ed rakety za 762 milion\u016f K\u010d. Na n\u011bkter\u00e9 v\u011bci prost\u011b Fialova vl\u00e1da o\u010dividn\u011b pen\u00edze m\u00e1. H\u00e1dejte, na co se tyto zbran\u011b asi pou\u017eij\u00ed?<\/p>\n<p>\ud83d\udc49 Ministr Jure\u010dka chce vid\u011bt do va\u0161eho bankovn\u00edho \u00fa\u010dtu. Pr\u00e1v\u011b te\u010f si nech\u00e1v\u00e1 schv\u00e1lit z\u00e1kon, kter\u00fd mu to umo\u017en\u00ed, pokud kdokoliv z va\u0161ich bl\u00edzk\u00fdch po\u017e\u00e1d\u00e1 o soci\u00e1ln\u00ed podporu. Podle \u00da\u0159adu pro ochranu osobn\u00edch \u00fadaj\u016f ale Jure\u010dk\u016fv z\u00e1kon po\u0161kod\u00ed va\u0161e pr\u00e1vo na ochranu soukrom\u00ed a dojde k prolomen\u00ed bankovn\u00edho tajemstv\u00ed.<\/p>\n<p>\ud83d\udc49 Pir\u00e1ti se zase uk\u00e1zali. Pochybnou o 2 miliardy K\u010d p\u0159edra\u017eenou zak\u00e1zku na nov\u00e9 metro D pod Pir\u00e1tsk\u00fdm veden\u00edm nikdo nech\u00e1pe. Protikorup\u010dn\u00ed organizace i my jako opozice jsme \u017e\u00e1dali, aby Praha celou v\u011bc pro\u0161et\u0159ila. Pir\u00e1ti ani ODS ale na\u0161i \u017e\u00e1dost nepodpo\u0159ili a tak se zase nic pro\u0161et\u0159ovat nebude. Dozimetr v Praze nejsp\u00ed\u0161 pokra\u010duje.<\/p>\n<p>To v\u0161e a mnohem v\u00edc se dozv\u00edte v 58. d\u00edlu m\u00e9ho politick\u00e9ho podcastu. D\u011bkuji v\u00e1m p\u0159edem za zhl\u00e9dnut\u00ed a pros\u00edm o dal\u0161\u00ed sd\u00edlen\u00ed, a\u0165 se pravdu dozv\u00ed co nejv\u00edc lid\u00ed! T\u011b\u0161\u00edm se na dotazy i koment\u00e1\u0159e!<\/p>\n<p><iframe loading=\"lazy\" title=\"Prezident Pavel bere 341 tis\u00edc m\u011bs\u00ed\u010dn\u011b. \u010ce\u0161i se podle n\u011bj nemaj\u00ed zas tak \u0161patn\u011b. | \u010cau Praho #58\" width=\"640\" height=\"360\" src=\"https:\/\/www.youtube.com\/embed\/2xcxe54d6Mo?feature=oembed\" frameborder=\"0\" allow=\"accelerometer; autoplay; clipboard-write; encrypted-media; gyroscope; picture-in-picture; web-share\" allowfullscreen><\/iframe><\/p>\n<p><em><strong>Ond\u0159ej Prokop<\/strong><\/em><\/p>\n<p>&nbsp;<\/p>\n<p><a href=\"https:\/\/stranapro.cz\/\"><img decoding=\"async\" loading=\"lazy\" class=\"wp-image-40286 aligncenter\" src=\"http:\/\/www.infokuryr.cz\/n\/wp-content\/uploads\/2023\/11\/12pro-300x87.png\" alt=\"\" width=\"1103\" height=\"320\" srcset=\"https:\/\/www.infokuryr.cz\/n\/wp-content\/uploads\/2023\/11\/12pro-300x87.png 300w, https:\/\/www.infokuryr.cz\/n\/wp-content\/uploads\/2023\/11\/12pro.png 366w\" sizes=\"(max-width: 1103px) 100vw, 1103px\" \/><\/a><\/p>\n<p>&nbsp;<\/p>\n<p>&nbsp;<\/p>\n<p>&nbsp;<\/p>\n<p>&nbsp;<\/p>\n","protected":false},"excerpt":{"rendered":"<p>Prezident Pavel bere 341 000 K\u010d m\u011bs\u00ed\u010dn\u011b. \u010ce\u0161i se podle n\u011bj pr\u00fd nemaj\u00ed tak \u0161patn\u011b&#8230;.<\/p>\n","protected":false},"author":2,"featured_media":40642,"comment_status":"closed","ping_status":"closed","sticky":false,"template":"","format":"standard","meta":[],"categories":[6],"tags":[670,29,6313,90,1173,889],"_links":{"self":[{"href":"https:\/\/www.infokuryr.cz\/n\/wp-json\/wp\/v2\/posts\/40641"}],"collection":[{"href":"https:\/\/www.infokuryr.cz\/n\/wp-json\/wp\/v2\/posts"}],"about":[{"href":"https:\/\/www.infokuryr.cz\/n\/wp-json\/wp\/v2\/types\/post"}],"author":[{"embeddable":true,"href":"https:\/\/www.infokuryr.cz\/n\/wp-json\/wp\/v2\/users\/2"}],"replies":[{"embeddable":true,"href":"https:\/\/www.infokuryr.cz\/n\/wp-json\/wp\/v2\/comments?post=40641"}],"version-history":[{"count":1,"href":"https:\/\/www.infokuryr.cz\/n\/wp-json\/wp\/v2\/posts\/40641\/revisions"}],"predecessor-version":[{"id":40643,"href":"https:\/\/www.infokuryr.cz\/n\/wp-json\/wp\/v2\/posts\/40641\/revisions\/40643"}],"wp:featuredmedia":[{"embeddable":true,"href":"https:\/\/www.infokuryr.cz\/n\/wp-json\/wp\/v2\/media\/40642"}],"wp:attachment":[{"href":"https:\/\/www.infokuryr.cz\/n\/wp-json\/wp\/v2\/media?parent=40641"}],"wp:term":[{"taxonomy":"category","embeddable":true,"href":"https:\/\/www.infokuryr.cz\/n\/wp-json\/wp\/v2\/categories?post=40641"},{"taxonomy":"post_tag","embeddable":true,"href":"https:\/\/www.infokuryr.cz\/n\/wp-json\/wp\/v2\/tags?post=40641"}],"curies":[{"name":"wp","href":"https:\/\/api.w.org\/{rel}","templated":true}]}}