{"id":40631,"date":"2023-11-21T01:13:11","date_gmt":"2023-11-21T00:13:11","guid":{"rendered":"https:\/\/www.infokuryr.cz\/n\/?p=40631"},"modified":"2023-11-20T19:21:47","modified_gmt":"2023-11-20T18:21:47","slug":"ukrajinsti-banderovci-prepadli-pravoslavny-klaster","status":"publish","type":"post","link":"https:\/\/www.infokuryr.cz\/n\/2023\/11\/21\/ukrajinsti-banderovci-prepadli-pravoslavny-klaster\/","title":{"rendered":"Ukrajin\u0161t\u00ed \u201ebanderovci\u201c p\u0159epadli pravoslavn\u00fd kl\u00e1\u0161ter"},"content":{"rendered":"<div id=\"fb-root\"><\/div>\n<p><span style=\"font-size: 18pt;\"><strong>P\u0159i posledn\u00edm \u00fatoku na ukrajinskou pravoslavnou c\u00edrkev byla \u00fadajn\u011b zlomena \u010delist kn\u011bze<\/strong><\/span><\/p>\n<p>Skupina mu\u017e\u016f v khaki oble\u010den\u00ed vtrhla v pond\u011bl\u00ed do kl\u00e1\u0161tera Ukrajinsk\u00e9 pravoslavn\u00e9 c\u00edrkve (UOC), kter\u00fd diec\u00e9ze ozna\u010dila za posledn\u00ed ze s\u00e9rie n\u00e1jezd\u016f na sv\u016fj majetek.\u00a0P\u0159i n\u00e1siln\u00e9m zabaven\u00ed \u00fadajn\u011b asistovala policie a ukrajin\u0161t\u00ed nacionalist\u00e9.<\/p>\n<p>UOC, kter\u00e1 \u010delila eskaluj\u00edc\u00edmu z\u00e1sahu ze strany vl\u00e1dy prezidenta Vladimira Zelensk\u00e9ho, v pond\u011bl\u00ed r\u00e1no varovala p\u0159ed hroz\u00edc\u00edm \u00fatokem na kl\u00e1\u0161ter Narozen\u00ed Panny Marie ve m\u011bst\u011b \u010cerkasy, kter\u00e9 se nach\u00e1z\u00ed asi 150 km jihov\u00fdchodn\u011b od Kyjev.<\/p>\n<p>Aktualizace zve\u0159ejn\u011bn\u00e1 diec\u00e9z\u00ed o hodinu pozd\u011bji uvedla, \u017ee prob\u00edh\u00e1 likvidace. Video, kter\u00e9 sd\u00edlela, zachycuje skupinu mu\u017e\u016f, kte\u0159\u00ed p\u0159el\u00e9zaj\u00ed plot kolem kl\u00e1\u0161tera a n\u011bkte\u0159\u00ed z nich roz\u00ed\u00ed p\u011bstmi na lidi na druh\u00e9 stran\u011b.<\/p>\n<p>OUC nazvala \u00fato\u010dn\u00edky\u00a0<em>\u201ebandity ve vojensk\u00fdch uniform\u00e1ch\u201c<\/em> a uvedla, \u017ee kradli a ni\u010dili lidem telefony. N\u00e1siln\u00edci zlomili kn\u011bzi doln\u00ed \u010delist, tvrdila zpr\u00e1va s odvol\u00e1n\u00edm na zdravotn\u00edky, a n\u011bkolik dal\u0161\u00edch lid\u00ed bylo zran\u011bno. <em>\u201eV kl\u00e1\u0161te\u0159e je nyn\u00ed asi 150 uniformovan\u00fdch lid\u00ed.\u00a0Za aktivn\u00ed asistence policie n\u00e1jezdn\u00edci bij\u00ed v\u011b\u0159\u00edc\u00ed,\u201c<\/em> potvrdila diec\u00e9ze.<\/p>\n<div class=\"fb-video fb-video_external fb_iframe_widget fb_iframe_widget_fluid_desktop\" data-href=\"https:\/\/www.facebook.com\/watch\/?v=1086488732510243\" data-width=\"500\">Uvedla, \u017ee \u010dlenov\u00e9 N\u00e1rodn\u00edho sboru, nacionalistick\u00e9 ob\u010dansk\u00e9 organizace \u0161iroce pova\u017eovan\u00e9 za ob\u010dansk\u00e9 k\u0159\u00eddlo nacistick\u00e9 jednotky Azov, blokuj\u00ed nemocnici, kam byly p\u0159ev\u00e1\u017eeny ob\u011bti.<\/div>\n<p>Azov je mocn\u00fd blok N\u00e1rodn\u00ed gardy Ukrajiny, kter\u00fd m\u00e1 neform\u00e1ln\u00ed vazby s krajn\u011b pravicov\u00fdmi skupinami po cel\u00e9m sv\u011bt\u011b.\u00a0Kyjev tvrd\u00ed, \u017ee se jednotka o\u010distila od sv\u00fdch p\u016fvodn\u00edch neonacistick\u00fdch prvk\u016f.<\/p>\n<p>Od lo\u0148sk\u00e9ho roku je UOC c\u00edlem vl\u00e1dn\u00edho z\u00e1sahu.\u00a0Kyjev ozna\u010dil kn\u011bze a biskupy c\u00edrkve za tajn\u00e9 rusk\u00e9 agenty a n\u011bkter\u00e9 z nich zatkl za \u00fadajn\u00e9 zlo\u010diny, jako je podn\u011bcov\u00e1n\u00ed k nen\u00e1visti.\u00a0Agenti SBU, ukrajinsk\u00e9 bezpe\u010dnostn\u00ed agentury, provedli razie v kostelech a kl\u00e1\u0161terech, aby na\u0161li d\u016fkazy o spolupr\u00e1ci s Moskvou.<\/p>\n<p>N\u011bkte\u0159\u00ed ukrajin\u0161t\u00ed p\u0159edstavitel\u00e9 dali jasn\u011b najevo, \u017ee kn\u011b\u017e\u00ed a mni\u0161i se mohou vyhnout obt\u011b\u017eov\u00e1n\u00ed t\u00edm, \u017ee se odtrhnou od UOC a p\u0159ipoj\u00ed se k Kyjevem podporovan\u00e9 ukrajinsk\u00e9 pravoslavn\u00e9 c\u00edrkvi (OCU).\u00a0Kyjev je obvin\u011bn z podpory nucen\u00e9ho zabaven\u00ed c\u00edrkevn\u00edho majetku ve prosp\u011bch konkuren\u010dn\u00ed denominace.<\/p>\n<p>P\u0159edchoz\u00ed pokus o p\u0159evzet\u00ed kl\u00e1\u0161tera v \u010cerkas\u00edch se podle diec\u00e9ze stal minulou st\u0159edu.\u00a0N\u00e1jezdn\u00edci tvrdili, \u017ee mni\u0161i se v srpnu rozhodli zm\u011bnit p\u0159\u00edslu\u0161nost k jin\u00e9 c\u00edrkvi, ale p\u0159edstaven\u00fd kl\u00e1\u0161tera to pop\u0159el. V sobotu klerici a laici nav\u0161t\u011bvuj\u00edc\u00ed kl\u00e1\u0161tern\u00ed kostel hlasovali pro setrv\u00e1n\u00ed v OUC, uvedlo video z akce zve\u0159ejn\u011bn\u00e9 c\u00edrkv\u00ed.<\/p>\n<p>Kl\u00e1\u0161ter sah\u00e1 a\u017e do roku 1901, kdy dva bohat\u00ed obyvatel\u00e9 m\u011bsta darovali c\u00edrkvi pozemek, kter\u00fd vlastnili.\u00a0P\u016fvodn\u011b slou\u017eil k ubytov\u00e1n\u00ed poutn\u00edk\u016f a pot\u00e9 byl na m\u00edst\u011b postaven kostel.\u00a0Ve 40. letech 20. stolet\u00ed, po sov\u011btsk\u00e9 protin\u00e1bo\u017eensk\u00e9 kampani a devastaci a okupaci m\u011bsta nacistick\u00fdm N\u011bmeckem, kr\u00e1tce slou\u017eil jako hlavn\u00ed m\u011bstsk\u00fd kostel.\u00a0OUC dala po\u017eehn\u00e1n\u00ed provozovat kl\u00e1\u0161ter na m\u00edst\u011b v roce 2002.<\/p>\n<p><img decoding=\"async\" loading=\"lazy\" class=\"alignnone size-full wp-image-1185\" src=\"http:\/\/www.infokuryr.cz\/n\/wp-content\/uploads\/2021\/04\/kuryr-podpis.png\" alt=\"\" width=\"84\" height=\"24\" \/><\/p>\n<p>&nbsp;<\/p>\n<p><a href=\"https:\/\/stranapro.cz\/\"><img decoding=\"async\" loading=\"lazy\" class=\"wp-image-40286 aligncenter\" src=\"http:\/\/www.infokuryr.cz\/n\/wp-content\/uploads\/2023\/11\/12pro-300x87.png\" alt=\"\" width=\"990\" height=\"287\" srcset=\"https:\/\/www.infokuryr.cz\/n\/wp-content\/uploads\/2023\/11\/12pro-300x87.png 300w, https:\/\/www.infokuryr.cz\/n\/wp-content\/uploads\/2023\/11\/12pro.png 366w\" sizes=\"(max-width: 990px) 100vw, 990px\" \/><\/a><\/p>\n<p>&nbsp;<\/p>\n<p>&nbsp;<\/p>\n","protected":false},"excerpt":{"rendered":"<p>P\u0159i posledn\u00edm \u00fatoku na ukrajinskou pravoslavnou c\u00edrkev byla \u00fadajn\u011b zlomena \u010delist kn\u011bze Skupina mu\u017e\u016f v&#8230;<\/p>\n","protected":false},"author":2,"featured_media":40632,"comment_status":"closed","ping_status":"closed","sticky":false,"template":"","format":"standard","meta":[],"categories":[7],"tags":[664,250,1757,26,4282,889],"_links":{"self":[{"href":"https:\/\/www.infokuryr.cz\/n\/wp-json\/wp\/v2\/posts\/40631"}],"collection":[{"href":"https:\/\/www.infokuryr.cz\/n\/wp-json\/wp\/v2\/posts"}],"about":[{"href":"https:\/\/www.infokuryr.cz\/n\/wp-json\/wp\/v2\/types\/post"}],"author":[{"embeddable":true,"href":"https:\/\/www.infokuryr.cz\/n\/wp-json\/wp\/v2\/users\/2"}],"replies":[{"embeddable":true,"href":"https:\/\/www.infokuryr.cz\/n\/wp-json\/wp\/v2\/comments?post=40631"}],"version-history":[{"count":1,"href":"https:\/\/www.infokuryr.cz\/n\/wp-json\/wp\/v2\/posts\/40631\/revisions"}],"predecessor-version":[{"id":40633,"href":"https:\/\/www.infokuryr.cz\/n\/wp-json\/wp\/v2\/posts\/40631\/revisions\/40633"}],"wp:featuredmedia":[{"embeddable":true,"href":"https:\/\/www.infokuryr.cz\/n\/wp-json\/wp\/v2\/media\/40632"}],"wp:attachment":[{"href":"https:\/\/www.infokuryr.cz\/n\/wp-json\/wp\/v2\/media?parent=40631"}],"wp:term":[{"taxonomy":"category","embeddable":true,"href":"https:\/\/www.infokuryr.cz\/n\/wp-json\/wp\/v2\/categories?post=40631"},{"taxonomy":"post_tag","embeddable":true,"href":"https:\/\/www.infokuryr.cz\/n\/wp-json\/wp\/v2\/tags?post=40631"}],"curies":[{"name":"wp","href":"https:\/\/api.w.org\/{rel}","templated":true}]}}