{"id":40630,"date":"2023-11-21T01:08:10","date_gmt":"2023-11-21T00:08:10","guid":{"rendered":"https:\/\/www.infokuryr.cz\/n\/?p=40630"},"modified":"2023-11-20T19:10:20","modified_gmt":"2023-11-20T18:10:20","slug":"jiri-paroubek-je-duvod-k-sekani-hlav-v-narodnim-muzstvu","status":"publish","type":"post","link":"https:\/\/www.infokuryr.cz\/n\/2023\/11\/21\/jiri-paroubek-je-duvod-k-sekani-hlav-v-narodnim-muzstvu\/","title":{"rendered":"Ji\u0159\u00ed Paroubek: Je d\u016fvod k sek\u00e1n\u00ed hlav v n\u00e1rodn\u00edm mu\u017estvu?"},"content":{"rendered":"<div id=\"fb-root\"><\/div>\n<p><strong>V m\u00e9di\u00edch se dnes mocn\u011b p\u0159et\u0159\u00e1s\u00e1 vy\u0159azen\u00ed t\u0159\u00ed hr\u00e1\u010d\u016f n\u00e1rodn\u00edho fotbalov\u00e9ho mu\u017estva z jeho z\u00e1kladn\u00ed sestavy a jejich p\u0159ed\u010dasn\u00fd odjezd ze soust\u0159ed\u011bn\u00ed.<\/strong><\/p>\n<p>Hr\u00e1\u010di V. Coufal, J. Brabec a J. Kuchta si v\u00a0sobotu ve\u010der a v\u00a0noci ud\u011blali bene. Nav\u0161t\u00edvili v\u00a0Olomouci, dva dny p\u0159ed rozhoduj\u00edc\u00edm z\u00e1pasem s Moldavskem, postupn\u011b dva olomouck\u00e9 bary. Z\u0159ejm\u011b trochu p\u0159ed\u010dasn\u011b oslavovali postup na\u0161eho n\u00e1rodn\u00edho mu\u017estva na fotbalov\u00e9 mistrovstv\u00ed Evropy. Podobn\u00e9 jedn\u00e1n\u00ed lze t\u011b\u017eko pochopit a je to \u0161koda pro hr\u00e1\u010de, pro n\u00e1rodn\u00ed mu\u017estvo, pro fanou\u0161ky, ale tak\u00e9 pro reputaci \u010desk\u00e9ho fotbalu a mor\u00e1ln\u00ed stav mu\u017estva v\u00a0posledn\u00edm kvalifika\u010dn\u00edm z\u00e1pase, na jeho\u017e v\u00fdsledku opravdu siln\u011b z\u00e1le\u017e\u00ed.<\/p>\n<p>Samoz\u0159ejm\u011b, je to nep\u0159\u00edjemn\u00e1 komplikace a tak\u00e9 velk\u00e1 neodpov\u011bdnost od t\u0159\u00ed zm\u00edn\u011bn\u00fdch hr\u00e1\u010d\u016f, ale nen\u00ed to takov\u00e1 trag\u00e9die, po kter\u00e9 by se muselo bourat v\u0161e, co se v\u00a0posledn\u00ed dob\u011b v\u00a0\u010desk\u00e9m fotbale poda\u0159ilo.<\/p>\n<p>M\u00e1me na dosah postup na mistrovstv\u00ed Evropy, kde jsme zat\u00edm vlastn\u011b nikdy nechyb\u011bli. \u010cesk\u00e9 kluby Slavia, Sparta a Plze\u0148 si nyn\u00ed vedou velmi dob\u0159e v\u00a0evropsk\u00fdch poh\u00e1rech. Vedou si tak dob\u0159e, \u017ee pokud si alespo\u0148 \u010d\u00e1ste\u010dn\u011b p\u0159enesou svou dosavadn\u00ed v\u00fdkonnost a sb\u00edr\u00e1n\u00ed bod\u016f do n\u00e1rodn\u00edho koeficientu i do jarn\u00edch m\u011bs\u00edc\u016f, u\u017e v\u00a0p\u0159\u00ed\u0161t\u00ed sezon\u011b bude v\u00edt\u011bz \u010desk\u00e9 ligy postupovat p\u0159\u00edmo do skupiny Champions League. A \u010cesko v\u00a0evropsk\u00fdch poh\u00e1rech budou reprezentovat ne \u010dty\u0159i kluby jako nyn\u00ed, ale klub\u016f p\u011bt. Na stadiony dnes chod\u00ed v\u00edce lid\u00ed, a to nejen na Slavii a Spartu a jejich dom\u00e1c\u00ed z\u00e1pasy, ale i na z\u00e1pasy jin\u00fdch t\u00fdm\u016f. Zd\u00e1 se, a to nejen m\u011b, \u017ee se \u010desk\u00fd fotbal zved\u00e1.<\/p>\n<p>Mysl\u00edm, \u017ee nejsou na po\u0159adu dne drakonick\u00e1 opat\u0159en\u00ed v\u016f\u010di t\u0159em hr\u00e1\u010d\u016fm, realiza\u010dn\u00edmu t\u00fdmu v\u010d. tren\u00e9ra a cel\u00e9 fotbalov\u00e9 asociaci.<\/p>\n<p>Co se stalo, je samoz\u0159ejm\u011b nep\u0159\u00edjemn\u00fd exces, u dvou hr\u00e1\u010d\u016f z\u0159ejm\u011b doprov\u00e1zen\u00fd alkoholick\u00fdm opojen\u00edm. U t\u0159et\u00edho hr\u00e1\u010de, hv\u011bzdy jednoho z\u00a0anglick\u00fdch klub\u016f, je toto vybo\u010den\u00ed z\u00a0profesionality t\u011b\u017eko pochopiteln\u00e9. Ale charakterizovat nap\u0159. pr\u00e1v\u011b tohoto hr\u00e1\u010de, jak to u\u010dinil den\u00edk Sport, \u017ee je \u201ereputa\u010dn\u011b na dn\u011b\u201c, je p\u0159\u00edli\u0161. A \u017ee se bez ohledu na to, kdy\u017e se dnes oslav\u00ed postup na ME, mus\u00ed na Strahov\u011b \u201ebezpodm\u00edne\u010dn\u011b spustit \u201ederatiza\u010dn\u00ed\u201c program\u201c, je pitomost. Pr\u00fd jde o to: \u201eFunk\u010dnost reprezentace p\u0159enastavit a p\u0159eobsadit kl\u00ed\u010dov\u00e9 posty\u201c. A d\u00e1le se mluv\u00ed v\u00a0tomto sportovn\u011b jindy tak zasv\u011bcen\u00e9m m\u00e9diu, jak\u00fdm Sport je, o tom, \u017ee \u0161\u00e9f Fotbalov\u00e9 asociace Fousek, se m\u011bl dr\u017eet jak\u00fdchsi jejich \u201erad\u201c. A pokud by se jich \u201ev z\u00e1\u0159\u00ed dr\u017eel, z\u0159ejm\u011b by nemusel \u0159e\u0161it nep\u0159ijateln\u00fd mor\u00e1ln\u00ed poklesek kl\u00ed\u010dov\u00fdch hr\u00e1\u010d\u016f reprezentace. M\u00edsto toho d\u016fv\u011b\u0159oval t\u011bm, kte\u0159\u00ed jej opakovan\u011b zklamali. Tehdy se nab\u00edzelo prov\u00e9st p\u0159esn\u00fd chirurgick\u00fd \u0159ez, odstranit zv\u011bt\u0161uj\u00edc\u00ed se v\u0159ed uvnit\u0159 t\u00fdmu\u201c.<\/p>\n<p><a href=\"https:\/\/stranapro.cz\/\"><img decoding=\"async\" loading=\"lazy\" class=\"alignnone wp-image-40285 aligncenter\" src=\"http:\/\/www.infokuryr.cz\/n\/wp-content\/uploads\/2023\/11\/11pro-300x79.png\" alt=\"\" width=\"684\" height=\"180\" srcset=\"https:\/\/www.infokuryr.cz\/n\/wp-content\/uploads\/2023\/11\/11pro-300x79.png 300w, https:\/\/www.infokuryr.cz\/n\/wp-content\/uploads\/2023\/11\/11pro.png 363w\" sizes=\"(max-width: 684px) 100vw, 684px\" \/><\/a><\/p>\n<p>Takovou p\u0159\u00edkrost v\u00a0hodnocen\u00ed bych skute\u010dn\u011b po oby\u010dejn\u00e9m lidsk\u00e9m selh\u00e1n\u00ed t\u0159\u00ed fotbalist\u016f ne\u010dekal. Fotbal nen\u00ed sport pro ned\u011bln\u00ed \u0161kolu. Hraj\u00ed ho mlad\u00ed chlapci, mu\u017ei, kte\u0159\u00ed se tu a tam cht\u011bj\u00ed tak\u00e9 bavit a d\u011blaj\u00ed p\u0159i tom chyby. Ale vyvozovat z\u00a0toho hned, \u017ee by m\u011bl b\u00fdt vyhozen neprodlen\u011b tren\u00e9r n\u00e1rodn\u00edho mu\u017estva, to je opravdu p\u0159\u00edli\u0161. Snad u\u017e nejsme v\u00a0\u00e9\u0159e tren\u00e9r\u016f za b\u00fdval\u00e9ho re\u017eimu, z\u00a0nich\u017e n\u011bkte\u0159\u00ed skute\u010dn\u011b kontrolovali, zda hr\u00e1\u010di dodr\u017euj\u00ed stanovenou ve\u010derku. A to stejn\u00e9 se t\u00fdk\u00e1 p\u0159edsedy Fotbalov\u00e9 asociace Fouska. Jak ten za hloupou neuk\u00e1zn\u011bnost t\u0159\u00ed hr\u00e1\u010d\u016f &#8211; profesion\u00e1l\u016f m\u016f\u017ee? A koho by se m\u011bla p\u0159\u00edpadn\u00e1 \u201ederatizace&#8220; vlastn\u011b t\u00fdkat?<\/p>\n<p>D\u00e1le se do\u010d\u00edt\u00e1m v\u00a0dne\u0161n\u00edm den\u00edku Sport: \u201e\u2026nezdrav\u00e9 prost\u0159ed\u00ed se mus\u00ed zm\u011bnit. Kabina pot\u0159ebuje nov\u00e9 l\u00eddry, reprezentace jin\u00fd tren\u00e9rsk\u00fd \u0161t\u00e1b a asociace siln\u011bj\u0161\u00edho p\u0159edsedu. \u010cesk\u00fd fotbal je v\u00a0pr\u016f\u0161vihu. Snad dnes aspo\u0148 na chv\u00edli vysvitne slunce\u201c.<\/p>\n<p>Jinak \u0159e\u010deno, kv\u016fli poklesku t\u0159\u00ed hr\u00e1\u010d\u016f, kte\u0159\u00ed si jist\u011b zaslou\u017e\u00ed n\u011bjak\u00fd \u010dasov\u011b omezen\u00fd trest z\u00e1kazu hran\u00ed za reprezentaci, by se m\u011blo rozbourat vlastn\u011b v\u0161echno. Nebu\u010fme hyperkriti\u010dt\u00ed.<\/p>\n<p>N\u00e1rodn\u00ed mu\u017estvo odehr\u00e1lo v\u00a0Polsku solidn\u00ed z\u00e1pas. Na z\u00e1pas s\u00a0Pol\u00e1ky jsem se d\u00edval s\u00a0jednodenn\u00edm odstupem, znal jsem v\u00fdsledek a mysl\u00edm, \u017ee jsem mohl v\u011bcn\u011b hodnotit pr\u016fb\u011bh utk\u00e1n\u00ed. Na brankov\u00e9 \u0161ance jsme zv\u00edt\u011bzili v\u00a0pom\u011bru 5:2. Ani hra t\u00fdmu nebyla nejhor\u0161\u00ed. T\u00fdm byl kompaktn\u00ed. A i n\u00e1hradn\u00edci si splnili svou roli. Kdy\u017e ud\u011bl\u00e1me posledn\u00ed kr\u016f\u010dek v\u00a0dne\u0161n\u00edm z\u00e1pase s\u00a0Moldavskem, budeme na mistrovstv\u00ed Evropy. A to m\u00e1 svou, velkou hodnotu. Do \u010desk\u00e9ho fotbalu pak p\u0159ite\u010dou pen\u00edze, kter\u00e9 se pak mohou rozd\u011blit do fotbalov\u00e9ho hnut\u00ed. A pen\u00edze jsou pot\u0159eba v\u017edy. Zejm\u00e9na pro pr\u00e1ci s\u00a0ml\u00e1de\u017e\u00ed.<\/p>\n<p>Dovolte mi p\u0159ipomenout analogickou situaci v\u00a0roce 1970, kdy \u010ds. reprezenta\u010dn\u00ed mu\u017estvo skon\u010dilo neslavn\u011b na fotbalov\u00e9m mistrovstv\u00ed sv\u011bta v\u00a0Mexiku. Je to u\u017e v\u00edce ne\u017e 50 let, ale dovol\u00edm si tvrdit, \u017ee jsme tehdy m\u011bli vynikaj\u00edc\u00ed dru\u017estvo, slo\u017een\u00e9 ze skv\u011bl\u00fdch individualit.<\/p>\n<p>Fotbalov\u00fd svaz po ne\u00fasp\u011bchu na mistrovstv\u00ed sv\u011bta v Mexiku ov\u0161em nehledal chybu v\u00a0sob\u011b. V tom, \u017ee do Mexika poslal hr\u00e1\u010de n\u00e1rodn\u00edho t\u00fdmu prakticky jen kr\u00e1tce p\u0159ed mistrovstv\u00edm, kter\u00e9 se hr\u00e1lo ve vysok\u00e9 nadmo\u0159sk\u00e9 v\u00fd\u0161ce. A na\u0161i fotbalist\u00e9 ve druh\u00e9m polo\u010dase z\u00e1pas\u016f nesta\u010dili na soupe\u0159e fyzicky. Mo\u017en\u00e1, \u017ee na to tehdy fotbalov\u00fd svaz nem\u011bl pen\u00edze, mo\u017en\u00e1 lid\u00e9, kte\u0159\u00ed jej \u0159\u00eddili, byli hloup\u00ed, ale odnesli to hr\u00e1\u010di. Po mistrovstv\u00ed se vyrobila af\u00e9ra Puma vs. Adidas a materi\u00e1ln\u00ed z\u00e1jmy hr\u00e1\u010d\u016f a tren\u00e9rsk\u00e9ho t\u00fdmu. Tento spor pr\u00fd rozlo\u017eil mor\u00e1lku t\u00fdmu. Ve skute\u010dnosti byla mor\u00e1lka t\u00fdmu rozlo\u017eena n\u011b\u010d\u00edm jin\u00fdm. Hr\u00e1\u010di fyzicky nesta\u010dili l\u00e9pe fyzicky p\u0159ipraven\u00fdm hr\u00e1\u010d\u016fm t\u00fdm\u016f soupe\u0159e a prohr\u00e1vali z\u00e1pasy.<\/p>\n<p>Jen p\u0159ipom\u00edn\u00e1m, \u017ee v\u00a0prvn\u00edm z\u00e1pase mistrovstv\u00ed jsme v\u00a0prvn\u00edm polo\u010dase hr\u00e1li s\u00a0Braz\u00edli\u00ed, pozd\u011bj\u0161\u00edm mistrem sv\u011bta, celkem vyrovnanou partii prvn\u00edch 45 minut, kter\u00e9 skon\u010dily v\u00fdsledkem 1:1. Cel\u00fd z\u00e1pas bohu\u017eel skon\u010dil na\u0161\u00ed por\u00e1\u017ekou 4:1. Po n\u00e1vratu z\u00a0MS byly dv\u011b des\u00edtky na\u0161ich p\u0159edn\u00edch fotbalov\u00fdch reprezentant\u016f uvr\u017eeny na \u010das do klatby a n\u011bjakou dobu trvalo, ne\u017e se skoro v\u0161ichni vr\u00e1tili zp\u011bt do n\u00e1rodn\u00edho mu\u017estva. Ztratili jsme ale \u010das, kredit a n\u011bkte\u0159\u00ed hr\u00e1\u010di ztratili mo\u017en\u00e1 nejlep\u0161\u00ed dobu sv\u00e9 v\u00fdkonnosti v\u00a0r\u00e1mci sv\u00fdch kari\u00e9r.<\/p>\n<p>Zkr\u00e1tka, veden\u00ed \u010desk\u00e9ho fotbalu by se nem\u011blo nechat vyprovokovat p\u0159i izolovan\u00e9m excesu k\u00a0neuv\u00e1\u017een\u00fdm z\u00e1v\u011br\u016fm.<\/p>\n<p><a href=\"https:\/\/vasevec.info\/komentare\/je-duvod-k-sekani-hlav-v-narodnim-muzstvu\">Ji\u0159\u00ed Paroubek<\/a><\/p>\n<p><img decoding=\"async\" loading=\"lazy\" class=\"alignnone size-medium wp-image-2342\" src=\"http:\/\/www.infokuryr.cz\/n\/wp-content\/uploads\/2021\/06\/paroubek-300x208.jpg\" alt=\"\" width=\"300\" height=\"208\" srcset=\"https:\/\/www.infokuryr.cz\/n\/wp-content\/uploads\/2021\/06\/paroubek-300x208.jpg 300w, https:\/\/www.infokuryr.cz\/n\/wp-content\/uploads\/2021\/06\/paroubek.jpg 318w\" sizes=\"(max-width: 300px) 100vw, 300px\" \/><\/p>\n<p>&nbsp;<\/p>\n<p>&nbsp;<\/p>\n","protected":false},"excerpt":{"rendered":"<p>V m\u00e9di\u00edch se dnes mocn\u011b p\u0159et\u0159\u00e1s\u00e1 vy\u0159azen\u00ed t\u0159\u00ed hr\u00e1\u010d\u016f n\u00e1rodn\u00edho fotbalov\u00e9ho mu\u017estva z jeho z\u00e1kladn\u00ed&#8230;<\/p>\n","protected":false},"author":2,"featured_media":6185,"comment_status":"closed","ping_status":"closed","sticky":false,"template":"","format":"standard","meta":[],"categories":[6],"tags":[3031,29,6312],"_links":{"self":[{"href":"https:\/\/www.infokuryr.cz\/n\/wp-json\/wp\/v2\/posts\/40630"}],"collection":[{"href":"https:\/\/www.infokuryr.cz\/n\/wp-json\/wp\/v2\/posts"}],"about":[{"href":"https:\/\/www.infokuryr.cz\/n\/wp-json\/wp\/v2\/types\/post"}],"author":[{"embeddable":true,"href":"https:\/\/www.infokuryr.cz\/n\/wp-json\/wp\/v2\/users\/2"}],"replies":[{"embeddable":true,"href":"https:\/\/www.infokuryr.cz\/n\/wp-json\/wp\/v2\/comments?post=40630"}],"version-history":[{"count":0,"href":"https:\/\/www.infokuryr.cz\/n\/wp-json\/wp\/v2\/posts\/40630\/revisions"}],"wp:featuredmedia":[{"embeddable":true,"href":"https:\/\/www.infokuryr.cz\/n\/wp-json\/wp\/v2\/media\/6185"}],"wp:attachment":[{"href":"https:\/\/www.infokuryr.cz\/n\/wp-json\/wp\/v2\/media?parent=40630"}],"wp:term":[{"taxonomy":"category","embeddable":true,"href":"https:\/\/www.infokuryr.cz\/n\/wp-json\/wp\/v2\/categories?post=40630"},{"taxonomy":"post_tag","embeddable":true,"href":"https:\/\/www.infokuryr.cz\/n\/wp-json\/wp\/v2\/tags?post=40630"}],"curies":[{"name":"wp","href":"https:\/\/api.w.org\/{rel}","templated":true}]}}