{"id":4063,"date":"2021-08-14T04:42:18","date_gmt":"2021-08-14T02:42:18","guid":{"rendered":"http:\/\/www.infokuryr.cz\/n\/?p=4063"},"modified":"2021-08-14T04:42:18","modified_gmt":"2021-08-14T02:42:18","slug":"vezmeme-pekarovou-a-piraty-za-slovo-posilejte-jim-migranty-do-rodin-uvidime-jak-jsou-antirasisticti-skutecne","status":"publish","type":"post","link":"https:\/\/www.infokuryr.cz\/n\/2021\/08\/14\/vezmeme-pekarovou-a-piraty-za-slovo-posilejte-jim-migranty-do-rodin-uvidime-jak-jsou-antirasisticti-skutecne\/","title":{"rendered":"Vezm\u011bme Pekarovou a Pir\u00e1ty za slovo: pos\u00edlejte jim migranty do rodin. Uvid\u00edme, jak jsou antirasisti\u010dt\u00ed skute\u010dn\u011b!"},"content":{"rendered":"<div id=\"fb-root\"><\/div>\n<p>Pekarov\u00e1 TOP 09 Adamov\u00e1, stejn\u011b jako Pir\u00e1t Lipavsk\u00fd, kte\u0159\u00ed maj\u00ed pln\u00e1 \u00fasta ur\u00e1\u017eek o rasismu a ka\u017ed\u00fd m\u016f\u017ee dohled v\u0161echny dal\u0161\u00ed: &#8222;\u010c\u00e1st migrant\u016f bych p\u0159ijala,&#8220; hl\u00e1s\u00ed.\u00a0 Mo\u017en\u00e1 i vousat\u00e9 d\u011bti. Podrobnosti nechme na nich.<\/p>\n<p>Mo\u017en\u00e1 se na Pekarov\u00e9 prom\u00edt\u00e1 neukojen\u00e9 mate\u0159stv\u00ed, ale to je ka\u017ed\u00e9ho v\u011bc. Uka\u017eme si v\u0161ak na neuv\u011b\u0159itelnou drzost a ukr\u00fdvan\u00fd rasismus nejhor\u0161\u00edho kalibru. Pir\u00e1ti maj\u00ed slogan:<\/p>\n<p><strong>Integrace cizinc\u016f do spole\u010dnosti<\/strong><\/p>\n<ul>\n<li class=\"level\">\n<div class=\"li\">\u010cesko by m\u011blo co nejrychleji integrovat uprchl\u00edky, kte\u0159\u00ed usp\u011bj\u00ed se \u017e\u00e1dost\u00ed o azyl.<\/div>\n<\/li>\n<\/ul>\n<p>Co mysl\u00ed t\u00edm \u010cesko? Co mysl\u00ed t\u00edm Pekarov\u00e1, \u017ee by migranty p\u0159ijala? M\u00e1 to snad znamenat, \u017ee oni jako politici p\u0159ijmou migranty, nebo je za\u0159ad\u00ed k n\u00e1m a oni si myj\u00ed ruce? A kdy\u017e zjist\u00edme, \u017ee s nimi nehneme a budou drtit na\u0161e d\u011bti, rodiny a vy\u017eadovat dal\u0161\u00ed a dal\u0161\u00ed \u00fastupky, kam a\u017e nechceme zaj\u00edt, politici n\u00e1s budou ur\u00e1\u017eet, proto\u017ee na \u0161pinavou pr\u00e1ci si p\u0159ece najmou otroky a oni jsou lilium?<\/p>\n<p>&nbsp;<\/p>\n<p><strong>Rozumku, Pekarov\u00e1, Pir\u00e1ti a dal\u0161\u00ed v\u00edta\u010di<\/strong><\/p>\n<p>kolik m\u00e1te na v\u00fdchovu v rodin\u00e1ch t\u011bchto osob, abyste n\u00e1m uk\u00e1zali sou\u017eit\u00ed a v\u00fdsledky v praxi a my si va\u0161e NERASISTICK\u00c9 vzd\u011bl\u00e1v\u00e1n\u00ed mohli p\u0159ijmout za sv\u00e9?<\/p>\n<p>To, co p\u0159edv\u00e1d\u00edte je jen alibismus a pak \u00fat\u011bk za zdi a n\u00e1mi placen\u00e9 ochr\u00e1\u00ednce jako Jourov\u00e1 do Bruselu. Stejn\u011b jako podvodnice Merkelov\u00e1, kter\u00e1 zve kde koho, ale sama si k t\u011blu a do bytu nepust\u00ed nikoho. A co Jourov\u00e1, kolik ta u sebe ubytovala migrant\u016f? Nav\u0161tivme Pekarovou, Richterovou, Lipavsk\u00e9ho a dal\u0161\u00ed doma, kolik migrant\u016f tam ubytovali a zde nejsou pouh\u00fdmi podvodn\u00edky.<\/p>\n<p><strong>Hodn\u00fd Luka\u0161enko (dle terminologie Evropsk\u00e9 unie) pr\u00fd pom\u00e1h\u00e1 chud\u00e1k\u016fm s cestou do Evropy a najednou Ukrajina pos\u00edl\u00e1 Litv\u011b 38 tun ostnat\u00e9ho dr\u00e1tu. Jako humanit\u00e1rn\u00ed pomoc. Maj\u00ed si snad oplotit pozemky v Litv\u011b? To je tak Litva rasistick\u00e1?<br \/>\n<\/strong><\/p>\n<p>Mimochodem, nem\u011bla by BIS pod Koudelkou vypracovat zpr\u00e1vu, kter\u00e1 politick\u00e1 osoba vyz\u00fdv\u00e1 a provokuje ostatn\u00ed k p\u0159ij\u00edm\u00e1n\u00ed migrant\u016f a pak se z toho rasisticky vyvl\u00e9kne? To je toti\u017e to podhoub\u00ed rasistick\u00fdch provokac\u00ed, zat\u00edmco z centra BIS vych\u00e1zej\u00ed kecy o SPD, o dezinformac\u00edch a dal\u0161\u00ed politick\u00e9 proklamace, ani\u017e je zm\u00edn\u011bn provokat\u00e9r, kter\u00fd rasismus skute\u010dn\u011b vyvol\u00e1v\u00e1.<\/p>\n<p><strong>Ti, co se nad\u00e1vkami br\u00e1n\u00ed, nejsou rasist\u00e9, ale cht\u011bj\u00ed \u017e\u00edt doma a neb\u00e1t se. Pos\u00edlat d\u011bti a hlavn\u011b hol\u010di\u010dky do \u0161kol a neb\u00e1t se, \u017ee je donesou s u\u017e\u0159\u00edznut\u00fdma hlavama a zn\u00e1siln\u011bn\u00e9, zat\u00edmco ti, co je sem alibisticky tahaj\u00ed, maj\u00ed st\u00e1tem zaplacenu ochranu.<\/strong><\/p>\n<p>Hrdina Koc\u00e1b, co \u00fadajn\u011b vyhnal sov\u011btskou arm\u00e1du p\u0159i pomy\u0161len\u00ed, \u017ee str\u00e1v\u00ed noc mezi Romy na severu, se zhroutil a byl snad t\u00fdden zalezl\u00fd na WC. Hrdina. Televizn\u00ed hrdina a Rusobijec. Pekarov\u00e1, nastupte, budeme v\u00e1s sledovat. Richterov\u00e1 z Pir\u00e1t\u016f, kolik m\u00e1te doma Rom\u016f a migrant\u016f na v\u00fdchovu a humanizaci, kdy\u017e to doporu\u010dujete n\u00e1m.<\/p>\n<p><strong>Pokud \u017e\u00e1dn\u00e9, tak pros\u00edme zav\u0159ete huby a jd\u011bte skute\u010dn\u011b pracovat. T\u0159eba na silnice. Nejsou tam lidi. Ale nechlastejte drah\u00e9 v\u00edno, kdy\u017e ostatn\u00edm cpete vodu. Tak zn\u00ed d\u00e1vno prov\u011b\u0159en\u00e9 p\u0159\u00edslov\u00ed!<\/strong><\/p>\n<p><a href=\"https:\/\/www.skrytapravda.cz\/domaci\/4185-vezmeme-pekarovou-a-piraty-za-slovo-posilejte-jim-migranty-do-rodin-uvidime-jak-jsou-antirasisticni-skutecne\">Skryt\u00e1 Pravda<\/a><\/p>\n<p>&nbsp;<\/p>\n","protected":false},"excerpt":{"rendered":"<p>Pekarov\u00e1 TOP 09 Adamov\u00e1, stejn\u011b jako Pir\u00e1t Lipavsk\u00fd, kte\u0159\u00ed maj\u00ed pln\u00e1 \u00fasta ur\u00e1\u017eek o rasismu&#8230;<\/p>\n","protected":false},"author":2,"featured_media":2846,"comment_status":"closed","ping_status":"closed","sticky":false,"template":"","format":"standard","meta":[],"categories":[6],"tags":[119,137,193],"_links":{"self":[{"href":"https:\/\/www.infokuryr.cz\/n\/wp-json\/wp\/v2\/posts\/4063"}],"collection":[{"href":"https:\/\/www.infokuryr.cz\/n\/wp-json\/wp\/v2\/posts"}],"about":[{"href":"https:\/\/www.infokuryr.cz\/n\/wp-json\/wp\/v2\/types\/post"}],"author":[{"embeddable":true,"href":"https:\/\/www.infokuryr.cz\/n\/wp-json\/wp\/v2\/users\/2"}],"replies":[{"embeddable":true,"href":"https:\/\/www.infokuryr.cz\/n\/wp-json\/wp\/v2\/comments?post=4063"}],"version-history":[{"count":0,"href":"https:\/\/www.infokuryr.cz\/n\/wp-json\/wp\/v2\/posts\/4063\/revisions"}],"wp:featuredmedia":[{"embeddable":true,"href":"https:\/\/www.infokuryr.cz\/n\/wp-json\/wp\/v2\/media\/2846"}],"wp:attachment":[{"href":"https:\/\/www.infokuryr.cz\/n\/wp-json\/wp\/v2\/media?parent=4063"}],"wp:term":[{"taxonomy":"category","embeddable":true,"href":"https:\/\/www.infokuryr.cz\/n\/wp-json\/wp\/v2\/categories?post=4063"},{"taxonomy":"post_tag","embeddable":true,"href":"https:\/\/www.infokuryr.cz\/n\/wp-json\/wp\/v2\/tags?post=4063"}],"curies":[{"name":"wp","href":"https:\/\/api.w.org\/{rel}","templated":true}]}}