{"id":40629,"date":"2023-11-21T01:12:45","date_gmt":"2023-11-21T00:12:45","guid":{"rendered":"https:\/\/www.infokuryr.cz\/n\/?p=40629"},"modified":"2023-11-20T19:03:28","modified_gmt":"2023-11-20T18:03:28","slug":"zdenek-jemelik-povstani-na-vsi-kvuli-capimu-hnizdu","status":"publish","type":"post","link":"https:\/\/www.infokuryr.cz\/n\/2023\/11\/21\/zdenek-jemelik-povstani-na-vsi-kvuli-capimu-hnizdu\/","title":{"rendered":"Zden\u011bk Jemel\u00edk: Povst\u00e1n\u00ed na vsi kv\u016fli \u010cap\u00edmu hn\u00edzdu"},"content":{"rendered":"<div id=\"fb-root\"><\/div>\n<p><strong>\u010c\u00e1st novin\u00e1\u0159sk\u00e9 obce se chopila zpr\u00e1vy o zru\u0161en\u00ed prvoinstan\u010dn\u00edho rozsudku v kauze \u010cap\u00ed hn\u00edzdo Vrchn\u00edm soudem v Praze jako podn\u011btu k vyvol\u00e1n\u00ed dojmu, \u017ee se stalo cosi senza\u010dn\u00edho. \u010cesk\u00e1 justice pohotov\u011b uve\u0159ejnila zpr\u00e1vu o obsahu usnesen\u00ed Vrchn\u00edho soudu v Praze. Usnesen\u00ed z\u00edskala b\u016fhv\u00edjak, z\u0159ejm\u011b nikoli od soudu, tedy nejsp\u00ed\u0161 bez pr\u00e1vn\u00edho d\u016fvodu. Text \u010dl\u00e1nku prolo\u017eila obs\u00e1hl\u00fdmi citacemi z usnesen\u00ed, kter\u00e9 propojila pozn\u00e1mkami tak, aby \u010dten\u00e1\u0159i museli pochopit, \u017ee soudce Jan \u0160ott odvedl pochybn\u00e9 d\u00edlo. Autorka \u010dl\u00e1nku se c\u00edtila dost odborn\u011b vysp\u011bl\u00e1, aby sm\u011bla v\u00fdkon soudce \u0160otta ozn\u00e1mkovat nedostate\u010dnou. Ale aspo\u0148 je jasn\u00e9, \u017ee \u010cesk\u00e1 justice chce vid\u011bt Andreje Babi\u0161e v tepl\u00e1c\u00edch st\u016fj co st\u016fj.<\/strong><\/p>\n<p>Snad v\u0161ichni koment\u00e1to\u0159i spojuj\u00ed kauzu p\u0159ednostn\u011b s Andrejem Babi\u0161em, p\u0159esto\u017ee hlavn\u00ed ob\u017ealovanou je Jana Nagyov\u00e1 (nikoli ta nyn\u00ed Ne\u010dasov\u00e1 !!!). Nezaznamenal jsem, \u017ee by se n\u011bkdo z novin\u00e1\u0159\u016f tr\u00e1pil pochybnost\u00ed, \u017ee v pr\u00e1vn\u00edm st\u00e1t\u011b by se v p\u0159\u00edpad\u011b neopr\u00e1vn\u011bn\u00e9ho vyd\u00e1n\u00ed dotace m\u011bla zkoumat i odpov\u011bdnost st\u00e1tn\u00edch \u00fa\u0159edn\u00edk\u016f, kte\u0159\u00ed ji vydali.<\/p>\n<p>Koment\u00e1to\u0159i CNN se dokonce vyj\u00e1d\u0159ili, \u017ee Andrej Babi\u0161 stra\u0161n\u00fdm zp\u016fsobem znev\u011brohod\u0148uje pr\u00e1vn\u00ed st\u00e1t v \u010cesk\u00e9 republice. A kauza podle nich nabyla povahu absurdity. Jejich v\u00fdroky nebudu d\u00e1le rozv\u00e1d\u011bt. Kdo se chce pobavit, nech\u0165 pokra\u010duje na CNN Prima News. Je to vyvrcholen\u00ed nekompetentn\u00edch projev\u016f, sm\u011b\u0159uj\u00edc\u00edch k vnucen\u00ed ve\u0159ejnosti dojmu, \u017ee se jedn\u00e1 o mimo\u0159\u00e1dn\u00fd proces, jeho\u017e pr\u016fb\u011bh je pln\u00fd nedobr\u00fdch zvl\u00e1\u0161tnost\u00ed. Kdyby koment\u00e1to\u0159i \u0159ekli, \u017ee pr\u016fb\u011bh procesu s Janou Nagyovou a Andrejem Babi\u0161em znev\u011brohod\u0148uje pr\u00e1vn\u00ed st\u00e1t v \u010cesk\u00e9 republice, bylo by to n\u011bco jin\u00e9ho a bli\u017e\u0161\u00edho pravd\u011b. V procesu jsou skute\u010dn\u011b n\u011bkter\u00e9 \u00fakazy, je\u017e na n\u011bj vrhaj\u00ed \u0161patn\u00e9 sv\u011btlo. P\u0159edev\u0161\u00edm je to ne\u00fanosn\u011b dlouh\u00e9 p\u0159\u00edpravn\u00e9 \u0159\u00edzen\u00ed. Ale jeho d\u00e9lku z velk\u00e9 \u010d\u00e1sti zp\u016fsobila nutnost opakovan\u011b \u017e\u00e1dat Poslaneckou sn\u011bmovnu o vyd\u00e1n\u00ed Andreje Babi\u0161e k trestn\u00edmu st\u00edh\u00e1n\u00ed. V\u00fdznamn\u00fd je rozpor mezi v\u00fdsledkem dlouh\u00e9ho vy\u0161et\u0159ov\u00e1n\u00ed, veden\u00e9ho v\u011bcn\u011b a m\u00edstn\u011b p\u0159\u00edslu\u0161n\u00fdmi org\u00e1ny, j\u00edm\u017e bylo zastaven\u00ed trestn\u00edho st\u00edh\u00e1n\u00ed v\u0161ech obvin\u011bn\u00fdch dozorov\u00fdm st\u00e1tn\u00edm z\u00e1stupcem, a rozhodnut\u00edm nejvy\u0161\u0161\u00edho st\u00e1tn\u00edho z\u00e1stupce Pavla Zemana o pokra\u010dov\u00e1n\u00ed ve st\u00edh\u00e1n\u00ed Jany Nagyov\u00e9 a Andreje Babi\u0161e. Zpro\u0161\u0165uj\u00edc\u00ed rozsudek d\u016fvodnost Zemanova z\u00e1sahu oslabil.<\/p>\n<p><a href=\"https:\/\/stranapro.cz\/\"><img decoding=\"async\" loading=\"lazy\" class=\"alignnone  wp-image-40285 aligncenter\" src=\"http:\/\/www.infokuryr.cz\/n\/wp-content\/uploads\/2023\/11\/11pro-300x79.png\" alt=\"\" width=\"699\" height=\"184\" srcset=\"https:\/\/www.infokuryr.cz\/n\/wp-content\/uploads\/2023\/11\/11pro-300x79.png 300w, https:\/\/www.infokuryr.cz\/n\/wp-content\/uploads\/2023\/11\/11pro.png 363w\" sizes=\"(max-width: 699px) 100vw, 699px\" \/><\/a><\/p>\n<p>V\u0161echny \u00fakazy, je\u017e zpochyb\u0148uj\u00ed \u00farove\u0148 \u0159\u00edzen\u00ed, vznikly bez z\u00e1sahu nebo v\u016fle Andreje Babi\u0161e. Pokud by snad skute\u010dn\u011b m\u011bly hodnotu zpochybn\u011bn\u00ed pr\u00e1vn\u00edho st\u00e1tu, odpov\u00eddaj\u00ed za n\u011b \u00fapln\u011b jin\u00ed lid\u00e9 zevnit\u0159 soustavy trestn\u00edho \u0159\u00edzen\u00ed, kte\u0159\u00ed \u00fakony \u0159\u00eddili a prov\u00e1d\u011bli.<\/p>\n<p>Vcelku ale novin\u00e1\u0159i v\u0161e nafukuj\u00ed. K zpochybn\u011bn\u00ed pr\u00e1vn\u00edho st\u00e1tu dle m\u00e9ho laick\u00e9ho \u00fasudku nedo\u0161lo. Ve skute\u010dnosti kauza \u010cap\u00ed hn\u00edzdo nijak zvl\u00e1\u0161\u0165 nevybo\u010duje z pr\u016fm\u011bru. Kdyby nebyl vedlej\u0161\u00edm ob\u017ealovan\u00fdm pr\u00e1v\u011b Andrej Babi\u0161, ani pes by po n\u00ed ne\u0161t\u011bkl. Zru\u0161en\u00ed prvn\u00edho prvostup\u0148ov\u00e9ho rozsudku nen\u00ed nic neobvykl\u00e9ho \u010di dokonce senza\u010dn\u00edho. Sledoval jsem proces se \u0161kodou kolem jednoho milionu K\u010d, kter\u00fd trval d\u00e9le ne\u017e 10 let, na prvn\u00edm stupni se vyst\u0159\u00eddaly t\u0159i sen\u00e1ty, je\u017e vydaly sedm nepravomocn\u00fdch zpro\u0161\u0165uj\u00edc\u00edch rozsudk\u016f. \u017dalobce se v\u017edy odvolal a odvolac\u00ed soud mu v\u017edy vyhov\u011bl. A\u017e \u010dtvrt\u00fd sen\u00e1t v\u011bc ukon\u010dil odsouzen\u00edm ob\u017ealovan\u00fdch k m\u00edrn\u00fdm podm\u00edn\u011bn\u00fdm trest\u016fm. Podobn\u00fdch p\u0159\u00edpad\u016f bych mohl uv\u00e9st v\u00edce. K neobvykl\u00fdm \u00fakaz\u016fm doch\u00e1z\u00ed i v kauz\u00e1ch zcela bezv\u00fdznamn\u00fdch ob\u017ealovan\u00fdch. Ale v \u017e\u00e1dn\u00e9m p\u0159\u00edpad\u011b nechci tvrdit, \u017ee kauzy s chybami jsou \u00fapln\u011b b\u011b\u017en\u00e9.<\/p>\n<p>Ve skute\u010dnosti kauza \u010cap\u00ed hn\u00edzdo je svou skutkovou podstatou docela nudn\u00e1. Poprask kv\u016fli zru\u0161en\u00ed prvn\u00edho prvostup\u0148ov\u00e9ho rozsudku je ned\u016fvodn\u00fd. K hysterii by nem\u011blo novin\u00e1\u0159e p\u0159iv\u00e9st ani p\u0159\u00edpadn\u00e9 zru\u0161en\u00ed budouc\u00edho druh\u00e9ho rozsudku, s kter\u00fdm nemus\u00ed b\u00fdt ob\u011b strany srozum\u011bny.<\/p>\n<p>Nebyl jsem p\u0159ekvapen odvol\u00e1n\u00edm \u017ealobce proti prvoinstan\u010dn\u00edmu rozsudku, ani jsem nevylu\u010doval, \u017ee rozsudek v odvolac\u00edm \u0159\u00edzen\u00ed neobstoj\u00ed. Nebudu p\u0159ekvapen, bude-li se divadlo opakovat, a to mo\u017en\u00e1 jednou, mo\u017en\u00e1 v\u00edckr\u00e1t. Zru\u0161en\u00ed rozsudku neznamen\u00e1 p\u0159edzv\u011bst konce sv\u011bta. Nem\u00e1 smysl dal\u0161\u00ed v\u00fdvoj p\u0159edj\u00edmat a p\u0159\u00edm\u00e9 \u010di nep\u0159\u00edm\u00e9 vzkazy soudci \u0160ottovi p\u0159es m\u00e9dia, \u010deho se m\u00e1 nap\u0159\u00ed\u0161t\u011b vyvarovat, zav\u00e1n\u00ed nep\u0159\u00edstojnou chut\u00ed jej ovlivnit. Takov\u00e9 chut\u011b by ale novin\u00e1\u0159i m\u011bli potla\u010dit.<\/p>\n<p><em><strong>Zden\u011bk Jemel\u00edk<\/strong><\/em><\/p>\n<p><img decoding=\"async\" loading=\"lazy\" class=\"alignnone size-medium wp-image-357\" src=\"http:\/\/www.infokuryr.cz\/n\/wp-content\/uploads\/2021\/04\/Jemelik-u-soudu-300x145.jpeg\" alt=\"\" width=\"300\" height=\"145\" srcset=\"https:\/\/www.infokuryr.cz\/n\/wp-content\/uploads\/2021\/04\/Jemelik-u-soudu-300x145.jpeg 300w, https:\/\/www.infokuryr.cz\/n\/wp-content\/uploads\/2021\/04\/Jemelik-u-soudu.jpeg 320w\" sizes=\"(max-width: 300px) 100vw, 300px\" \/><\/p>\n<p>&nbsp;<\/p>\n<p>&nbsp;<\/p>\n","protected":false},"excerpt":{"rendered":"<p>\u010c\u00e1st novin\u00e1\u0159sk\u00e9 obce se chopila zpr\u00e1vy o zru\u0161en\u00ed prvoinstan\u010dn\u00edho rozsudku v kauze \u010cap\u00ed hn\u00edzdo Vrchn\u00edm&#8230;<\/p>\n","protected":false},"author":2,"featured_media":15131,"comment_status":"closed","ping_status":"closed","sticky":false,"template":"","format":"standard","meta":[],"categories":[6],"tags":[126,3322,29,520],"_links":{"self":[{"href":"https:\/\/www.infokuryr.cz\/n\/wp-json\/wp\/v2\/posts\/40629"}],"collection":[{"href":"https:\/\/www.infokuryr.cz\/n\/wp-json\/wp\/v2\/posts"}],"about":[{"href":"https:\/\/www.infokuryr.cz\/n\/wp-json\/wp\/v2\/types\/post"}],"author":[{"embeddable":true,"href":"https:\/\/www.infokuryr.cz\/n\/wp-json\/wp\/v2\/users\/2"}],"replies":[{"embeddable":true,"href":"https:\/\/www.infokuryr.cz\/n\/wp-json\/wp\/v2\/comments?post=40629"}],"version-history":[{"count":0,"href":"https:\/\/www.infokuryr.cz\/n\/wp-json\/wp\/v2\/posts\/40629\/revisions"}],"wp:featuredmedia":[{"embeddable":true,"href":"https:\/\/www.infokuryr.cz\/n\/wp-json\/wp\/v2\/media\/15131"}],"wp:attachment":[{"href":"https:\/\/www.infokuryr.cz\/n\/wp-json\/wp\/v2\/media?parent=40629"}],"wp:term":[{"taxonomy":"category","embeddable":true,"href":"https:\/\/www.infokuryr.cz\/n\/wp-json\/wp\/v2\/categories?post=40629"},{"taxonomy":"post_tag","embeddable":true,"href":"https:\/\/www.infokuryr.cz\/n\/wp-json\/wp\/v2\/tags?post=40629"}],"curies":[{"name":"wp","href":"https:\/\/api.w.org\/{rel}","templated":true}]}}