{"id":40610,"date":"2023-11-21T01:06:58","date_gmt":"2023-11-21T00:06:58","guid":{"rendered":"https:\/\/www.infokuryr.cz\/n\/?p=40610"},"modified":"2023-11-20T18:06:59","modified_gmt":"2023-11-20T17:06:59","slug":"cirkev-a-pasovani-nova-lod-pouzivana-pro-namorni-zachranu-na-naklady-danovych-poplatniku","status":"publish","type":"post","link":"https:\/\/www.infokuryr.cz\/n\/2023\/11\/21\/cirkev-a-pasovani-nova-lod-pouzivana-pro-namorni-zachranu-na-naklady-danovych-poplatniku\/","title":{"rendered":"C\u00edrkev a pa\u0161ov\u00e1n\u00ed: Nov\u00e1 lo\u010f pou\u017e\u00edvan\u00e1 pro \u201en\u00e1mo\u0159n\u00ed z\u00e1chranu\u201c na n\u00e1klady da\u0148ov\u00fdch poplatn\u00edk\u016f"},"content":{"rendered":"<div id=\"fb-root\"><\/div>\n<p><strong><span>Uprost\u0159ed migra\u010dn\u00ed krize vys\u00edl\u00e1 sdru\u017een\u00ed United4Rescue iniciovan\u00e9 protestantskou c\u00edrkv\u00ed svou t\u0159et\u00ed alian\u010dn\u00ed lo\u010f \u2013 Sea-Watch 5 \u2013 do St\u0159edozemn\u00edho mo\u0159e na \u201emo\u0159skou z\u00e1chranu\u201c.\u00a0Pro migranty nen\u00ed tato n\u00e1mo\u0159n\u00ed z\u00e1chrana ni\u010d\u00edm jin\u00fdm ne\u017e volnou vstupenkou do Evropy.\u00a0Jakmile p\u0159ijedete do It\u00e1lie, \u0161t\u011bdr\u00e9 soci\u00e1ln\u00ed d\u00e1vky v N\u011bmecku jsou ji\u017e na dosah.<\/span><\/strong><\/p>\n<p><span>Minul\u00fd t\u00fdden vyplula \u201eSea-Watch 5\u201c z Vinaros, \u0160pan\u011blsko.\u00a0Jde o prvn\u00ed pou\u017eit\u00ed nov\u00e9 lodi k \u201ez\u00e1chran\u011b uprchl\u00edk\u016f\u201c ve St\u0159edozemn\u00edm mo\u0159i, jak ozn\u00e1mila organizace Sea-Watch v Berl\u00edn\u011b a aliance \u201eUnited4Rescue\u201c v Hannoveru.\u00a0V p\u00e1tek k\u0159i\u017eoval Sea-Watch 5 St\u0159edozemn\u00edm mo\u0159em mezi Tuniskem a Sardini\u00ed.<\/span><\/p>\n<p><span>B\u00fdvalou norskou z\u00e1sobovac\u00ed lo\u010f pro v\u011btrnou energii a ropn\u00e9 plo\u0161iny loni koupila asociace Sea-Watch za 4,5 milionu eur a za\u010d\u00e1tkem listopadu 2022 ji v Hamburku pok\u0159tili jako \u201eSea-Watch 5\u201c.\u00a0V \u0159\u00edjnu 2023 byl p\u0159em\u011bn\u011bn na z\u00e1chrannou lo\u010f ve Flensburgu.\u00a0<\/span><strong><span>Je financov\u00e1na mimo jin\u00e9 z dar\u016f, n\u011bmeck\u00e9 loterie PS\u010c a aliance \u201eUnited4Rescue\u201c, kterou iniciovala evangelick\u00e1 c\u00edrkev v N\u011bmecku (EKD), jak se tomu \u0159\u00edkalo.\u00a0<\/span><\/strong><span>Nov\u00e1 lo\u010f je dosud nejv\u011bt\u0161\u00ed lod\u00ed Sea Watch, je 58 metr\u016f dlouh\u00e1 a nab\u00edz\u00ed prostor a\u017e pro 500 lid\u00ed, pro p\u00e9\u010di o \u201ezachr\u00e1n\u011bn\u00e9\u201c je k dispozici pos\u00e1dka 29 lid\u00ed.<\/span><\/p>\n<p><a href=\"https:\/\/stranapro.cz\/\"><img decoding=\"async\" loading=\"lazy\" class=\"alignnone  wp-image-40285 aligncenter\" src=\"http:\/\/www.infokuryr.cz\/n\/wp-content\/uploads\/2023\/11\/11pro-300x79.png\" alt=\"\" width=\"592\" height=\"156\" srcset=\"https:\/\/www.infokuryr.cz\/n\/wp-content\/uploads\/2023\/11\/11pro-300x79.png 300w, https:\/\/www.infokuryr.cz\/n\/wp-content\/uploads\/2023\/11\/11pro.png 363w\" sizes=\"(max-width: 592px) 100vw, 592px\" \/><\/a><\/p>\n<p><span>Podle\u00a0<\/span><a href=\"https:\/\/sea-watch.org\/neues-rettungsschiff\/\"><span>Sea-Watch<\/span><\/a><span>\u00a0m\u011bl lo\u0148sk\u00fd n\u00e1kup lodi p\u0159edstavovat vyhl\u00e1\u0161en\u00ed v\u00e1lky proti posunu italsk\u00e9 vl\u00e1dy doprava.\u00a0Vyu\u017eit\u00ed nov\u00e9 z\u00e1chrann\u00e9 lodi m\u00e1 nav\u00edc vyslat sign\u00e1l proti ned\u00e1vno zve\u0159ejn\u011bn\u00e9mu n\u00e1vrhu z\u00e1kona n\u011bmeck\u00e9ho ministerstva vnitra, podle kter\u00e9ho\u00a0<\/span><a href=\"https:\/\/sea-watch.org\/bundesregierung-droht-mit-bis-zu-5-jahren-haft\/\"><span>hroz\u00ed n\u00e1mo\u0159n\u00edm z\u00e1chran\u00e1\u0159\u016fm tresty odn\u011bt\u00ed svobody<\/span><\/a><span>\u00a0.\u00a0\u0158e\u010d je o p\u0159ipravovan\u00e9 zm\u011bn\u011b \u00a7 96 z\u00e1kona o pobytu, podle n\u00ed\u017e je \u201ezavle\u010den\u00ed cizinc\u016f\u201c trestn\u00fdm \u010dinem.\u00a0Podle n\u00ed pak m\u016f\u017ee b\u00fdt potrest\u00e1n ka\u017ed\u00fd, kdo \u201epom\u00e1h\u00e1 cizinc\u016fm ke vstupu do EU bez v\u00edza\u201c \u201eopakovan\u011b nebo ve prosp\u011bch v\u00edce cizinc\u016f\u201c, a to i bez po\u017eadov\u00e1n\u00ed finan\u010dn\u00ed kompenzace.\u00a0P\u0159esto\u017ee feder\u00e1ln\u00ed ministerstvo vnitra odm\u00edtlo, \u017ee by se pl\u00e1novaly sankce za soukrom\u00e9 n\u00e1mo\u0159n\u00ed z\u00e1chrann\u00e9 akce, n\u00e1mo\u0159n\u00ed z\u00e1chran\u00e1\u0159i po\u017eaduj\u00ed odpov\u00eddaj\u00edc\u00ed\u00a0<\/span><a href=\"https:\/\/taz.de\/Strafen-fuer-private-Seenotretter\/!5972009\/\"><span>\u201eopravu\u201c n\u00e1vrhu z\u00e1kona<\/span><\/a><span> .<\/span><\/p>\n<p><span>Zat\u00edmco It\u00e1lie a \u0158ecko zasahuj\u00ed proti t\u011bmto takzvan\u00fdm mo\u0159sk\u00fdm z\u00e1chran\u00e1\u0159\u016fm, kte\u0159\u00ed nejsou obecn\u011b pova\u017eov\u00e1ni za nic jin\u00e9ho ne\u017e pa\u0161er\u00e1ky, je nepravd\u011bpodobn\u00e9, \u017ee by se k t\u011bmto zem\u00edm p\u0159idalo i N\u011bmecko.\u00a0<\/span><strong><span>Kone\u010dn\u011b se semaforov\u00e1 vl\u00e1da rozhodla podpo\u0159it ak\u010dn\u00ed alianci \u201eUnited4Rescue\u201c \u010d\u00e1stkou 2 miliony eur ro\u010dn\u011b po dobu n\u00e1sleduj\u00edc\u00edch \u010dty\u0159 let, co\u017e odpov\u00edd\u00e1 8 milion\u016fm eur.\u00a0<\/span><\/strong><span>Tato aliance vznikla z iniciativy EKD.\u00a0Zakladatelem a p\u0159edsedou je Thies Gundlach, \u017eivotn\u00ed partner viceprezidenta Zelen\u00e9ho Bundestagu G\u00f6ringa-Eckardta, kter\u00fd l\u00e9ta vede kampa\u0148 za tzv. soukromou n\u00e1mo\u0159n\u00ed z\u00e1chranu (a podle n\u00e1zoru opozice tak otev\u0159en\u011b propaguje pa\u0161ov\u00e1n\u00ed a pa\u0161ov\u00e1n\u00ed lid\u00ed obchodov\u00e1n\u00ed s lidmi).<\/span><\/p>\n<figure class=\"wp-block-embed is-type-rich is-provider-twitter wp-block-embed-twitter\">\n<div class=\"wp-block-embed__wrapper\">\n<div class=\"twitter-tweet twitter-tweet-rendered\"><iframe id=\"twitter-widget-0\" class=\"\" title=\"Twitter Tweet\" src=\"https:\/\/platform.twitter.com\/embed\/Tweet.html?dnt=true&amp;embedId=twitter-widget-0&amp;features=eyJ0ZndfdGltZWxpbmVfbGlzdCI6eyJidWNrZXQiOltdLCJ2ZXJzaW9uIjpudWxsfSwidGZ3X2ZvbGxvd2VyX2NvdW50X3N1bnNldCI6eyJidWNrZXQiOnRydWUsInZlcnNpb24iOm51bGx9LCJ0ZndfdHdlZXRfZWRpdF9iYWNrZW5kIjp7ImJ1Y2tldCI6Im9uIiwidmVyc2lvbiI6bnVsbH0sInRmd19yZWZzcmNfc2Vzc2lvbiI6eyJidWNrZXQiOiJvbiIsInZlcnNpb24iOm51bGx9LCJ0ZndfZm9zbnJfc29mdF9pbnRlcnZlbnRpb25zX2VuYWJsZWQiOnsiYnVja2V0Ijoib24iLCJ2ZXJzaW9uIjpudWxsfSwidGZ3X21peGVkX21lZGlhXzE1ODk3Ijp7ImJ1Y2tldCI6InRyZWF0bWVudCIsInZlcnNpb24iOm51bGx9LCJ0ZndfZXhwZXJpbWVudHNfY29va2llX2V4cGlyYXRpb24iOnsiYnVja2V0IjoxMjA5NjAwLCJ2ZXJzaW9uIjpudWxsfSwidGZ3X3Nob3dfYmlyZHdhdGNoX3Bpdm90c19lbmFibGVkIjp7ImJ1Y2tldCI6Im9uIiwidmVyc2lvbiI6bnVsbH0sInRmd19kdXBsaWNhdGVfc2NyaWJlc190b19zZXR0aW5ncyI6eyJidWNrZXQiOiJvbiIsInZlcnNpb24iOm51bGx9LCJ0ZndfdXNlX3Byb2ZpbGVfaW1hZ2Vfc2hhcGVfZW5hYmxlZCI6eyJidWNrZXQiOiJvbiIsInZlcnNpb24iOm51bGx9LCJ0ZndfdmlkZW9faGxzX2R5bmFtaWNfbWFuaWZlc3RzXzE1MDgyIjp7ImJ1Y2tldCI6InRydWVfYml0cmF0ZSIsInZlcnNpb24iOm51bGx9LCJ0ZndfbGVnYWN5X3RpbWVsaW5lX3N1bnNldCI6eyJidWNrZXQiOnRydWUsInZlcnNpb24iOm51bGx9LCJ0ZndfdHdlZXRfZWRpdF9mcm9udGVuZCI6eyJidWNrZXQiOiJvbiIsInZlcnNpb24iOm51bGx9fQ%3D%3D&amp;frame=false&amp;hideCard=false&amp;hideThread=false&amp;id=1723349726173528068&amp;lang=cs&amp;origin=https%3A%2F%2Freport24.news%2Fdie-kirche-und-die-schlepperei-neues-schiff-fuer-seenotrettung-auf-steuerzahlerkosten-im-einsatz%2F&amp;sessionId=dee0b2fd98e172baa90a4eaf3ceffe4457a257bd&amp;theme=light&amp;widgetsVersion=01917f4d1d4cb%3A1696883169554&amp;width=550px\" frameborder=\"0\" scrolling=\"no\" allowfullscreen=\"allowfullscreen\" data-tweet-id=\"1723349726173528068\" data-mce-fragment=\"1\"><\/iframe><\/div>\n<\/div>\n<\/figure>\n<p><span>Je t\u011b\u017ek\u00e9 p\u0159ekonat drzost aliance podporovan\u00e9 protestantskou c\u00edrkv\u00ed, kter\u00e1 uprost\u0159ed zhor\u0161uj\u00edc\u00ed se migra\u010dn\u00ed krize vyslala dal\u0161\u00ed lo\u010f, aby dopravila migranty do Evropy, m\u00edsto aby je odvezla do nejbli\u017e\u0161\u00edho bezpe\u010dn\u00e9ho p\u0159\u00edstavu.\u00a0Ne nadarmo se tito soukrom\u00ed n\u00e1mo\u0159n\u00ed z\u00e1chran\u00e1\u0159i tak\u00e9 ozna\u010duj\u00ed jako pa\u0161er\u00e1ci \u2013 existuj\u00ed alespo\u0148 d\u016fkazy o\u00a0<\/span><a href=\"https:\/\/www.focus.de\/politik\/focus-online-exklusiv-wie-seenotretter-mit-schleppern-zusammen-arbeiten_id_214529258.html\"><span>spolupr\u00e1ci<\/span><\/a><span>\u00a0mezi takov\u00fdmi organizacemi a pa\u0161er\u00e1ky.\u00a0Vl\u00e1dn\u00ed podpora z pen\u011bz da\u0148ov\u00fdch poplatn\u00edk\u016f se ned\u00e1 ozna\u010dit jinak ne\u017e jako nezodpov\u011bdn\u00e1 a znovu dokazuje, \u017ee nen\u00ed v\u016fl\u00ed omezovat neleg\u00e1ln\u00ed migraci do soci\u00e1ln\u00edch syst\u00e9m\u016f.<\/span><\/p>\n<p><img decoding=\"async\" loading=\"lazy\" class=\"alignnone size-full wp-image-1185\" src=\"http:\/\/www.infokuryr.cz\/n\/wp-content\/uploads\/2021\/04\/kuryr-podpis.png\" alt=\"\" width=\"84\" height=\"24\" \/><\/p>\n<p>&nbsp;<\/p>\n<p>&nbsp;<\/p>\n","protected":false},"excerpt":{"rendered":"<p>Uprost\u0159ed migra\u010dn\u00ed krize vys\u00edl\u00e1 sdru\u017een\u00ed United4Rescue iniciovan\u00e9 protestantskou c\u00edrkv\u00ed svou t\u0159et\u00ed alian\u010dn\u00ed lo\u010f \u2013 Sea-Watch&#8230;<\/p>\n","protected":false},"author":2,"featured_media":40611,"comment_status":"closed","ping_status":"closed","sticky":false,"template":"","format":"standard","meta":[],"categories":[7],"tags":[43,119,697,429,6311],"_links":{"self":[{"href":"https:\/\/www.infokuryr.cz\/n\/wp-json\/wp\/v2\/posts\/40610"}],"collection":[{"href":"https:\/\/www.infokuryr.cz\/n\/wp-json\/wp\/v2\/posts"}],"about":[{"href":"https:\/\/www.infokuryr.cz\/n\/wp-json\/wp\/v2\/types\/post"}],"author":[{"embeddable":true,"href":"https:\/\/www.infokuryr.cz\/n\/wp-json\/wp\/v2\/users\/2"}],"replies":[{"embeddable":true,"href":"https:\/\/www.infokuryr.cz\/n\/wp-json\/wp\/v2\/comments?post=40610"}],"version-history":[{"count":1,"href":"https:\/\/www.infokuryr.cz\/n\/wp-json\/wp\/v2\/posts\/40610\/revisions"}],"predecessor-version":[{"id":40612,"href":"https:\/\/www.infokuryr.cz\/n\/wp-json\/wp\/v2\/posts\/40610\/revisions\/40612"}],"wp:featuredmedia":[{"embeddable":true,"href":"https:\/\/www.infokuryr.cz\/n\/wp-json\/wp\/v2\/media\/40611"}],"wp:attachment":[{"href":"https:\/\/www.infokuryr.cz\/n\/wp-json\/wp\/v2\/media?parent=40610"}],"wp:term":[{"taxonomy":"category","embeddable":true,"href":"https:\/\/www.infokuryr.cz\/n\/wp-json\/wp\/v2\/categories?post=40610"},{"taxonomy":"post_tag","embeddable":true,"href":"https:\/\/www.infokuryr.cz\/n\/wp-json\/wp\/v2\/tags?post=40610"}],"curies":[{"name":"wp","href":"https:\/\/api.w.org\/{rel}","templated":true}]}}