{"id":4061,"date":"2021-08-14T04:35:13","date_gmt":"2021-08-14T02:35:13","guid":{"rendered":"http:\/\/www.infokuryr.cz\/n\/?p=4061"},"modified":"2021-08-14T04:35:13","modified_gmt":"2021-08-14T02:35:13","slug":"vsechny-cesty-vedou-k-bitve-o-kabul","status":"publish","type":"post","link":"https:\/\/www.infokuryr.cz\/n\/2021\/08\/14\/vsechny-cesty-vedou-k-bitve-o-kabul\/","title":{"rendered":"V\u0161echny cesty vedou k bitv\u011b o K\u00e1bul"},"content":{"rendered":"<div id=\"fb-root\"><\/div>\n<section class=\"perex\"><strong>Jedn\u00e1n\u00ed o &#8222;m\u00edrov\u00e9m&#8220; procesu v Afgh\u00e1nist\u00e1nu, kter\u00e1 jsou st\u00e1le v nedohlednu, znovu za\u010dnou tuto st\u0159edu v Dauh\u00e1 za \u00fa\u010dasti roz\u0161\u00ed\u0159en\u00e9 trojky &#8211; USA, Ruska, \u010c\u00edny a P\u00e1kist\u00e1nu. Kontrast s nahromad\u011bn\u00fdmi fakty v ter\u00e9nu nem\u016f\u017ee b\u00fdt v\u00fdrazn\u011bj\u0161\u00ed.<\/strong><\/p>\n<p><strong>V koordinovan\u00e9 bleskov\u00e9 v\u00e1lce Taliban b\u011bhem pouh\u00fdch \u010dty\u0159 dn\u016f poko\u0159il nejm\u00e9n\u011b \u0161est afgh\u00e1nsk\u00fdch provin\u010dn\u00edch m\u011bst. \u00dast\u0159edn\u00ed spr\u00e1va v K\u00e1bulu bude m\u00edt probl\u00e9m uh\u00e1jit svou stabilitu v Dauh\u00e1.<\/strong><\/p>\n<\/section>\n<section class=\"clanek-obsah\">Je to je\u0161t\u011b hor\u0161\u00ed. Afgh\u00e1nsk\u00fd prezident A\u0161raf Ghan\u00ed zlov\u011bstn\u011b prohl\u00e1sil, \u017ee proces z Dauh\u00e1 t\u00e9m\u011b\u0159 poh\u0159bil. Ji\u017e vsadil na ob\u010danskou v\u00e1lku &#8211; od vyzbrojov\u00e1n\u00ed civilist\u016f v hlavn\u00edch m\u011bstech a\u017e po rozs\u00e1hl\u00e9 upl\u00e1cen\u00ed region\u00e1ln\u00edch v\u00e1le\u010dn\u00fdch v\u016fdc\u016f se z\u00e1m\u011brem vytvo\u0159it &#8222;koalici ochotn\u00fdch&#8220; pro boj s Talibanem.<\/p>\n<p>Dobyt\u00ed Zarand\u017ee, hlavn\u00edho m\u011bsta provincie Nimr\u00faz, bylo v\u00fdznamn\u00fdm p\u0159evratem Talibanu. Z\u00e1rand\u017e je vstupn\u00ed branou Indie do Afgh\u00e1nist\u00e1nu a d\u00e1le do St\u0159edn\u00ed Asie prost\u0159ednictv\u00edm mezin\u00e1rodn\u00edho dopravn\u00edho koridoru sever-jih (INSTC).<\/p>\n<p>Indie zaplatila v\u00fdstavbu d\u00e1lnice spojuj\u00edc\u00ed \u00edr\u00e1nsk\u00fd p\u0159\u00edstav \u010cabah\u00e1r &#8211; kl\u00ed\u010dov\u00fd uzel indick\u00e9 verze Nov\u00e9 hedv\u00e1bn\u00e9 stezky &#8211; se Zard\u017e\u00e1.<\/p>\n<p>V s\u00e1zce je d\u016fle\u017eit\u00fd hrani\u010dn\u00ed p\u0159echod mezi \u00cdr\u00e1nem a Afgh\u00e1nist\u00e1nem a dopravn\u00ed koridor pro jihoz\u00e1padn\u00ed a st\u0159edn\u00ed Asii. Taliban v\u0161ak nyn\u00ed kontroluje obchod na afgh\u00e1nsk\u00e9 stran\u011b. A Teher\u00e1n pr\u00e1v\u011b uzav\u0159el \u00edr\u00e1nskou stranu. Nikdo nev\u00ed, co bude d\u00e1l.<\/p>\n<p>T\u00e1lib\u00e1nci pe\u010dliv\u011b prov\u00e1d\u011bj\u00ed strategick\u00fd pl\u00e1n. Zat\u00edm neexistuje \u017e\u00e1dn\u00e1 kou\u0159\u00edc\u00ed zbra\u0148, ale vysoce informovan\u00e1 pomoc zven\u010d\u00ed &#8211; p\u00e1kist\u00e1nsk\u00e1 rozv\u011bdka ISI? &#8211; je pravd\u011bpodobn\u00e1.<\/p>\n<p>Nejd\u0159\u00edve dob\u00fdvaj\u00ed venkov, co\u017e je v podstat\u011b hotov\u00e1 v\u011bc na nejm\u00e9n\u011b 85 % \u00fazem\u00ed. Pot\u00e9 kontroluj\u00ed kl\u00ed\u010dov\u00e9 hrani\u010dn\u00ed p\u0159echody, jako nap\u0159\u00edklad s T\u00e1d\u017eikist\u00e1nem, Turkmenist\u00e1nem, \u00cdr\u00e1nem a Spin Boldakem s p\u00e1kist\u00e1nsk\u00fdm Bal\u00fa\u010dist\u00e1nem. Nakonec jde o obkl\u00ed\u010den\u00ed a metodick\u00e9 obsazen\u00ed hlavn\u00edch m\u011bst provinci\u00ed &#8211; tam se pr\u00e1v\u011b nach\u00e1z\u00edme.<\/p>\n<p>Z\u00e1v\u011bre\u010dn\u00fdm d\u011bjstv\u00edm bude bitva o K\u00e1bul. K tomu m\u016f\u017ee doj\u00edt ji\u017e v z\u00e1\u0159\u00ed v r\u00e1mci pok\u0159iven\u00e9 &#8222;oslavy&#8220; 20 let od 11. z\u00e1\u0159\u00ed a americk\u00e9ho bombardov\u00e1n\u00ed T\u00e1lib\u00e1nu v letech 1996-2001.<\/p>\n<h2>Ten strategick\u00fd bleskov\u00fd \u00fatok<\/h2>\n<p>To, co se d\u011bje na severu, je je\u0161t\u011b p\u0159ekvapiv\u011bj\u0161\u00ed ne\u017e na jihoz\u00e1pad\u011b.<\/p>\n<p>T\u00e1lib\u00e1n dobyl \u0160ebergh\u00e1n, oblast siln\u011b ovlivn\u011bnou Uzbekist\u00e1nem, a netrvalo dlouho a roz\u0161\u00ed\u0159il sn\u00edmky bojovn\u00edk\u016f v ukraden\u00e9m oble\u010den\u00ed, kte\u0159\u00ed p\u00f3zuj\u00ed p\u0159ed nyn\u00ed obsazen\u00fdm Dostumov\u00fdm pal\u00e1cem. Abdul Ra\u0161\u00edd Dostum je zn\u00e1m\u00fd jako krut\u00fd v\u00e1le\u010dn\u00edk a sou\u010dasn\u00fd afgh\u00e1nsk\u00fd viceprezident.<\/p>\n<p>Velk\u00fdm \u00fasp\u011bchem T\u00e1lib\u00e1nu byl vstup do Kunduzu, kter\u00fd st\u00e1le je\u0161t\u011b \u010d\u00e1ste\u010dn\u011b vzdoruje. Kunduz je strategicky velmi d\u016fle\u017eit\u00fd. S 370 000 obyvateli a pom\u011brn\u011b bl\u00edzko t\u00e1d\u017eick\u00e9 hranice je hlavn\u00edm centrem severov\u00fdchodn\u00edho Afgh\u00e1nist\u00e1nu.<\/p>\n<p>K\u00e1bulsk\u00e9 vl\u00e1dn\u00ed s\u00edly jednodu\u0161e uprchly. V\u0161ichni v\u011bzni byli propu\u0161t\u011bni z m\u00edstn\u00edch v\u011bznic. Silnice jsou zablokovan\u00e9. To je v\u00fdznamn\u00e9, proto\u017ee Kunduz le\u017e\u00ed na k\u0159i\u017eovatce dvou d\u016fle\u017eit\u00fdch koridor\u016f &#8211; do K\u00e1bulu a Maz\u00e1r-i \u0160ar\u00edfu. A co je z\u00e1sadn\u00ed, je tak\u00e9 k\u0159i\u017eovatkou koridor\u016f, kter\u00e9 se pou\u017e\u00edvaj\u00ed k v\u00fdvozu opia a heroinu.<\/p>\n<p>Bundeswehr d\u0159\u00edve ob\u00fdval vojenskou z\u00e1kladnu pobl\u00ed\u017e leti\u0161t\u011b Kunduz, kde nyn\u00ed s\u00eddl\u00ed 217. afgh\u00e1nsk\u00fd arm\u00e1dn\u00ed sbor. Tam se st\u00e1hlo n\u011bkolik zb\u00fdvaj\u00edc\u00edch afgh\u00e1nsk\u00fdch vl\u00e1dn\u00edch sil.<\/p>\n<p>T\u00e1lib\u00e1n se nyn\u00ed sna\u017e\u00ed obl\u00e9hat historicky legend\u00e1rn\u00ed Maz\u00e1r-i \u0160ar\u00edf, velk\u00e9 severn\u00ed m\u011bsto, kter\u00e9 je je\u0161t\u011b d\u016fle\u017eit\u011bj\u0161\u00ed ne\u017e Kunduz. Mazar-i-Sharif je hlavn\u00edm m\u011bstem provincie Balkh. Nejvy\u0161\u0161\u00edm m\u00edstn\u00edm vojev\u016fdcem byl po desetilet\u00ed Atta Mohammad Noor, kter\u00e9ho jsem poznal p\u0159ed 20 lety.<\/p>\n<p>Nyn\u00ed slibuje, \u017ee bude \u201esv\u00e9\u201c m\u011bsto br\u00e1nit \u201edo posledn\u00ed kapky sv\u00e9 krve\u201c. To samo o sob\u011b nazna\u010duje, \u017ee se schyluje k velk\u00e9 ob\u010dansk\u00e9 v\u00e1lce.<\/p>\n<p>C\u00edlem Talibanu je vytvo\u0159it z\u00e1pado-v\u00fdchodn\u00ed osu ze \u0160ebergh\u00e1nu do Kunduzu a rovn\u011b\u017e dobyt\u00e9ho Taloq\u00e1nu, hlavn\u00edho m\u011bsta provincie Tach\u00e1r, p\u0159es Maz\u00e1r-i \u0160ar\u00edf v provincii Balch a soub\u011b\u017en\u011b se severn\u00edmi hranicemi s Turkmenist\u00e1nem, Uzbekist\u00e1nem a T\u00e1d\u017eikist\u00e1nem.<\/p>\n<p>Pokud se tak stane, p\u016fjde o nevratn\u00fd logistick\u00fd zvrat, kdy se prakticky cel\u00fd sever vyman\u00ed z kontroly K\u00e1bulu. Taliban v \u017e\u00e1dn\u00e9m p\u0159\u00edpad\u011b nebude \u201evyjedn\u00e1vat\u201c o tomto v\u00edt\u011bzstv\u00ed &#8211; v Dauh\u00e1 ani nikde jinde.<\/p>\n<p>P\u0159ekvapiv\u00fd je tak\u00e9 fakt, \u017ee ve v\u0161ech t\u011bchto oblastech nem\u00e1 pa\u0161tunsk\u00e1 v\u011bt\u0161ina obyvatelstva na rozd\u00edl od Kandah\u00e1ru na jihu a La\u0161karg\u00e1hu na jihoz\u00e1pad\u011b, kde Taliban st\u00e1le bojuje o \u00faplnou kontrolu.<\/p>\n<p>Kontrola Talibanu nad t\u00e9m\u011b\u0159 v\u0161emi mezin\u00e1rodn\u00edmi hrani\u010dn\u00edmi p\u0159echody, z nich\u017e plynou p\u0159\u00edjmy z cel, vede k v\u00e1\u017en\u00fdm ot\u00e1zk\u00e1m, co bude s drogov\u00fdm byznysem d\u00e1l.<\/p>\n<p>Zak\u00e1\u017ee Taliban op\u011bt produkci opia &#8211; jako to ud\u011blal zesnul\u00fd mulla Omar na po\u010d\u00e1tku roku 2000? Velmi pravd\u011bpodobn\u00e9 je, \u017ee distribuce nebude v Afgh\u00e1nist\u00e1nu povolena.<\/p>\n<p>Koneckonc\u016f, zisky z v\u00fdvozu mohou prosp\u011bt pouze vyzbrojov\u00e1n\u00ed Talibanu &#8211; proti budouc\u00edmu \u201evm\u011b\u0161ov\u00e1n\u00ed\u201c Ameri\u010dan\u016f a NATO. A afgh\u00e1n\u0161t\u00ed zem\u011bd\u011blci mohou p\u011bstov\u00e1n\u00edm opiov\u00e9ho m\u00e1ku vyd\u011blat mnohem v\u00edce ne\u017e p\u011bstov\u00e1n\u00edm jin\u00fdch plodin.<\/p>\n<p>Ne\u00fasp\u011bch NATO v Afgh\u00e1nist\u00e1nu je patrn\u00fd ve v\u0161ech ohledech. V minulosti Ameri\u010dan\u00e9 vyu\u017e\u00edvali vojensk\u00e9 z\u00e1kladny v Uzbekist\u00e1nu a Kyrgyzst\u00e1nu. Bundeswehr l\u00e9ta vyu\u017e\u00edval z\u00e1kladnu v Termezu v Uzbekist\u00e1nu.<\/p>\n<p>Termez je nyn\u00ed vyu\u017e\u00edv\u00e1n pro spole\u010dn\u00e9 rusk\u00e9 a uzbeck\u00e9 man\u00e9vry. A Rusov\u00e9 opustili svou z\u00e1kladnu v Kyrgzist\u00e1nu, aby prov\u00e1d\u011bli spole\u010dn\u00e9 man\u00e9vry v T\u00e1d\u017eikist\u00e1nu. Cel\u00fd bezpe\u010dnostn\u00ed apar\u00e1t v sousedn\u00edch st\u0159edoasijsk\u00fdch &#8222;st\u00e1tech&#8220; je koordinov\u00e1n Ruskem.<\/p>\n<p>Hlavn\u00ed bezpe\u010dnostn\u00ed prioritou \u010c\u00edny je p\u0159itom zabr\u00e1nit budouc\u00edm vp\u00e1d\u016fm d\u017eih\u00e1dist\u016f do Sin-\u0165iangu, kter\u00e9 zahrnuj\u00ed extr\u00e9mn\u011b n\u00e1ro\u010dn\u00e9 horsk\u00e9 p\u0159echody z Afgh\u00e1nist\u00e1nu do T\u00e1d\u017eikist\u00e1nu a pot\u00e9 do zem\u011b nikoho ve Wakhansk\u00e9m koridoru. Elektronick\u00fd dohled Pekingu sleduje v\u0161e, co se v t\u00e9to \u010d\u00e1sti st\u0159echy sv\u011bta pohybuje.<\/p>\n<p>Tato\u00a0<a href=\"https:\/\/mp.weixin.qq.com\/s\/PdiccvNSqdFtR-TisN1w5w\" target=\"_blank\" rel=\"external noopener\">anal\u00fdza \u010d\u00ednsk\u00e9ho think tanku ukazuje<\/a>, jak se sleduje pohybuj\u00edc\u00ed se \u0161achovnice. \u010c\u00ed\u0148an\u00e9 si jsou dokonale v\u011bdomi \u201evojensk\u00e9ho tlaku na K\u00e1bul\u201c, kter\u00fd prob\u00edh\u00e1 soub\u011b\u017en\u011b s diplomatickou ofenz\u00edvou Talibanu, ale rad\u011bji zd\u016fraz\u0148uj\u00ed, \u017ee \u201evystupuj\u00ed jako agresivn\u00ed s\u00edla p\u0159ipraven\u00e1 p\u0159evz\u00edt re\u017eim\u201c.<\/p>\n<p>\u010c\u00ednsk\u00e1 re\u00e1lpolitika si tak\u00e9 uv\u011bdomuje, \u017ee \u201eSpojen\u00e9 st\u00e1ty a dal\u0161\u00ed zem\u011b se operace v Afgh\u00e1nist\u00e1nu po mnoho let jen tak nevzdaj\u00ed a nebudou ochotny dopustit, aby se Afgh\u00e1nist\u00e1n stal sf\u00e9rou vlivu jin\u00fdch zem\u00ed\u201c.<\/p>\n<p>To vede k charakteristick\u00e9 \u010d\u00ednsk\u00e9 zahrani\u010dn\u011bpolitick\u00e9 opatrnosti, kdy se Talibanu prakticky rad\u00ed, aby \u201enebyl p\u0159\u00edli\u0161 velk\u00fd\u201c a nepokou\u0161el se \u201enahradit Ghan\u00edho vl\u00e1du jedn\u00edm tahem\u201c.<\/p>\n<h2>Jak zabr\u00e1nit ob\u010dansk\u00e9 v\u00e1lce<\/h2>\n<p>Je tedy Dauh\u00e1 zni\u010deno? Roz\u0161\u00ed\u0159en\u00e1 trojka d\u011bl\u00e1, co m\u016f\u017ee, aby ji zachr\u00e1nila. Prosl\u00fdch\u00e1 se, \u017ee prob\u00edhaj\u00ed hore\u010dn\u00e9 \u201ekonzultace\u201c se \u010dleny politick\u00e9 kancel\u00e1\u0159e Talibanu se s\u00eddlem v Kataru a s k\u00e1bulsk\u00fdmi vyjednava\u010di.<\/p>\n<p>Zahajovac\u00edm bodem bude setk\u00e1n\u00ed USA, Ruska, sousedn\u00edch zem\u00ed Afgh\u00e1nist\u00e1nu a OSN, kter\u00e9 se uskute\u010dn\u00ed toto \u00fater\u00fd. Je\u0161t\u011b p\u0159edt\u00edm v\u0161ak mluv\u010d\u00ed politick\u00e9 kancel\u00e1\u0159e Talibanu Na\u00edm Wardak obvinil Washington z vm\u011b\u0161ov\u00e1n\u00ed do vnit\u0159n\u00edch afgh\u00e1nsk\u00fdch z\u00e1le\u017eitost\u00ed.<\/p>\n<p>P\u00e1kist\u00e1n je sou\u010d\u00e1st\u00ed roz\u0161\u00ed\u0159en\u00e9 trojky. P\u00e1kist\u00e1nsk\u00e1 m\u00e9dia se pln\u011b anga\u017euj\u00ed ve zd\u016fraz\u0148ov\u00e1n\u00ed toho, \u017ee vliv Isl\u00e1m\u00e1b\u00e1du na Taliban \u201eje nyn\u00ed omezen\u00fd\u201c. Jako p\u0159\u00edklad je uv\u00e1d\u011bno, jak Taliban uzav\u0159el kl\u00ed\u010dov\u00fd hrani\u010dn\u00ed p\u0159echod ve Spin Boldaku &#8211; ve skute\u010dnosti pa\u0161er\u00e1ck\u00e9 \u00fato\u010di\u0161t\u011b &#8211; a po\u017eadoval, aby P\u00e1kist\u00e1n zm\u00edrnil v\u00edzov\u00e1 omezen\u00ed pro Afgh\u00e1nce.<\/p>\n<p>To je skute\u010dn\u00e9 hn\u00edzdo zmij\u00ed. V\u011bt\u0161ina v\u016fdc\u016f Talibanu ze star\u00e9 \u0161koly s\u00eddl\u00ed v p\u00e1kist\u00e1nsk\u00e9m Bal\u00fa\u010dist\u00e1nu a z bezpe\u010dn\u00e9 vzd\u00e1lenosti dohl\u00ed\u017e\u00ed na to, co se d\u011bje v pohrani\u010d\u00ed a za n\u00edm, v Kv\u00e9t\u011b.<\/p>\n<p>Probl\u00e9mem pro roz\u0161\u00ed\u0159enou trojici je tak\u00e9 nep\u0159\u00edtomnost \u00cdr\u00e1nu a Indie u jednac\u00edho stolu. Ob\u011b zem\u011b maj\u00ed v Afgh\u00e1nist\u00e1nu kl\u00ed\u010dov\u00e9 z\u00e1jmy, zejm\u00e9na pokud jde o jeho snad novou m\u00edrovou roli tranzitn\u00edho uzlu pro spojen\u00ed mezi st\u0159edn\u00ed a ji\u017en\u00ed Asi\u00ed.<\/p>\n<p>Moskva si od po\u010d\u00e1tku p\u0159\u00e1la, aby se Teher\u00e1n a Dill\u00ed staly sou\u010d\u00e1st\u00ed roz\u0161\u00ed\u0159en\u00e9 trojky. Nemo\u017en\u00e9. \u00cdr\u00e1n nikdy nesed\u00ed s USA u jednoho stolu a naopak. Tak je tomu nyn\u00ed ve V\u00eddni p\u0159i jedn\u00e1n\u00edch o JCPOA, kde \u201ekomunikuj\u00ed\u201c prost\u0159ednictv\u00edm Evropan\u016f.<\/p>\n<p>Nov\u00e9 Dill\u00ed zase odm\u00edt\u00e1 sed\u011bt u jednoho stolu s Talibanem, kter\u00fd pova\u017euje za teroristickou p\u00e1kist\u00e1nskou proxy.<\/p>\n<p>Existuje mo\u017enost, \u017ee se \u00cdr\u00e1n a Indie daj\u00ed dohromady, co\u017e by zahrnovalo i \u00fazce propojen\u00fd postoj k afgh\u00e1nsk\u00e9mu dramatu.<\/p>\n<p>Kdy\u017e se indick\u00fd ministr zahrani\u010dn\u00edch v\u011bc\u00ed Subrahmanyam Jaishankar minul\u00fd t\u00fdden v Teher\u00e1nu z\u00fa\u010dastnil inaugurace prezidenta Ebrahima Raisiho, trvali na \u201e\u00fazk\u00e9 spolupr\u00e1ci a koordinaci\u201c tak\u00e9 v ot\u00e1zce Afgh\u00e1nist\u00e1nu.<\/p>\n<p>To by v bl\u00edzk\u00e9 budoucnosti znamenalo zv\u00fd\u0161en\u00ed indick\u00fdch investic do INSTC a indicko-\u00edr\u00e1nsko-afgh\u00e1nsk\u00e9ho koridoru Nov\u00e9 hedv\u00e1bn\u00e9 stezky. To se v\u0161ak nestane, kdy\u017e Taliban ovl\u00e1d\u00e1 Zarkand\u017e.<\/p>\n<p>Peking se zase zam\u011b\u0159uje na zv\u00fd\u0161en\u00ed sv\u00e9 konektivity s \u00cdr\u00e1nem prost\u0159ednictv\u00edm tzv. persk\u00e9ho koridoru, kter\u00fd zahrnuje T\u00e1d\u017eikist\u00e1n a Afgh\u00e1nist\u00e1n. To bude op\u011bt z\u00e1viset na m\u00ed\u0159e kontroly Talibanu.<\/p>\n<p>Peking v\u0161ak m\u016f\u017ee po\u010d\u00edtat s velk\u00fdm bohatstv\u00edm: Pl\u00e1nem A je koneckonc\u016f roz\u0161\u00ed\u0159en\u00fd \u010d\u00ednsko-p\u00e1kist\u00e1nsk\u00fd hospod\u00e1\u0159sk\u00fd koridor (CPEC) s p\u0159ipojen\u00fdm Afgh\u00e1nist\u00e1nem, a\u0165 u\u017e je v K\u00e1bulu u moci kdokoli.<\/p>\n<p>Je jasn\u00e9, \u017ee roz\u0161\u00ed\u0159en\u00e1 trojka nebude ur\u010dovat nejslo\u017eit\u011bj\u0161\u00ed detaily budouc\u00ed euroasijsk\u00e9 integrace. To bude z\u00e1le\u017eet na \u0160anghajsk\u00e9 organizaci pro spolupr\u00e1ci (\u0160OS), kter\u00e1 zahrnuje Rusko, \u010c\u00ednu, P\u00e1kist\u00e1n, Indii, st\u0159edoasijsk\u00e9 &#8222;stany&#8220; a \u00cdr\u00e1n a Afgh\u00e1nist\u00e1n jako sou\u010dasn\u00e9 pozorovatele a budouc\u00ed plnopr\u00e1vn\u00e9 \u010dleny.<\/p>\n<p>Nastal tedy \u010das pro nejvy\u0161\u0161\u00ed zkou\u0161ku SCO: jak dos\u00e1hnout t\u00e9m\u011b\u0159 nemo\u017en\u00e9 dohody o rozd\u011blen\u00ed moci v K\u00e1bulu a zabr\u00e1nit ni\u010div\u00e9 ob\u010dansk\u00e9 v\u00e1lce, dopln\u011bn\u00e9 o bombardov\u00e1n\u00ed imperi\u00e1ln\u00edmi letouny B-52.<\/p>\n<p>Pepe Escobar<\/p>\n<div class=\"podcarou\"><a href=\"http:\/\/www.informationclearinghouse.info\/56716.htm\" target=\"_blank\" rel=\"external noopener\">All roads lead to the Battle for Kabul<\/a> vy\u0161el 13.8.2021 na ICH. P\u0159eklad Zv\u011bdavec.<\/div>\n<\/section>\n<div><\/div>\n<div><a href=\"http:\/\/www.zvedavec.org\/komentare\/2021\/08\/8813-vsechny-cesty-vedou-k-bitve-o-kabul.htm\">Zvedavec.org<\/a><\/div>\n<div><\/div>\n","protected":false},"excerpt":{"rendered":"<p>Jedn\u00e1n\u00ed o &#8222;m\u00edrov\u00e9m&#8220; procesu v Afgh\u00e1nist\u00e1nu, kter\u00e1 jsou st\u00e1le v nedohlednu, znovu za\u010dnou tuto st\u0159edu&#8230;<\/p>\n","protected":false},"author":2,"featured_media":3721,"comment_status":"closed","ping_status":"closed","sticky":false,"template":"","format":"standard","meta":[],"categories":[7],"tags":[118,227],"_links":{"self":[{"href":"https:\/\/www.infokuryr.cz\/n\/wp-json\/wp\/v2\/posts\/4061"}],"collection":[{"href":"https:\/\/www.infokuryr.cz\/n\/wp-json\/wp\/v2\/posts"}],"about":[{"href":"https:\/\/www.infokuryr.cz\/n\/wp-json\/wp\/v2\/types\/post"}],"author":[{"embeddable":true,"href":"https:\/\/www.infokuryr.cz\/n\/wp-json\/wp\/v2\/users\/2"}],"replies":[{"embeddable":true,"href":"https:\/\/www.infokuryr.cz\/n\/wp-json\/wp\/v2\/comments?post=4061"}],"version-history":[{"count":0,"href":"https:\/\/www.infokuryr.cz\/n\/wp-json\/wp\/v2\/posts\/4061\/revisions"}],"wp:featuredmedia":[{"embeddable":true,"href":"https:\/\/www.infokuryr.cz\/n\/wp-json\/wp\/v2\/media\/3721"}],"wp:attachment":[{"href":"https:\/\/www.infokuryr.cz\/n\/wp-json\/wp\/v2\/media?parent=4061"}],"wp:term":[{"taxonomy":"category","embeddable":true,"href":"https:\/\/www.infokuryr.cz\/n\/wp-json\/wp\/v2\/categories?post=4061"},{"taxonomy":"post_tag","embeddable":true,"href":"https:\/\/www.infokuryr.cz\/n\/wp-json\/wp\/v2\/tags?post=4061"}],"curies":[{"name":"wp","href":"https:\/\/api.w.org\/{rel}","templated":true}]}}