{"id":40597,"date":"2023-11-20T07:01:34","date_gmt":"2023-11-20T06:01:34","guid":{"rendered":"https:\/\/www.infokuryr.cz\/n\/?p=40597"},"modified":"2023-11-20T07:01:34","modified_gmt":"2023-11-20T06:01:34","slug":"michael-svatos-plan-obersta-nato-rodericha-kiesewettera-pochytat-v-nemecku-silne-ukrajince-zformovat-z-nich-7-divizi-a-poslat-je-na-putina","status":"publish","type":"post","link":"https:\/\/www.infokuryr.cz\/n\/2023\/11\/20\/michael-svatos-plan-obersta-nato-rodericha-kiesewettera-pochytat-v-nemecku-silne-ukrajince-zformovat-z-nich-7-divizi-a-poslat-je-na-putina\/","title":{"rendered":"Michael Svato\u0161: Pl\u00e1n Obersta NATO Rodericha Kiesewettera \u2013 pochytat v N\u011bmecku siln\u00e9 Ukrajince, zformovat z nich 7 diviz\u00ed, a poslat je na Putina!"},"content":{"rendered":"<div id=\"fb-root\"><\/div>\n<p>N\u011bmeck\u00fd poslanec\u00a0<a href=\"https:\/\/de.wikipedia.org\/wiki\/Roderich_Kiesewetter\">Roderich Kiesewetter<\/a>, (CDU), kter\u00fd po oslniv\u00e9 kari\u00e9\u0159e ve vysok\u00fdch \u0161t\u00e1bn\u00edch funkc\u00edch na belgick\u00e9m hlavn\u00edm velitelstv\u00ed NATO pov\u011bsil uniformu plukovn\u00edka Bundeswehru na v\u011b\u0161\u00e1k, a pustil se do politiky, p\u0159es v\u00edkend vymyslel, jak porazit Putina!\u00a0<a href=\"https:\/\/wpolityce.pl\/swiat\/671379-relacja-635-dzien-wojny-na-ukrainie\">Oberst Kiesewetter vyhl\u00e1sil<\/a>,<em>\u00a0\u017ee nech\u00e1pe, pro\u010d se fyzicky zdatn\u00ed Ukrajinci schov\u00e1vaj\u00ed v N\u011bmecku a vyh\u00fdbaj\u00ed slu\u017eb\u011b na front\u011b. Mnoz\u00ed Ukrajinci,<\/em>\u00a0\u0159ekl Oberst Kiesewetter,\u00a0<em>kter\u00e9 v N\u011bmecku vid\u00edme, na mn\u011b p\u016fsob\u00ed dojmem, \u017ee jsou siln\u00ed, a dalo by se z nich snadno zformovat 8 a\u017e 10 diviz\u00ed, kter\u00e9 Kyjevu nyn\u00ed zoufale chyb\u00ed!\u00a0\u00a0<\/em><\/p>\n<p><img decoding=\"async\" loading=\"lazy\" class=\"size-full wp-image-6882 alignleft\" src=\"https:\/\/www.michalapetr.com\/wp-content\/uploads\/2023\/11\/hq720.jpg\" sizes=\"(max-width: 686px) 100vw, 686px\" srcset=\"https:\/\/www.michalapetr.com\/wp-content\/uploads\/2023\/11\/hq720.jpg 686w, https:\/\/www.michalapetr.com\/wp-content\/uploads\/2023\/11\/hq720-300x169.jpg 300w, https:\/\/www.michalapetr.com\/wp-content\/uploads\/2023\/11\/hq720-450x253.jpg 450w\" alt=\"\" width=\"686\" height=\"386\" \/><\/p>\n<p>Podle \u00fadaj\u016f Eurostatu se na \u00fazem\u00ed EU nyn\u00ed ofici\u00e1ln\u011b skr\u00fdv\u00e1 p\u0159ed vojenskou slu\u017ebou v jednotk\u00e1ch kyjevsk\u00e9 soldatesky 650 tis\u00edc ukrajinsk\u00fdch mu\u017e\u016f ve v\u011bku 18-64 let.<a href=\"https:\/\/wpolityce.pl\/swiat\/671379-relacja-635-dzien-wojny-na-ukrainie\">\u00a0Podle \u00fadaj\u016f Die Welt v N\u011bmecku na ka\u017ed\u00e9 2 ofici\u00e1ln\u00ed skryt\u00e9 Ukrajince p\u0159ipad\u00e1 dal\u0161\u00ed 1 neofici\u00e1ln\u011b skryt\u00fd.<\/a>\u00a0Celkem 1 milion Ukrajinc\u016f se tak podle t\u011bchto \u00fadaj\u016f skr\u00fdv\u00e1 p\u0159ed svou vlastn\u00ed vl\u00e1dou na \u00fazem\u00ed EU.\u00a0<a href=\"https:\/\/www.ukrinform.ua\/rubric-society\/3788164-majze-20-tisac-colovikiv-viihali-z-ukraini-vid-pocatku-vijni-sob-uniknuti-prizovu-vvs.html\">Jen letos tajn\u00e1 slu\u017eba SBU<\/a>\u00a0zadr\u017eela p\u0159i pokusu o ileg\u00e1ln\u00ed p\u0159ekro\u010den\u00ed hranice z Ukrajiny do EU 21 113 mu\u017e\u016f, a dal\u0161\u00edch 19 740 dezert\u00e9r\u016f bylo sice odhaleno a identifikov\u00e1no, ale \u00fat\u011bk se jim zda\u0159il.<\/p>\n<p>Na Ukrajin\u011b se podle v\u0161eho schov\u00e1vaj\u00ed p\u0159ed odvodem do arm\u00e1dy miliony mu\u017e\u016f.\u00a0<a href=\"https:\/\/www.bbc.com\/ukrainian\/articles\/c25g0v4w8xvo\">Podle BBC, jen v Od\u011bse existuje organizovan\u00e1 skupina 30 tis\u00edc dobrovoln\u00edk\u016f<\/a>, kte\u0159\u00ed pom\u00e1haj\u00ed Ukrajinc\u016fm se skr\u00fdvat p\u0159ed mobilizac\u00ed. \u0158ada ukrajinsk\u00fdch majitel\u016f tov\u00e1ren potvrdila britsk\u00e9mu tisku, \u017ee Ukrajinci p\u0159estali chodit do pr\u00e1ce, a rad\u011bji se skr\u00fdvaj\u00ed, aby si pro n\u011b do zam\u011bstn\u00e1n\u00ed nep\u0159i\u0161la Zelensk\u00e9ho rekruta\u010dn\u00ed komanda.<\/p>\n<p><a href=\"https:\/\/wpolityce.pl\/swiat\/671379-relacja-635-dzien-wojny-na-ukrainie\">Podle ministra obrany Ukrajiny Rustema Umarova je<\/a>\u00a0sou\u010dasn\u00e1 s\u00edla kyjevsk\u00e9 arm\u00e1dy 800 tis\u00edc mu\u017e\u016f.\u00a0<a href=\"https:\/\/site.ua\/alexander.kovalenko\/gruppirovka-rov-v-ukraine-prevysila-400-tysyac-kakie-ugrozy-ona-nesyot-i-kakie-u-neyo-vozmoznosti-i0kzlpl\">Podle ukrajinsk\u00fdch m\u00e9di\u00ed je sou\u010dasn\u00e1 s\u00edla vojsk Gosudara na Ukrajin\u011b jen 400 tis\u00edc mu\u017e\u016f<\/a>!<\/p>\n<p>Ukrajinsk\u00e9 nejvy\u0161\u0161\u00ed velen\u00ed nen\u00ed od leto\u0161n\u00edho l\u00e9ta schopno mobilizovat dal\u0161\u00ed voj\u00e1ky, ani aby nahrazovalo ztr\u00e1ty, nato\u017e aby vytv\u00e1\u0159elo nov\u00e9 jednotky.\u00a0 Podle odhad\u016f CIA, u\u017e Ukrajina zmobilizovala 1.5 milionu mu\u017e\u016f, z nich\u017e ka\u017ed\u00e9ho druh\u00e9ho u\u017e Rusov\u00e9 zne\u0161kodnili.<\/p>\n<p>Podle Ukrajinsk\u00fdch m\u00e9di\u00ed Godudar od ledna do listopadu leto\u0161n\u00edho roku nejen nahradil v\u0161echny utrp\u011bn\u00e9 ztr\u00e1ty,<a href=\"https:\/\/site.ua\/alexander.kovalenko\/gruppirovka-rov-v-ukraine-prevysila-400-tysyac-kakie-ugrozy-ona-nesyot-i-kakie-u-neyo-vozmoznosti-i0kzlpl\">\u00a0ale i pos\u00edlil sv\u00e1 vojska na Ukrajin\u011b o dal\u0161\u00edch 100 tis\u00edc mu\u017e\u016f<\/a>. Rusk\u00e1 arm\u00e1da bojuj\u00edc\u00ed na Ukrajin\u011b, tak za jedin\u00fd rok zes\u00edlila ze 300 na 400 tis\u00edc, a Gosudar ka\u017ed\u00fd m\u011bs\u00edc pos\u00edl\u00e1 na frontu dal\u0161\u00ed a dal\u0161\u00ed nov\u00e9 jednotky!<\/p>\n<p><a href=\"https:\/\/stranapro.cz\/\"><img decoding=\"async\" loading=\"lazy\" class=\" wp-image-40285 aligncenter\" src=\"http:\/\/www.infokuryr.cz\/n\/wp-content\/uploads\/2023\/11\/11pro-300x79.png\" alt=\"\" width=\"494\" height=\"130\" srcset=\"https:\/\/www.infokuryr.cz\/n\/wp-content\/uploads\/2023\/11\/11pro-300x79.png 300w, https:\/\/www.infokuryr.cz\/n\/wp-content\/uploads\/2023\/11\/11pro.png 363w\" sizes=\"(max-width: 494px) 100vw, 494px\" \/><\/a><\/p>\n<p><strong>Hlavn\u00ed probl\u00e9m Ukrajiny je prost\u00fd. Z 10 milionu Ukrajinc\u016f, kte\u0159\u00ed neutekli, jich u\u017e 2 miliony pro\u0161lo mobilizac\u00ed! Zb\u00fdvaj\u00edc\u00ed jsou:<\/strong><\/p>\n<ul>\n<li>bohat\u00ed, vlivn\u00ed a mocn\u00ed, kte\u0159\u00ed se mobilizaci um\u011bj\u00ed v\u017edy chyt\u0159e vyhnout, a na v\u00e1lce zbohatnout,<\/li>\n<li>r\u016fzn\u00ed specialist\u00e9 a kl\u00ed\u010dov\u00ed zam\u011bstnanci, kte\u0159\u00ed se nikdy nemobilizuj\u00ed, proto\u017ee bez nich by nefungoval ani st\u00e1tn\u00ed apar\u00e1t, ani v\u00e1le\u010dn\u00e1 ekonomika,<\/li>\n<li>a ti ostatn\u00ed! A ti se u\u017e necht\u011bj\u00ed nechat zmobilizovat, aby polo\u017eili \u017eivot za Zelensk\u00e9ho a jeho rodinu!!<\/li>\n<\/ul>\n<p>Je tak konec, proto\u017ee nov\u00e9 divize zformovan\u00e9 z n\u011bjak pochytan\u00fdch Ukrajinc\u016f podle pl\u00e1n\u016f \u0161\u00edlen\u00e9ho n\u011bmeck\u00e9ho\u00a0<a href=\"https:\/\/de.wikipedia.org\/wiki\/Roderich_Kiesewetter\">Obersta Rodericha Kiesewettera<\/a>\u00a0jsou jen odsouzeny k tomu, aby znova opakovaly osudy \u010desk\u00fdch pluk\u016f na rusk\u00e9 front\u011b, kter\u00e9 cel\u00e9 odpochodovaly do rusk\u00e9ho zajet\u00ed i s vyhr\u00e1vaj\u00edc\u00ed kapelou, a provol\u00e1vaje\u00a0<em>Sl\u00e1va Rusku<\/em>!,\u00a0<a href=\"https:\/\/is.muni.cz\/th\/urw0c\/Prvni_svetova_valka_ve_vzpominkach_Josefa_Zrusta.pdf\">jako t\u0159eba 36. p\u011b\u0161\u00ed pluk z Mlad\u00e9 Boleslavi<\/a>!<\/p>\n<p>Plukovn\u00edci, gener\u00e1lov\u00e9 a politici NATO by m\u011bli povinn\u011b p\u0159ed n\u00e1stupem do funkce studovat Osudy dobr\u00e9ho voj\u00e1ka \u0160vejka, jinak hroz\u00ed, \u017ee n\u00e1s na\u017eenou do n\u011bjak\u00e9 nesmysln\u00e9 v\u00e1lky, jak se o to pokou\u0161\u00ed Oberst Kieseweter, kter\u00fd u\u017e tak\u00e9 po\u017eadoval, aby na Ukrajinu byli vysl\u00e1ni i n\u011bme\u010dt\u00ed voj\u00e1ci!<\/p>\n<p><a href=\"https:\/\/www.michalapetr.com\/map-1837-plan-obersta-nato-rodericha-kiesewettera-pochytat-v-nemecku-silne-ukrajince-zformovat-z-nich-7-divizi-a-poslat-je-na-putina\/\">Michael Svato\u0161<\/a><\/p>\n<p><img decoding=\"async\" loading=\"lazy\" class=\"alignnone size-full wp-image-27204\" src=\"http:\/\/www.infokuryr.cz\/n\/wp-content\/uploads\/2023\/05\/Michael_Svatos.png\" alt=\"\" width=\"180\" height=\"180\" srcset=\"https:\/\/www.infokuryr.cz\/n\/wp-content\/uploads\/2023\/05\/Michael_Svatos.png 180w, https:\/\/www.infokuryr.cz\/n\/wp-content\/uploads\/2023\/05\/Michael_Svatos-150x150.png 150w\" sizes=\"(max-width: 180px) 100vw, 180px\" \/><\/p>\n<p>&nbsp;<\/p>\n<p>&nbsp;<\/p>\n<p>&nbsp;<\/p>\n","protected":false},"excerpt":{"rendered":"<p>N\u011bmeck\u00fd poslanec\u00a0Roderich Kiesewetter, (CDU), kter\u00fd po oslniv\u00e9 kari\u00e9\u0159e ve vysok\u00fdch \u0161t\u00e1bn\u00edch funkc\u00edch na belgick\u00e9m hlavn\u00edm&#8230;<\/p>\n","protected":false},"author":2,"featured_media":35884,"comment_status":"closed","ping_status":"closed","sticky":false,"template":"","format":"standard","meta":[],"categories":[6],"tags":[1042,84,1505,428,1635,321],"_links":{"self":[{"href":"https:\/\/www.infokuryr.cz\/n\/wp-json\/wp\/v2\/posts\/40597"}],"collection":[{"href":"https:\/\/www.infokuryr.cz\/n\/wp-json\/wp\/v2\/posts"}],"about":[{"href":"https:\/\/www.infokuryr.cz\/n\/wp-json\/wp\/v2\/types\/post"}],"author":[{"embeddable":true,"href":"https:\/\/www.infokuryr.cz\/n\/wp-json\/wp\/v2\/users\/2"}],"replies":[{"embeddable":true,"href":"https:\/\/www.infokuryr.cz\/n\/wp-json\/wp\/v2\/comments?post=40597"}],"version-history":[{"count":0,"href":"https:\/\/www.infokuryr.cz\/n\/wp-json\/wp\/v2\/posts\/40597\/revisions"}],"wp:featuredmedia":[{"embeddable":true,"href":"https:\/\/www.infokuryr.cz\/n\/wp-json\/wp\/v2\/media\/35884"}],"wp:attachment":[{"href":"https:\/\/www.infokuryr.cz\/n\/wp-json\/wp\/v2\/media?parent=40597"}],"wp:term":[{"taxonomy":"category","embeddable":true,"href":"https:\/\/www.infokuryr.cz\/n\/wp-json\/wp\/v2\/categories?post=40597"},{"taxonomy":"post_tag","embeddable":true,"href":"https:\/\/www.infokuryr.cz\/n\/wp-json\/wp\/v2\/tags?post=40597"}],"curies":[{"name":"wp","href":"https:\/\/api.w.org\/{rel}","templated":true}]}}