{"id":4059,"date":"2021-08-14T04:32:37","date_gmt":"2021-08-14T02:32:37","guid":{"rendered":"http:\/\/www.infokuryr.cz\/n\/?p=4059"},"modified":"2021-08-14T04:32:37","modified_gmt":"2021-08-14T02:32:37","slug":"americka-cdc-uverejnila-dokument-s-planem-spusteni-koncentracnich-taboru-v-usa","status":"publish","type":"post","link":"https:\/\/www.infokuryr.cz\/n\/2021\/08\/14\/americka-cdc-uverejnila-dokument-s-planem-spusteni-koncentracnich-taboru-v-usa\/","title":{"rendered":"Americk\u00e1 CDC uve\u0159ejnila dokument s pl\u00e1nem spu\u0161t\u011bn\u00ed koncentra\u010dn\u00edch t\u00e1bor\u016f v USA&#8230;"},"content":{"rendered":"<div id=\"fb-root\"><\/div>\n<h4>Americk\u00e1 CDC uve\u0159ejnila dokument s pl\u00e1nem spu\u0161t\u011bn\u00ed koncentra\u010dn\u00edch t\u00e1bor\u016f v USA na rozd\u011blov\u00e1n\u00ed rodin, internaci a izolaci ohro\u017een\u00fdch a jinak definovan\u00fdch skupin obyvatelstva! \u00da\u0159ady budou moci z\u0159izovat \u201cdo\u010dasn\u00e9\u201d interna\u010dn\u00ed kempy v budov\u00e1ch ve\u0159ejn\u00e9 infrastruktury, ale i v soukrom\u00fdch domech a reziden\u010dn\u00edch \u010dtvrt\u00edch! St\u00e1ty budou moci budovat i nov\u00e9 specializovan\u00e9 koncentra\u010dn\u00ed kempy, kde budou izolov\u00e1ny \u201codst\u00edn\u011bn\u00e9 osoby\u201d v\u0161eho druhu, ment\u00e1ln\u011b posti\u017een\u00ed, lid\u00e9 s cukrovkou, d\u016fchodci nad 60 let! Amerika opr\u00e1\u0161ila nacistick\u00e9 koncentr\u00e1ky ze 30. let minul\u00e9ho stolet\u00ed a bude do nich zav\u00edrat ka\u017ed\u00e9ho, kdo bude nepohodln\u00fd re\u017eimu!<\/h4>\n<p>Americkou alternativou doslova ot\u0159\u00e1s\u00e1 v posledn\u00edch hodin\u00e1ch dokument, kter\u00fd objevili novin\u00e1\u0159i na ofici\u00e1ln\u00edm webu americk\u00e9ho Centra pro kontrolu naka\u017eliv\u00fdch nemoc\u00ed (CDC).\u00a0<strong>Dokument [<a href=\"https:\/\/href.li\/?https:\/\/www.cdc.gov\/coronavirus\/2019-ncov\/global-covid-19\/shielding-approach-humanitarian.html#:~:text=%20Operational%20Considerations%20%201%20The%20shielding%20approach,children%20and%20separate%20genders%20at%20the...%20More%20\" target=\"_blank\" rel=\"nofollow noopener\">1<\/a>] se jmenuje \u201c<em>Interim Operational Considerations for Implementing the Shielding Approach to Prevent COVID-19 Infections in Humanitarian Settings<\/em>\u201c, \u010dili v p\u0159ekladu\u00a0<em>Prozat\u00edmn\u00ed opera\u010dn\u00ed \u00favahy o zav\u00e1d\u011bn\u00ed p\u0159\u00edstupu st\u00edn\u011bn\u00ed k prevenci infekc\u00ed COVID-19 v humanit\u00e1rn\u00edch za\u0159\u00edzen\u00edch.<\/em><\/strong>\u00a0Toto podivn\u00e9 a maskuj\u00edc\u00ed ozna\u010den\u00ed je ve skute\u010dnosti n\u00e1zvem pro program zav\u00e1d\u011bn\u00ed koncentra\u010dn\u00edch t\u00e1bor\u016f pro odm\u00edta\u010de o\u010dkov\u00e1n\u00ed na \u00fazem\u00ed USA, pod rou\u0161kou izolace potenci\u00e1ln\u011b a teoreticky naka\u017eliv\u00fdch a t\u00edm p\u00e1dem \u201czraniteln\u00fdch\u201d osob, kter\u00e9 nemohou, anebo necht\u011bj\u00ed se d\u00e1t o\u010dkovat.<\/p>\n<figure id=\"attachment_47927\" class=\"wp-caption aligncenter\" style=\"width: 623px;\"><a href=\"https:\/\/aeronet.cz\/news\/wp-content\/uploads\/CDC_Logo_Panel.jpg\"><img decoding=\"async\" loading=\"lazy\" class=\"wp-image-47927 \" src=\"https:\/\/aeronet.cz\/news\/wp-content\/uploads\/CDC_Logo_Panel.jpg\" sizes=\"(max-width: 1280px) 100vw, 1280px\" srcset=\"https:\/\/aeronet.cz\/news\/wp-content\/uploads\/CDC_Logo_Panel.jpg 1280w, https:\/\/aeronet.cz\/news\/wp-content\/uploads\/CDC_Logo_Panel-300x206.jpg 300w, https:\/\/aeronet.cz\/news\/wp-content\/uploads\/CDC_Logo_Panel-768x529.jpg 768w, https:\/\/aeronet.cz\/news\/wp-content\/uploads\/CDC_Logo_Panel-1024x705.jpg 1024w, https:\/\/aeronet.cz\/news\/wp-content\/uploads\/CDC_Logo_Panel-700x482.jpg 700w, https:\/\/aeronet.cz\/news\/wp-content\/uploads\/CDC_Logo_Panel-519x357.jpg 519w, https:\/\/aeronet.cz\/news\/wp-content\/uploads\/CDC_Logo_Panel-702x483.jpg 702w\" alt=\"\" width=\"623\" height=\"429\" \/><\/a><figcaption class=\"wp-caption-text\">Organizace CDC bude krom\u011b zdrav\u00ed dohl\u00ed\u017eet i na odst\u00edn\u011bn\u00ed nepohodln\u00fdch skupin obyvatelstva<\/figcaption><\/figure>\n<p>Alex Jones m\u011bl v\u010dera k tomuto skand\u00e1lu speci\u00e1ln\u00ed po\u0159ad a je to nejd\u016fle\u017eit\u011bj\u0161\u00ed dokument prokazuj\u00edc\u00ed zav\u00e1d\u011bn\u00ed nacismu na \u00fazem\u00ed USA,\u00a0<strong>p\u0159esn\u011b podle vzoru III. \u0158\u00ed\u0161e ve 30. letech minul\u00e9ho stolet\u00ed<\/strong>. Nov\u011b se v\u0161ak u\u017e nepou\u017e\u00edv\u00e1 slovo \u201ckoncentra\u010dn\u00ed t\u00e1bor\u201d a ani podobn\u00e1 ozna\u010den\u00ed, proto\u017ee nov\u011b se to naz\u00fdv\u00e1 \u201c<em><strong>odst\u00edn\u011bn\u00edm obyvatelstva<\/strong><\/em>\u201d ve smyslu odst\u00ednit v\u011bt\u0161inovou populaci od expozice a kontaktu s odm\u00edta\u010di vakc\u00edn a se v\u0161emi ostatn\u00edmi, kte\u0159\u00ed odm\u00edtnou jehlu. Americk\u00fd dokument p\u0159itom \u010derp\u00e1 inspiraci z Velk\u00e9 Brit\u00e1nie z\u00a0London School of Hygiene and Tropical Medicine, konkr\u00e9tn\u011b z dokumentu\u00a0<strong><a href=\"https:\/\/href.li\/?https:\/\/www.lshtm.ac.uk\/sites\/default\/files\/2020-04\/Guidance%20for%20the%20prevention%20of%20COVID-19%20infections%20among%20high-risk%20individuals%20in%20camps%20and%20camp-like%20settings.pdf\" target=\"_blank\" rel=\"nofollow noopener\">zde<\/a><\/strong>.<\/p>\n<h6><span style=\"font-size: 14pt;\">Koncentra\u010dn\u00ed t\u00e1bory na odst\u00edn\u011bn\u00ed nepohodln\u00fdch skupin obyvatelstva<\/span><\/h6>\n<p><strong>Nacist\u00e9 v USA v\u0161ak nejsou eses\u00e1ky v \u010dern\u00fdch uniform\u00e1ch. Jsou to globalist\u00e9, kter\u00fdm ov\u0161em imponuj\u00ed a vyhovuj\u00ed metody nacist\u016f ze 30. let<\/strong>, p\u0159i\u010dem\u017e koncentra\u010dn\u00ed t\u00e1bory na izolov\u00e1n\u00ed nemocn\u00fdch, deviantn\u00edch, zaostal\u00fdch, posti\u017een\u00fdch a\u2026 politicky ne\u017e\u00e1douc\u00edch osob byly n\u00e1strojem \u00fachopu moci nacist\u016f v N\u011bmecku ve 30. letech. Abyste rozum\u011bli, koncentra\u010dn\u00ed t\u00e1bory v N\u011bmecku p\u016fvodn\u011b nevznikly kv\u016fli \u017did\u016fm, to je brut\u00e1ln\u00ed omyl. Vznikly na z\u00e1klad\u011b sal\u00e1mov\u00e9 metody, \u017ee do nich byli nejprve umis\u0165ov\u00e1ni delikventi s drobn\u00fdmi trestn\u00fdmi \u010diny.<\/p>\n<figure id=\"attachment_47928\" class=\"wp-caption aligncenter\" style=\"width: 851px;\"><a href=\"https:\/\/aeronet.cz\/news\/wp-content\/uploads\/Camps_Levels.jpg\"><img decoding=\"async\" loading=\"lazy\" class=\"wp-image-47928 \" src=\"https:\/\/aeronet.cz\/news\/wp-content\/uploads\/Camps_Levels.jpg\" sizes=\"(max-width: 1019px) 100vw, 1019px\" srcset=\"https:\/\/aeronet.cz\/news\/wp-content\/uploads\/Camps_Levels.jpg 1019w, https:\/\/aeronet.cz\/news\/wp-content\/uploads\/Camps_Levels-300x160.jpg 300w, https:\/\/aeronet.cz\/news\/wp-content\/uploads\/Camps_Levels-768x411.jpg 768w, https:\/\/aeronet.cz\/news\/wp-content\/uploads\/Camps_Levels-700x374.jpg 700w, https:\/\/aeronet.cz\/news\/wp-content\/uploads\/Camps_Levels-667x357.jpg 667w, https:\/\/aeronet.cz\/news\/wp-content\/uploads\/Camps_Levels-903x483.jpg 903w\" alt=\"\" width=\"851\" height=\"455\" \/><\/a><figcaption class=\"wp-caption-text\">Celkem 3 typy odst\u00edn\u011bn\u00ed lid\u00ed<\/figcaption><\/figure>\n<p><strong>Pozd\u011bji k nim p\u0159ibyli lid\u00e9 s posti\u017een\u00edmi na t\u011ble a na duchu, lid\u00e9 s Downov\u00fdm syndromem, ment\u00e1ln\u011b posti\u017een\u00e9 osoby a teprve po vypuknut\u00ed II. sv. v\u00e1lky se staly koncentra\u010dn\u00ed t\u00e1bory hlavn\u00edmi shroma\u017edi\u0161ti \u017did\u016f.<\/strong>\u00a0A doslova v\u00e1s p\u0159elije studen\u00fd pot, kdy\u017e najednou v roce 2021 \u010dtete dokument, kter\u00fd toto pod rou\u0161kou p\u00e9\u010de o lidi p\u0159ed virem zam\u00fd\u0161l\u00ed zav\u00e9st v USA. Dokument poch\u00e1z\u00ed z \u010dervence 2020, ale teprve p\u0159ed n\u011bkolika dny byl aktualizov\u00e1n a zviditeln\u011bn na webu CDC. P\u0159in\u00e1\u0161\u00edme pln\u00fd \u010desk\u00fd p\u0159eklad a dob\u0159e se dr\u017ete, proto\u017ee tohle je vzor, kter\u00fd u\u017e je dnes realizov\u00e1n ve Velk\u00e9 Brit\u00e1nii a v Austr\u00e1lii.<\/p>\n<h4><span style=\"font-size: 14pt;\">Prozat\u00edmn\u00ed opera\u010dn\u00ed \u00favahy o zav\u00e1d\u011bn\u00ed p\u0159\u00edstupu st\u00edn\u011bn\u00ed k prevenci infekc\u00ed COVID-19 v humanit\u00e1rn\u00edch za\u0159\u00edzen\u00edch<\/span><\/h4>\n<p>Tento dokument p\u0159edkl\u00e1d\u00e1 \u00favahy z pohledu americk\u00e9ho Centra pro kontrolu a prevenci nemoc\u00ed (CDC) o uplat\u0148ov\u00e1n\u00ed p\u0159\u00edstupu st\u00edn\u011bn\u00ed v humanit\u00e1rn\u00edm prost\u0159ed\u00ed, jak je uvedeno v pokynech zam\u011b\u0159en\u00fdch na t\u00e1bory, vys\u00eddlen\u00e9 obyvatelstvo a prost\u0159ed\u00ed s n\u00edzk\u00fdmi zdroji.\u00a0<strong>Tento p\u0159\u00edstup nebyl nikdy zdokumentov\u00e1n a vyvolal ot\u00e1zky a obavy mezi humanit\u00e1rn\u00edmi partnery, kte\u0159\u00ed podporuj\u00ed \u010dinnosti reakce v t\u011bchto prost\u0159ed\u00edch.<\/strong>\u00a0\u00da\u010delem tohoto dokumentu je upozornit na potenci\u00e1ln\u00ed probl\u00e9my p\u0159i zav\u00e1d\u011bn\u00ed p\u0159\u00edstupu st\u00edn\u011bn\u00ed z pohledu CDC a nasm\u011brovat \u00favahy o zav\u00e1d\u011bn\u00ed p\u0159i nedostatku empirick\u00fdch \u00fadaj\u016f. \u00davahy vych\u00e1zej\u00ed ze sou\u010dasn\u00fdch zn\u00e1m\u00fdch d\u016fkaz\u016f o p\u0159enosu a z\u00e1va\u017enosti koronavirov\u00e9ho onemocn\u011bn\u00ed 2019 (COVID-19) a m\u016f\u017ee b\u00fdt nutn\u00e9 je revidovat, jakmile bude k dispozici v\u00edce informac\u00ed. Pravideln\u011b kontrolujte aktualizace na webov\u00fdch str\u00e1nk\u00e1ch CDC.<\/p>\n<h5><span style=\"font-size: 14pt;\">Co je to p\u0159\u00edstup (od)st\u00edn\u011bn\u00ed?<\/span><\/h5>\n<p>C\u00edlem st\u00edn\u00edc\u00edho p\u0159\u00edstupu je sn\u00ed\u017eit po\u010det p\u0159\u00edpad\u016f z\u00e1va\u017en\u00e9ho onemocn\u011bn\u00ed virem COVID-19 omezen\u00edm kontaktu mezi osobami s vy\u0161\u0161\u00edm rizikem vzniku z\u00e1va\u017en\u00e9ho onemocn\u011bn\u00ed (\u201cvysok\u00e9 riziko\u201d) a b\u011b\u017enou populac\u00ed (\u201cn\u00edzk\u00e9 riziko\u201d).\u00a0<strong>Vysoce rizikov\u00ed jedinci by byli do\u010dasn\u011b p\u0159em\u00edst\u011bni do bezpe\u010dn\u00fdch nebo \u201czelen\u00fdch z\u00f3n\u201d z\u0159\u00edzen\u00fdch na \u00farovni dom\u00e1cnost\u00ed, sousedstv\u00ed, t\u00e1bora\/sektoru nebo komunity v z\u00e1vislosti na kontextu a prost\u0159ed\u00ed.<\/strong>\u00a0M\u011bli by minim\u00e1ln\u00ed kontakt s rodinn\u00fdmi p\u0159\u00edslu\u0161n\u00edky a ostatn\u00edmi obyvateli s n\u00edzk\u00fdm rizikem.<\/p>\n<p><strong>Sou\u010dasn\u00e9 poznatky nazna\u010duj\u00ed, \u017ee star\u0161\u00ed dosp\u011bl\u00ed a lid\u00e9 jak\u00e9hokoli v\u011bku, kte\u0159\u00ed maj\u00ed z\u00e1va\u017en\u00e9 z\u00e1kladn\u00ed zdravotn\u00ed pot\u00ed\u017ee, jsou vystaveni vy\u0161\u0161\u00edmu riziku z\u00e1va\u017en\u00e9ho onemocn\u011bn\u00ed zp\u016fsoben\u00e9ho COVID-19<\/strong>. Ve v\u011bt\u0161in\u011b humanit\u00e1rn\u00edch za\u0159\u00edzen\u00ed tvo\u0159\u00ed star\u0161\u00ed skupiny obyvatelstva mal\u00e9 procento z celkov\u00e9 populace. Z tohoto d\u016fvodu se v r\u00e1mci p\u0159\u00edstupu \u201cst\u00edn\u011bn\u00ed\u201d navrhuje\u00a0<strong>fyzicky odd\u011blit vysoce rizikov\u00e9 osoby od b\u011b\u017en\u00e9 populace,<\/strong>\u00a0aby se up\u0159ednostnilo vyu\u017eit\u00ed omezen\u00fdch dostupn\u00fdch zdroj\u016f a zabr\u00e1nilo se zav\u00e1d\u011bn\u00ed dlouhodob\u00fdch opat\u0159en\u00ed k omezen\u00ed \u0161\u00ed\u0159en\u00ed n\u00e1kazy mezi b\u011b\u017enou populac\u00ed.<\/p>\n<p><a href=\"https:\/\/aeronet.cz\/news\/wp-content\/uploads\/ShieldingCamps.jpg\"><img decoding=\"async\" loading=\"lazy\" class=\"alignnone  wp-image-47930\" src=\"https:\/\/aeronet.cz\/news\/wp-content\/uploads\/ShieldingCamps.jpg\" sizes=\"(max-width: 1061px) 100vw, 1061px\" srcset=\"https:\/\/aeronet.cz\/news\/wp-content\/uploads\/ShieldingCamps.jpg 1061w, https:\/\/aeronet.cz\/news\/wp-content\/uploads\/ShieldingCamps-300x184.jpg 300w, https:\/\/aeronet.cz\/news\/wp-content\/uploads\/ShieldingCamps-768x470.jpg 768w, https:\/\/aeronet.cz\/news\/wp-content\/uploads\/ShieldingCamps-1024x627.jpg 1024w, https:\/\/aeronet.cz\/news\/wp-content\/uploads\/ShieldingCamps-700x429.jpg 700w, https:\/\/aeronet.cz\/news\/wp-content\/uploads\/ShieldingCamps-583x357.jpg 583w, https:\/\/aeronet.cz\/news\/wp-content\/uploads\/ShieldingCamps-788x483.jpg 788w\" alt=\"\" width=\"819\" height=\"502\" \/><\/a><\/p>\n<p>Teoreticky m\u016f\u017ee st\u00edn\u011bn\u00ed splnit sv\u016fj c\u00edl, kter\u00fdm je ochrana vysoce rizikov\u00e9 populace p\u0159ed onemocn\u011bn\u00edm a \u00famrt\u00edm. Zaveden\u00ed tohoto p\u0159\u00edstupu v\u0161ak vy\u017eaduje p\u0159\u00edsn\u00e9 dodr\u017eov\u00e1n\u00ed protokolu. Ne\u00famysln\u00e9 zavle\u010den\u00ed viru do zelen\u00e9 z\u00f3ny m\u016f\u017ee m\u00edt za n\u00e1sledek rychl\u00fd p\u0159enos mezi nejzraniteln\u011bj\u0161\u00edmi skupinami obyvatel, kter\u00e9 se p\u0159\u00edstup sna\u017e\u00ed chr\u00e1nit.<\/p>\n<p>Shrnut\u00ed p\u0159\u00edstupu\u00a0<em><strong>st\u00edn\u011bn\u00ed<\/strong><\/em>\u00a0popsan\u00e9ho Favasem je uvedeno v tabulce n\u00ed\u017ee v textu. \u00dapln\u00e9 informace naleznete v Pokynech pro prevenci infekc\u00ed COVID-19 mezi vysoce rizikov\u00fdmi osobami v prost\u0159ed\u00ed s n\u00edzk\u00fdmi zdroji, v prost\u0159ed\u00ed vys\u00eddlen\u00fdch osob a v t\u00e1borech a t\u00e1bor\u016fm podobn\u00fdch za\u0159\u00edzen\u00edch.<\/p>\n<h6><span style=\"font-size: 14pt;\">\u00darove\u0148 dom\u00e1cnosti (HH):<\/span><\/h6>\n<p>M\u00edstnost\/prostor ur\u010den\u00fd pro vysoce rizikov\u00e9 osoby, kter\u00e9 jsou fyzicky izolov\u00e1ny od ostatn\u00edch \u010dlen\u016f HH.<\/p>\n<p>\u010clenov\u00e9 HH s n\u00edzk\u00fdm rizikem by nem\u011bli vstupovat do zelen\u00e9 z\u00f3ny. Pokud je vstup nezbytn\u00fd, m\u011bli by jej prov\u00e1d\u011bt pouze zdrav\u00ed jedinci po umyt\u00ed rukou a pou\u017eit\u00ed pokr\u00fdvek obli\u010deje. Interakce by m\u011bla prob\u00edhat v bezpe\u010dn\u00e9 vzd\u00e1lenosti (p\u0159ibli\u017en\u011b 2 metry). Minim\u00e1ln\u00ed pohyb vysoce rizikov\u00fdch osob mimo zelenou z\u00f3nu. N\u00edzkorizikov\u00ed \u010dlenov\u00e9 HH nad\u00e1le dodr\u017euj\u00ed soci\u00e1ln\u00ed odstup a hygienick\u00e9 postupy mimo d\u016fm.<\/p>\n<h6><span style=\"font-size: 14pt;\">\u00darove\u0148 sousedstv\u00ed:<\/span><\/h6>\n<p>Vymezen\u00fd \u00fakryt\/skupina \u00fakryt\u016f (max. 5-10 dom\u00e1cnost\u00ed) v r\u00e1mci mal\u00e9ho t\u00e1bora nebo oblasti, kde jsou seskupeni \u010dlenov\u00e9 s vysok\u00fdm rizikem.\u00a0<strong>Soused\u00e9 si \u201cvym\u011b\u0148uj\u00ed\u201d dom\u00e1cnosti, aby se v nich mohli ubytovat vysoce rizikov\u00ed jedinci.<\/strong><\/p>\n<p>Stejn\u00e9 jako v\u00fd\u0161e<\/p>\n<h6><span style=\"font-size: 14pt;\">\u00darove\u0148 t\u00e1bora\/sektoru:<\/span><\/h6>\n<p>V r\u00e1mci t\u00e1bora\/sektoru (max. 50 vysoce rizikov\u00fdch osob v jedn\u00e9 zelen\u00e9 z\u00f3n\u011b) je skupina \u00fakryt\u016f, jako jsou \u0161koly, komunitn\u00ed budovy, kde jsou vysoce rizikov\u00e9 osoby fyzicky izolov\u00e1ny spole\u010dn\u011b.<\/p>\n<p>Jeden vstupn\u00ed bod slou\u017e\u00ed k v\u00fdm\u011bn\u011b potravin, z\u00e1sob atd. Pro setk\u00e1v\u00e1n\u00ed obyvatel a n\u00e1v\u0161t\u011bvn\u00edk\u016f slou\u017e\u00ed jedna z\u00f3na, kde mohou komunikovat, p\u0159i\u010dem\u017e se praktikuje fyzick\u00fd odstup (2 metry). Do zelen\u00e9 z\u00f3ny ani mimo ni nen\u00ed povolen \u017e\u00e1dn\u00fd pohyb.<\/p>\n<h5><span style=\"font-size: 14pt;\">Provozn\u00ed aspekty<\/span><\/h5>\n<p>P\u0159\u00edstup st\u00edn\u011bn\u00ed vy\u017eaduje n\u011bkolik p\u0159edpoklad\u016f pro efektivn\u00ed implementaci. N\u011bkolik z nich je \u0159e\u0161eno, v\u010detn\u011b p\u0159\u00edstupu ke zdravotn\u00ed p\u00e9\u010di a zaji\u0161t\u011bn\u00ed potravin. Existuje v\u0161ak n\u011bkolik p\u0159edpoklad\u016f, kter\u00e9 vy\u017eaduj\u00ed dal\u0161\u00ed \u00favahy. Tabulka 2 uv\u00e1d\u00ed p\u0159edpoklady nebo n\u00e1vrhy, jak jsou uvedeny v dokumentu s pokyny pro st\u00edn\u011bn\u00ed a CDC vedle t\u011bchto p\u0159edpoklad\u016f uv\u00e1d\u00ed dal\u0161\u00ed ot\u00e1zky a \u00favahy.<\/p>\n<p><a href=\"https:\/\/aeronet.cz\/news\/wp-content\/uploads\/Camps_Groups.jpg\"><img decoding=\"async\" loading=\"lazy\" class=\"alignnone size-full wp-image-47929\" src=\"https:\/\/aeronet.cz\/news\/wp-content\/uploads\/Camps_Groups.jpg\" sizes=\"(max-width: 671px) 100vw, 671px\" srcset=\"https:\/\/aeronet.cz\/news\/wp-content\/uploads\/Camps_Groups.jpg 671w, https:\/\/aeronet.cz\/news\/wp-content\/uploads\/Camps_Groups-236x300.jpg 236w, https:\/\/aeronet.cz\/news\/wp-content\/uploads\/Camps_Groups-281x357.jpg 281w, https:\/\/aeronet.cz\/news\/wp-content\/uploads\/Camps_Groups-380x483.jpg 380w\" alt=\"\" width=\"671\" height=\"854\" \/><\/a><\/p>\n<p>Tabulka 2: Navrhovan\u00e9 p\u0159edpoklady podle dokument\u016f o st\u00edn\u011bn\u00ed a provozn\u00ed \u00favahy CDC pro implementaci<\/p>\n<p><strong>Ka\u017ed\u00e1 zelen\u00e1 z\u00f3na m\u00e1 vyhrazenou latr\u00ednu\/koupelnu pro rizikov\u00e9 osoby.<\/strong><\/p>\n<p>P\u0159\u00edstup st\u00edn\u011bn\u00ed nedoporu\u010duje v\u00fdstavbu \u017e\u00e1dn\u00e9ho nov\u00e9ho za\u0159\u00edzen\u00ed pro z\u0159\u00edzen\u00ed zelen\u00fdch z\u00f3n; nicm\u00e9n\u011b jen m\u00e1lokter\u00e9 prost\u0159ed\u00ed bude m\u00edt st\u00e1vaj\u00edc\u00ed p\u0159\u00edst\u0159e\u0161ky nebo spole\u010dn\u00e1 za\u0159\u00edzen\u00ed s vyhrazen\u00fdmi latr\u00ednami\/koupelnami pro vysoce rizikov\u00e9 osoby. V t\u011bchto prost\u0159ed\u00edch se v\u011bt\u0161ina latr\u00edn pou\u017e\u00edvan\u00fdch dom\u00e1cnostmi nach\u00e1z\u00ed mimo domov a \u010dasto je sd\u00edl\u00ed v\u00edce dom\u00e1cnost\u00ed.<\/p>\n<p>Pokud jsou vyhrazen\u00e1 za\u0159\u00edzen\u00ed k dispozici, zajist\u011bte bezpe\u010dnostn\u00ed opat\u0159en\u00ed, jako je \u0159\u00e1dn\u00e9 osv\u011btlen\u00ed, infrastruktura pro myt\u00ed rukou\/hygienu, \u00fadr\u017eba a dezinfekce latr\u00edn. Zajist\u011bte, aby za\u0159\u00edzen\u00ed mohla pojmout rizikov\u00e9 osoby se zdravotn\u00edm posti\u017een\u00edm, d\u011bti a odd\u011blen\u00e9 pohlav\u00ed na \u00farovni sousedstv\u00ed\/t\u00e1bora.<\/p>\n<p><strong>Aby se minimalizoval vn\u011bj\u0161\u00ed kontakt, m\u011bly by b\u00fdt v ka\u017ed\u00e9 zelen\u00e9 z\u00f3n\u011b p\u0159\u00edtomny zdatn\u00e9 osoby s vysok\u00fdm rizikem, kter\u00e9 jsou schopny pe\u010dovat o obyvatele se zdravotn\u00edm posti\u017een\u00edm nebo m\u00e9n\u011b pohybliv\u00e9. V opa\u010dn\u00e9m p\u0159\u00edpad\u011b ur\u010dete pro tyto \u00fakoly osoby s n\u00edzk\u00fdm rizikem, nejl\u00e9pe takov\u00e9, kter\u00e9 se zotavily z potvrzen\u00e9ho onemocn\u011bn\u00ed COVID-19 a u nich\u017e se p\u0159edpokl\u00e1d\u00e1, \u017ee jsou imunn\u00ed.<\/strong><\/p>\n<p>To m\u016f\u017ee b\u00fdt obt\u00ed\u017en\u00e9 udr\u017eet, zejm\u00e9na pokud jsou pe\u010dovatel\u00e9 rovn\u011b\u017e vysoce rizikov\u00ed. Vzhledem k tomu, \u017ee pe\u010duj\u00edc\u00edmi osobami mohou b\u00fdt \u010dasto rodinn\u00ed p\u0159\u00edslu\u0161n\u00edci, zajist\u011bte, aby tato strategie byla spole\u010densky nebo kulturn\u011b p\u0159ijateln\u00e1. V sou\u010dasn\u00e9 dob\u011b nev\u00edme, zda p\u0159edchoz\u00ed infekce prop\u016fj\u010duje imunitu.<\/p>\n<p><strong>Zelen\u00e1 z\u00f3na a obytn\u00e9 prostory pro rizikov\u00e9 obyvatele by m\u011bly b\u00fdt v souladu s minim\u00e1ln\u00edmi humanit\u00e1rn\u00edmi standardy (SPHERE).<\/strong><\/p>\n<p>P\u0159\u00edstup st\u00edn\u011bn\u00ed vy\u017eaduje p\u0159\u00edsn\u00e9 dodr\u017eov\u00e1n\u00ed opat\u0159en\u00ed pro prevenci a kontrolu infekc\u00ed (IPC). Vy\u017eaduj\u00ed nep\u0159etr\u017eitou dostupnost m\u00fddla, vody, hygienick\u00fdch\/\u010distic\u00edch prost\u0159edk\u016f, rou\u0161ek nebo l\u00e1tkov\u00fdch pokr\u00fdvek obli\u010deje atd. pro v\u0161echny osoby v zelen\u00fdch z\u00f3n\u00e1ch. Je tedy nutn\u00e9 zajistit, aby byly dodr\u017eov\u00e1ny a p\u0159\u00edpadn\u011b dopln\u011bny minim\u00e1ln\u00ed normy v oblasti ve\u0159ejn\u00e9ho zdrav\u00ed, aby se sn\u00ed\u017eilo riziko vzniku dal\u0161\u00edch ohnisek mimo COVID-19. Dosa\u017een\u00ed a udr\u017een\u00ed minim\u00e1ln\u00edch standard\u016f SPHERE6 je v t\u011bchto podm\u00ednk\u00e1ch pro b\u011b\u017enou populaci obt\u00ed\u017en\u00e9. U\u017eivatel\u00e9 by m\u011bli vz\u00edt v \u00favahu, \u017ee poskytov\u00e1n\u00ed slu\u017eeb a z\u00e1sobov\u00e1n\u00ed vysoce rizikov\u00fdm osob\u00e1m by mohlo b\u00fdt na \u00fakor obyvatel s n\u00edzk\u00fdm rizikem, co\u017e by je vystavilo zv\u00fd\u0161en\u00e9mu riziku dal\u0161\u00edch ohnisek.<\/p>\n<p><strong>Sledovat a vyhodnocovat prov\u00e1d\u011bn\u00ed st\u00edn\u011bn\u00ed.<\/strong><\/p>\n<p>Pro ka\u017ed\u00fd typ zelen\u00e9 z\u00f3ny bude t\u0159eba vypracovat monitorovac\u00ed protokoly.<br \/>\nPro monitorov\u00e1n\u00ed ka\u017ed\u00e9 zelen\u00e9 z\u00f3ny je t\u0159eba ur\u010dit specializovan\u00e9 pracovn\u00edky. Monitorov\u00e1n\u00ed zahrnuje jak dodr\u017eov\u00e1n\u00ed protokol\u016f, tak p\u0159\u00edpadn\u00e9 nep\u0159\u00edzniv\u00e9 \u00fa\u010dinky nebo v\u00fdsledky v d\u016fsledku izolace a stigmatizace. M\u016f\u017ee b\u00fdt nezbytn\u00e9 p\u0159id\u011blit n\u011bkoho v r\u00e1mci zelen\u00e9 z\u00f3ny, pokud je to mo\u017en\u00e9, aby se minimalizoval pohyb v\/ze zelen\u00e9 z\u00f3ny.<\/p>\n<p><strong>Mu\u017ei a \u017eeny a osoby s tuberkul\u00f3zou (TBC), z\u00e1va\u017en\u00fdmi imunodeficity nebo demenc\u00ed by m\u011bli b\u00fdt izolov\u00e1ni odd\u011blen\u011b.<\/strong><\/p>\n<p>K dosa\u017een\u00ed t\u00e9to \u00farovn\u011b odd\u011blen\u00ed by bylo zapot\u0159eb\u00ed v\u00edce zelen\u00fdch z\u00f3n, p\u0159i\u010dem\u017e ka\u017ed\u00e1 z nich by vy\u017eadovala dal\u0161\u00ed vstupy\/zdroje. Dal\u0161\u00ed \u00favahy zahrnuj\u00ed probl\u00e9my spojen\u00e9 s um\u00edst\u011bn\u00edm r\u016fzn\u00fdch etnik, sociokulturn\u00edch skupin nebo n\u00e1bo\u017eenstv\u00ed v r\u00e1mci jednoho prost\u0159ed\u00ed.<\/p>\n<p><strong>P\u0159ijet\u00ed a zapojen\u00ed komunity do n\u00e1vrhu a realizace<\/strong><\/p>\n<p>I p\u0159i zapojen\u00ed komunity m\u016f\u017ee existovat riziko stigmatizace. Izolace\/odlou\u010den\u00ed od rodinn\u00fdch p\u0159\u00edslu\u0161n\u00edk\u016f, ztr\u00e1ta svobody a osobn\u00edch kontakt\u016f mohou vy\u017eadovat dal\u0161\u00ed struktury\/syst\u00e9my psychosoci\u00e1ln\u00ed podpory. Viz odd\u00edl o dal\u0161\u00edch \u00favah\u00e1ch n\u00ed\u017ee.<\/p>\n<p><strong>Vysoce rizikov\u00e9\u00a0nezletil\u00e9 osoby by m\u011bl do izolace doprov\u00e1zet jeden pe\u010dovatel, kter\u00fd bude rovn\u011b\u017e pova\u017eov\u00e1n za obyvatele zelen\u00e9 z\u00f3ny, pokud jde o pohyb a kontakty s osobami mimo zelenou z\u00f3nu.<\/strong><\/p>\n<p>Ochrann\u00e1 opat\u0159en\u00ed maj\u00ed pro realizaci z\u00e1sadn\u00ed v\u00fdznam. Zajist\u011bte vhodnou, p\u0159im\u011b\u0159enou a p\u0159ijatelnou p\u00e9\u010di o dal\u0161\u00ed nezletil\u00e9 osoby nebo osoby se zdravotn\u00edm posti\u017een\u00edm \u010di du\u0161evn\u00edm onemocn\u011bn\u00edm, kter\u00e9 z\u016fst\u00e1vaj\u00ed v HH, pokud jsou odd\u011bleny od sv\u00e9ho hlavn\u00edho pe\u010dovatele.<\/p>\n<p><strong>\u00dakryty v zelen\u00e9 z\u00f3n\u011b by m\u011bly b\u00fdt v\u017edy udr\u017eov\u00e1ny v \u010distot\u011b. Obyvatel\u00e9 by m\u011bli m\u00edt k dispozici pot\u0159ebn\u00e9 \u010distic\u00ed prost\u0159edky a materi\u00e1ly k \u00faklidu sv\u00fdch obytn\u00fdch prostor.<\/strong><\/p>\n<p>Vysoce ohro\u017een\u00e9 osoby budou zodpov\u011bdn\u00e9 za \u00faklid a \u00fadr\u017ebu sv\u00fdch obytn\u00fdch prostor a za\u0159\u00edzen\u00ed. To nemus\u00ed b\u00fdt provediteln\u00e9 pro osoby se zdravotn\u00edm posti\u017een\u00edm nebo sn\u00ed\u017eenou pohyblivost\u00ed. Udr\u017eov\u00e1n\u00ed hygienick\u00fdch podm\u00ednek ve spole\u010dn\u00fdch za\u0159\u00edzen\u00edch je obt\u00ed\u017en\u00e9 v podm\u00ednk\u00e1ch mimo ohniska n\u00e1kazy. v d\u016fsledku toho m\u016f\u017ee b\u00fdt nutn\u00e9 poskytnout dal\u0161\u00ed podporu lidsk\u00fdch zdroj\u016f.<\/p>\n<p><strong>Zelen\u00e9 z\u00f3ny by m\u011bly b\u00fdt z hlediska plochy p\u0159\u00edst\u0159e\u0161\u00ed na obyvatele prostorn\u011bj\u0161\u00ed ne\u017e okoln\u00ed t\u00e1bor\/sektor, a to i za cenu v\u011bt\u0161\u00edho shlukov\u00e1n\u00ed osob s n\u00edzk\u00fdm rizikem.<\/strong><\/p>\n<p>Zajist\u011bte, aby zam\u011b\u0159en\u00ed na vysoce ohro\u017een\u00e9 osoby neznehodnotilo zm\u00edr\u0148uj\u00edc\u00ed opat\u0159en\u00ed u osob s n\u00edzk\u00fdm rizikem (fyzick\u00e9 vzd\u00e1len\u00ed na trz\u00edch nebo v m\u00edstech z\u00e1sobov\u00e1n\u00ed vodou, pokud je to mo\u017en\u00e9, atd.) Rozd\u00edly v prostoru na z\u00e1klad\u011b rizikov\u00e9ho statusu mohou zv\u00fd\u0161it potenci\u00e1ln\u00ed riziko expozice mezi ostatn\u00edmi obyvateli s n\u00edzk\u00fdm rizikem a mohou b\u00fdt nep\u0159ijateln\u00e9 nebo neprovediteln\u00e9 vzhledem k prostorov\u00fdm omezen\u00edm a p\u0159elidn\u011bnosti v mnoha prost\u0159ed\u00edch.<\/p>\n<h5><span style=\"font-size: 14pt;\">Dal\u0161\u00ed \u00favahy<\/span><\/h5>\n<p>P\u0159\u00edstup st\u00edn\u011bn\u00ed popisuje obecnou \u201clogistiku\u201d implementace \u2013 kdo, co, kde, jak. P\u0159i realizaci t\u011bchto strategi\u00ed se v\u0161ak mohou vyskytnout dal\u0161\u00ed logistick\u00e9 probl\u00e9my v d\u016fsledku nedostupn\u00fdch komodit, dopravn\u00edch omezen\u00ed, omezen\u00e9 person\u00e1ln\u00ed kapacity a dostupnosti pro uspokojen\u00ed zv\u00fd\u0161en\u00fdch pot\u0159eb. Tento p\u0159\u00edstup ne\u0159e\u0161\u00ed potenci\u00e1ln\u00ed emocion\u00e1ln\u00ed, soci\u00e1ln\u00ed\/kulturn\u00ed a psychologick\u00fd dopad na odlou\u010den\u00e9 osoby ani na dom\u00e1cnosti s odlou\u010den\u00fdmi \u010dleny. Dal\u0161\u00ed \u00favahy o \u0159e\u0161en\u00ed t\u011bchto probl\u00e9m\u016f jsou uvedeny n\u00ed\u017ee.<\/p>\n<h5>Charakteristiky a demografick\u00e9 \u00fadaje obyvatelstva<\/h5>\n<p>Zohledn\u011bn\u00ed: Po\u010det pot\u0159ebn\u00fdch zelen\u00fdch z\u00f3n m\u016f\u017ee b\u00fdt vy\u0161\u0161\u00ed, ne\u017e se p\u0159edpokl\u00e1dalo, proto\u017ee vych\u00e1z\u00ed z celkov\u00e9ho po\u010dtu vysoce rizikov\u00fdch osob, kategori\u00ed onemocn\u011bn\u00ed a sociodemografick\u00fdch \u00fadaj\u016f v dan\u00e9 oblasti, a nikoli pouze z pod\u00edlu star\u0161\u00ed populace.<\/p>\n<p>Vysv\u011btlen\u00ed: Star\u0161\u00ed osoby p\u0159edstavuj\u00ed v mnoha t\u00e1borech v humanit\u00e1rn\u00edm prost\u0159ed\u00ed mal\u00e9 procento populace (p\u0159ibli\u017en\u011b 3-5 %4,5), av\u0161ak v n\u011bkter\u00fdch humanit\u00e1rn\u00edch prost\u0159ed\u00edch m\u016f\u017ee v\u00edce ne\u017e \u010dtvrtina populace spadat do kategori\u00ed vysok\u00e9ho rizika na z\u00e1klad\u011b z\u00e1kladn\u00edch zdravotn\u00edch stav\u016f, kter\u00e9 mohou zvy\u0161ovat riziko z\u00e1va\u017en\u00e9ho onemocn\u011bn\u00ed COVID-19, mezi n\u011b\u017e pat\u0159\u00ed chronick\u00e9 onemocn\u011bn\u00ed ledvin, obezita, z\u00e1va\u017en\u00e9 srde\u010dn\u00ed onemocn\u011bn\u00ed, srpkovit\u00e1 choroba a diabetes 2. typu. V mnoha t\u00e1borech a osad\u00e1ch nav\u00edc \u017eije v\u00edce n\u00e1rodnost\u00ed, co\u017e m\u016f\u017ee vy\u017eadovat dodate\u010dn\u00e9 odd\u011blen\u00ed, nap\u0159\u00edklad v uprchlick\u00e9m t\u00e1bo\u0159e Kakuma v Keni jsou ubytov\u00e1ni uprchl\u00edci z 19 zem\u00ed.<\/p>\n<h5><span style=\"font-size: 14pt;\">\u00davahy o \u010dasov\u00e9 ose<\/span><\/h5>\n<p><strong>Zohledn\u011bn\u00ed: Pl\u00e1nujte del\u0161\u00ed dobu realizace, nejm\u00e9n\u011b 6 m\u011bs\u00edc\u016f.<\/strong><\/p>\n<p>Vysv\u011btlen\u00ed: P\u0159\u00edstup st\u00edn\u011bn\u00ed navrhuje, aby byly zelen\u00e9 z\u00f3ny zachov\u00e1ny, dokud nenastane jedna z n\u00e1sleduj\u00edc\u00edch okolnost\u00ed: (i) bude vytvo\u0159ena dostate\u010dn\u00e1 hospitaliza\u010dn\u00ed kapacita; (ii) budou \u0161iroce dostupn\u00e9 \u00fa\u010dinn\u00e9 vakc\u00edny nebo terapeutick\u00e9 mo\u017enosti; nebo (iii) epidemie COVID-19 postihuj\u00edc\u00ed populaci ustoup\u00ed.<\/p>\n<p>Vzhledem k omezen\u00fdm zdroj\u016fm a zdravotnick\u00e9 p\u00e9\u010di, kter\u00e9 m\u00e1 obyvatelstvo v humanit\u00e1rn\u00edm prost\u0159ed\u00ed k dispozici p\u0159ed vypuknut\u00edm pandemie, je nepravd\u011bpodobn\u00e9, \u017ee by b\u011bhem rozs\u00e1hl\u00e9ho p\u0159enosu bylo mo\u017en\u00e9 dos\u00e1hnout dostate\u010dn\u00e9 hospitaliza\u010dn\u00ed kapacity (l\u016f\u017eka, osobn\u00ed ochrann\u00e9 prost\u0159edky, ventil\u00e1tory a person\u00e1l). N\u00e1rodn\u00ed kapacity v mnoha zem\u00edch, kde se tato prost\u0159ed\u00ed nach\u00e1zej\u00ed (nap\u0159. v \u010cadu, Myanmaru a S\u00fdrii), jsou omezen\u00e9. Zdroje mohou b\u00fdt b\u011bhem vrcholu p\u0159enosu rychle p\u0159et\u00ed\u017eeny a nemus\u00ed b\u00fdt dostupn\u00e9 pro nouzov\u011b posti\u017een\u00e9 obyvatelstvo.<\/p>\n<p>Zkou\u0161ky vakc\u00edny prob\u00edhaj\u00ed, ale bez p\u0159esn\u00e9ho \u010dasov\u00e9ho harmonogramu. Dosa\u017een\u00ed f\u00e1ze potla\u010den\u00ed, kdy epidemie ustupuje, m\u016f\u017ee trvat n\u011bkolik m\u011bs\u00edc\u016f a p\u0159\u00edpady se mohou znovu objevit ve druh\u00e9 nebo dokonce t\u0159et\u00ed vln\u011b. St\u00e1dn\u00ed imunita (vy\u010derp\u00e1n\u00ed vn\u00edmav\u00fdch osob) pro COVID-19 nebyla doposud prok\u00e1z\u00e1na. Nen\u00ed tak\u00e9 jasn\u00e9, zda se u naka\u017een\u00e9 osoby vyvine imunita, a nen\u00ed zn\u00e1ma ani doba trv\u00e1n\u00ed potenci\u00e1ln\u00ed imunity. Proto jsou rozhoduj\u00edc\u00ed pohotovostn\u00ed pl\u00e1ny, kter\u00e9 po\u010d\u00edtaj\u00ed s mo\u017en\u00fdm prodlou\u017een\u00edm opera\u010dn\u00ed doby.<\/p>\n<h5><span style=\"font-size: 14pt;\">Dal\u0161\u00ed logistick\u00e1 hlediska<\/span><\/h5>\n<p><strong>Zohledn\u011bn\u00ed: Pl\u00e1n na ur\u010den\u00ed dal\u0161\u00edch zdroj\u016f a n\u00e1stin mechanism\u016f z\u00e1sobovac\u00edho \u0159et\u011bzce pro podporu zelen\u00fdch z\u00f3n.<\/strong><\/p>\n<p>Vysv\u011btlen\u00ed: Realizace a provoz zelen\u00fdch z\u00f3n vy\u017eaduje silnou koordinaci mezi n\u011bkolika sektory, co\u017e m\u016f\u017ee vy\u017eadovat zna\u010dn\u00e9 dodate\u010dn\u00e9 zdroje: z\u00e1soby a person\u00e1l pro \u00fadr\u017ebu t\u011bchto prostor \u2013 p\u0159\u00edst\u0159e\u0161ky, IPC, voda, sanitace a hygiena (WASH), nepotravinov\u00e9 zbo\u017e\u00ed (postele, lo\u017en\u00ed pr\u00e1dlo, n\u00e1dob\u00ed\/n\u00e1\u010din\u00ed, n\u00e1doby na vodu), psychosoci\u00e1ln\u00ed podpora, pozorovatel\u00e9\/dozorci, o\u0161et\u0159ovatel\u00e9\/obsluha, komunikace o rizic\u00edch a zapojen\u00ed komunity, bezpe\u010dnost atd. Vzhledem k celosv\u011btov\u00e9mu sn\u00ed\u017een\u00ed nedostatku komodit , omezen\u00ed pohybu, uzav\u0159en\u00ed hranic a omezen\u00ed n\u00e1kladn\u00ed dopravy a let\u016f je d\u016fle\u017eit\u00e9 nast\u00ednit, jak\u00e9 dal\u0161\u00ed zdroje budou pot\u0159eba a jak budou po\u0159\u00edzeny.<\/p>\n<h5><span style=\"font-size: 14pt;\">Ochrana<\/span><\/h5>\n<p><strong>Zohledn\u011bn\u00ed: Zajistit bezpe\u010dn\u00e9 a ochrann\u00e9 prost\u0159ed\u00ed pro v\u0161echny osoby, v\u010detn\u011b nezletil\u00fdch a osob, kter\u00e9 vy\u017eaduj\u00ed dal\u0161\u00ed p\u00e9\u010di, a\u0165 u\u017e se nach\u00e1zej\u00ed v zelen\u00e9 z\u00f3n\u011b, nebo z\u016fst\u00e1vaj\u00ed v dom\u00e1cnosti pot\u00e9, co se hlavn\u00ed pe\u010dovatel nebo poskytovatel p\u0159\u00edjmu p\u0159est\u011bhoval do zelen\u00e9 z\u00f3ny.<\/strong><\/p>\n<p>Vysv\u011btlen\u00ed: Rozd\u011blov\u00e1n\u00ed rodin a naru\u0161ov\u00e1n\u00ed a rozkl\u00e1d\u00e1n\u00ed v\u00edcegenera\u010dn\u00edch dom\u00e1cnost\u00ed m\u016f\u017ee m\u00edt dlouhodob\u00e9 negativn\u00ed d\u016fsledky. Strategie odst\u00edn\u011bn\u00ed mus\u00ed zohled\u0148ovat sociokulturn\u00ed genderov\u00e9 normy, aby bylo mo\u017en\u00e9 adekv\u00e1tn\u011b posoudit a \u0159e\u0161it rizika pro jednotlivce, zejm\u00e9na \u017eeny a d\u00edvky. Restriktivn\u00ed genderov\u00e9 normy mohou b\u00fdt izola\u010dn\u00edmi strategiemi, jako je st\u00edn\u011bn\u00ed, je\u0161t\u011b zhor\u0161eny. Na \u00farovni dom\u00e1cnost\u00ed vyvol\u00e1v\u00e1 izolace jednotlivc\u016f a omezov\u00e1n\u00ed jejich interakce, dopln\u011bn\u00e1 o soci\u00e1ln\u00ed a ekonomick\u00e9 naru\u0161en\u00ed, obavy z mo\u017en\u00e9ho zv\u00fd\u0161en\u00e9ho rizika partnersk\u00e9ho n\u00e1sil\u00ed. Dom\u00e1cnosti, kter\u00e9 se \u00fa\u010dastn\u00ed v\u00fdm\u011bny dom\u00e1cnost\u00ed nebo sektorov\u00e9ho sdru\u017eov\u00e1n\u00ed, jsou obzvl\u00e1\u0161t\u011b ohro\u017eeny genderov\u011b podm\u00edn\u011bn\u00fdm n\u00e1sil\u00edm, obt\u011b\u017eov\u00e1n\u00edm, zneu\u017e\u00edv\u00e1n\u00edm a vyko\u0159is\u0165ov\u00e1n\u00edm, proto\u017ee zb\u00fdvaj\u00edc\u00ed \u010dlenov\u00e9 dom\u00e1cnosti nemus\u00ed b\u00fdt t\u011bmi, kdo rozhoduj\u00ed, ani nemus\u00ed b\u00fdt zodpov\u011bdn\u00ed za pot\u0159eby dom\u00e1cnosti.<\/p>\n<h5><span style=\"font-size: 14pt;\">Soci\u00e1ln\u00ed\/kulturn\u00ed\/n\u00e1bo\u017eensk\u00e9 praktiky<\/span><\/h5>\n<p><strong>Zohledn\u011bn\u00ed: Pl\u00e1nujte mo\u017en\u00e9 naru\u0161en\u00ed soci\u00e1ln\u00edch s\u00edt\u00ed.<\/strong><\/p>\n<p>Vysv\u011btlen\u00ed: Komunitn\u00ed oslavy (n\u00e1bo\u017eensk\u00e9 sv\u00e1tky), smute\u010dn\u00ed ob\u0159ady (poh\u0159by) a dal\u0161\u00ed p\u0159echodov\u00e9 ritu\u00e1ly jsou z\u00e1kladn\u00edmi kameny mnoha spole\u010dnost\u00ed. Proaktivn\u00ed pl\u00e1nov\u00e1n\u00ed p\u0159edem, v\u010detn\u011b siln\u00e9ho zapojen\u00ed komunity a komunikace o rizic\u00edch, je nutn\u00e9 pro lep\u0161\u00ed pochopen\u00ed probl\u00e9m\u016f a obav z omezen\u00ed \u00fa\u010dasti jednotlivc\u016f na komunitn\u00edch praktik\u00e1ch z d\u016fvodu jejich odst\u00edn\u011bn\u00ed. Pokud se tak nestane, m\u016f\u017ee to v\u00e9st k mezilidsk\u00e9mu i komunitn\u00edmu n\u00e1sil\u00ed.<\/p>\n<h5><span style=\"font-size: 14pt;\">Du\u0161evn\u00ed zdrav\u00ed<\/span><\/h5>\n<p><strong>Zajist\u011bte, aby byly k dispozici struktury pro du\u0161evn\u00ed zdrav\u00ed a psychosoci\u00e1ln\u00ed podporu*, kter\u00e9 budou \u0159e\u0161it zv\u00fd\u0161en\u00fd stres a \u00fazkost.<\/strong><\/p>\n<p>Vysv\u011btlen\u00ed: Dodate\u010dn\u00fd stres a obavy jsou b\u011b\u017en\u00e9 b\u011bhem ka\u017ed\u00e9 epidemie a v p\u0159\u00edpad\u011b COVID-19 mohou b\u00fdt v\u00fdrazn\u011bj\u0161\u00ed kv\u016fli novosti onemocn\u011bn\u00ed a zv\u00fd\u0161en\u00e9mu strachu z n\u00e1kazy, zv\u00fd\u0161en\u00fdm povinnostem v oblasti p\u00e9\u010de o d\u011bti v d\u016fsledku uzav\u0159en\u00ed \u0161kol a ztr\u00e1t\u011b zdroj\u016f ob\u017eivy. Krom\u011b rizika stigmatizace a pocitu izolace tak m\u016f\u017ee m\u00edt tento ochrann\u00fd p\u0159\u00edstup v\u00fdznamn\u00fd psychologick\u00fd dopad a m\u016f\u017ee v\u00e9st ke zna\u010dn\u00e9mu citov\u00e9mu str\u00e1d\u00e1n\u00ed, zhor\u0161it st\u00e1vaj\u00edc\u00ed du\u0161evn\u00ed onemocn\u011bn\u00ed nebo p\u0159isp\u011bt k \u00fazkosti, depresi, bezmoci, smutku, zneu\u017e\u00edv\u00e1n\u00ed n\u00e1vykov\u00fdch l\u00e1tek nebo my\u0161lenk\u00e1m na sebevra\u017edu u t\u011bch, kte\u0159\u00ed jsou odd\u011bleni nebo byli opu\u0161t\u011bni. Odlou\u010den\u00e9 osoby se soub\u011b\u017en\u00fdm z\u00e1va\u017en\u00fdm du\u0161evn\u00edm onemocn\u011bn\u00edm by nem\u011bly b\u00fdt ponech\u00e1v\u00e1ny samy sob\u011b. Mus\u00ed jim b\u00fdt p\u0159id\u011blen pe\u010dovatel, aby se zabr\u00e1nilo dal\u0161\u00edm rizik\u016fm ochrany, jako je zanedb\u00e1v\u00e1n\u00ed a zneu\u017e\u00edv\u00e1n\u00ed.<\/p>\n<h5><span style=\"font-size: 14pt;\">Shrnut\u00ed<\/span><\/h5>\n<p>P\u0159\u00edstup st\u00edn\u011bn\u00ed je ambici\u00f3zn\u00ed po\u010din, kter\u00fd se m\u016f\u017ee uk\u00e1zat jako \u00fa\u010dinn\u00fd v prevenci infekce COVID-19 u vysoce rizikov\u00fdch skupin obyvatel, pokud bude dob\u0159e zvl\u00e1dnut\u00fd. P\u0159esto\u017ee p\u0159edpoklad vych\u00e1z\u00ed ze strategi\u00ed zm\u00edr\u0148ov\u00e1n\u00ed n\u00e1kazy pou\u017e\u00edvan\u00fdch ve Velk\u00e9 Brit\u00e1nii, neexistuj\u00ed empirick\u00e9 d\u016fkazy, zda tento p\u0159\u00edstup zv\u00fd\u0161\u00ed, sn\u00ed\u017e\u00ed nebo nebude m\u00edt \u017e\u00e1dn\u00fd vliv na nemocnost a \u00famrtnost b\u011bhem epidemie COVID-19 v r\u016fzn\u00fdch humanit\u00e1rn\u00edch prost\u0159ed\u00edch. Tento dokument upozor\u0148uje na a) rizika a probl\u00e9my spojen\u00e9 s realizac\u00ed tohoto p\u0159\u00edstupu, b) pot\u0159ebu dal\u0161\u00edch zdroj\u016f v oblastech s omezenou nebo sn\u00ed\u017eenou kapacitou, c) neur\u010dit\u00fd \u010dasov\u00fd pl\u00e1n a d) mo\u017en\u00e9 kr\u00e1tkodob\u00e9 a dlouhodob\u00e9 nep\u0159\u00edzniv\u00e9 d\u016fsledky.<\/p>\n<p>Ve\u0159ejn\u00e9 zdrav\u00ed se nezam\u011b\u0159uje pouze na vym\u00fdcen\u00ed nemoc\u00ed, ale zab\u00fdv\u00e1 se cel\u00fdm spektrem zdrav\u00ed a blahobytu. Obyvatelstvo vys\u00eddlen\u00e9 v d\u016fsledku p\u0159\u00edrodn\u00edch katastrof nebo v\u00e1lek a konflikt\u016f je ji\u017e tak k\u0159ehk\u00e9 a za\u017e\u00edv\u00e1 zv\u00fd\u0161en\u00e9 psychick\u00e9, fyzick\u00e9 a\/nebo emocion\u00e1ln\u00ed trauma.\u00a0<strong>P\u0159esto\u017ee p\u0159\u00edstup st\u00edn\u011bn\u00ed nem\u00e1 b\u00fdt n\u00e1tlakov\u00fd, m\u016f\u017ee se v humanit\u00e1rn\u00edm prost\u0159ed\u00ed jevit jako nucen\u00fd nebo m\u016f\u017ee b\u00fdt \u0161patn\u011b ch\u00e1p\u00e1n.<\/strong>\u00a0Stejn\u011b jako u mnoha jin\u00fdch komunitn\u00edch intervenc\u00ed, jejich\u017e c\u00edlem je sn\u00ed\u017eit nemocnost a \u00famrtnost COVID-19, jsou dodr\u017eov\u00e1n\u00ed p\u0159edpis\u016f a zm\u011bna chov\u00e1n\u00ed hlavn\u00edmi kroky omezuj\u00edc\u00edmi rychlost a mohou b\u00fdt \u0159\u00edzeny soci\u00e1ln\u00edmi a emocion\u00e1ln\u00edmi faktory. Tyto zm\u011bny jsou v rozvinut\u00fdch a stabiln\u00edch prost\u0159ed\u00edch obt\u00ed\u017en\u00e9, proto mohou b\u00fdt obzvl\u00e1\u0161t\u011b n\u00e1ro\u010dn\u00e9 v humanit\u00e1rn\u00edm prost\u0159ed\u00ed, kter\u00e9 p\u0159in\u00e1\u0161\u00ed vlastn\u00ed soubor mnohostrann\u00fdch probl\u00e9m\u016f, je\u017e je t\u0159eba vz\u00edt v \u00favahu.<\/p>\n<p>St\u00edn\u011bn\u00ed na \u00farovni dom\u00e1cnost\u00ed se zd\u00e1 b\u00fdt nejre\u00e1ln\u011bj\u0161\u00ed a nejd\u016fstojn\u011bj\u0161\u00ed, proto\u017ee umo\u017e\u0148uje co nejm\u00e9n\u011b naru\u0161it strukturu rodiny a \u017eivotn\u00ed styl, co\u017e jsou kl\u00ed\u010dov\u00e9 prvky pro zachov\u00e1n\u00ed shody. Je v\u0161ak nejn\u00e1chyln\u011bj\u0161\u00ed k zavle\u010den\u00ed viru kv\u016fli nutn\u00e9mu pohybu nebo interakci mimo zelenou z\u00f3nu, men\u0161\u00edmu dohledu a \u010dasto velk\u00e9 velikosti dom\u00e1cnost\u00ed. M\u016f\u017ee b\u00fdt m\u00e9n\u011b provediteln\u00e1 v prost\u0159ed\u00ed, kde jsou rodinn\u00e9 \u00fakryty mal\u00e9 a nemaj\u00ed v\u00edce odd\u011blen\u00ed.\u00a0<strong>V humanit\u00e1rn\u00edch prost\u0159ed\u00edch m\u016f\u017ee st\u00edn\u011bn\u00ed na \u00farovni mal\u00fdch vesnic, sektor\u016f\/blok\u016f nebo t\u00e1bor\u016f umo\u017enit v\u011bt\u0161\u00ed dodr\u017eov\u00e1n\u00ed navrhovan\u00e9ho protokolu, av\u0161ak na \u00fakor dlouhodob\u00fdch soci\u00e1ln\u00edch dopad\u016f vyvolan\u00fdch odlou\u010den\u00edm od p\u0159\u00e1tel a rodiny, pocity izolace a stigmatizace.<\/strong>\u00a0A co je nejd\u016fle\u017eit\u011bj\u0161\u00ed, n\u00e1hodn\u00e9 zavle\u010den\u00ed viru do zelen\u00e9 z\u00f3ny m\u016f\u017ee v\u00e9st k rychl\u00e9mu p\u0159enosu a zv\u00fd\u0161en\u00e9 nemocnosti a \u00famrtnosti, jak bylo pozorov\u00e1no v za\u0159\u00edzen\u00edch asisten\u010dn\u00ed p\u00e9\u010de v USA.<\/p>\n<p>P\u0159\u00edstup zalo\u017een\u00fd na odst\u00edn\u011bn\u00ed m\u00e1 zm\u00edrnit stres zdravotnick\u00e9ho syst\u00e9mu a obej\u00edt negativn\u00ed ekonomick\u00e9 d\u016fsledky dlouhodob\u00fdch izola\u010dn\u00edch opat\u0159en\u00ed a uzav\u00edrek t\u00edm, \u017ee ochr\u00e1n\u00ed ty nejzraniteln\u011bj\u0161\u00ed. Zaveden\u00ed tohoto p\u0159\u00edstupu bude vy\u017eadovat pe\u010dliv\u00e9 pl\u00e1nov\u00e1n\u00ed, dal\u0161\u00ed zdroje, p\u0159\u00edsn\u00e9 dodr\u017eov\u00e1n\u00ed pravidel a silnou koordinaci mezi v\u00edce sektory, co\u017e vy\u017eaduje, aby agentury zv\u00e1\u017eily potenci\u00e1ln\u00ed dopady mezi populac\u00ed, kter\u00e1 kolektivn\u011b za\u017eila fyzick\u00e9 a psychick\u00e9 trauma, co\u017e ji \u010din\u00ed zraniteln\u011bj\u0161\u00ed v\u016f\u010di nep\u0159\u00edzniv\u00fdm psychosoci\u00e1ln\u00edm d\u016fsledk\u016fm. Krom\u011b toho bude v humanit\u00e1rn\u00edm prost\u0159ed\u00ed zapot\u0159eb\u00ed pe\u010dliv\u011b zv\u00e1\u017eit potenci\u00e1ln\u00ed p\u0159\u00ednos oproti soci\u00e1ln\u00edm a finan\u010dn\u00edm n\u00e1klad\u016fm na realizaci.<\/p>\n<p>*Konkr\u00e9tn\u00ed pokyny pro psychosoci\u00e1ln\u00ed podporu v pr\u016fb\u011bhu COVID-19 jako specifick\u00e9 tematick\u00e9 oblasti p\u0159esahuj\u00ed r\u00e1mec tohoto dokumentu.<\/p>\n<h6><span style=\"font-size: 14pt;\">Amerika se transformuje do neomarxistick\u00e9 diktatury, kter\u00e1 pou\u017e\u00edv\u00e1 nacistick\u00e9 metody pro z\u00edsk\u00e1n\u00ed kontroly nad odporem v obyvatelstvu<\/span><\/h6>\n<p>Jak sami vid\u00edte v dokumentu, tohle u\u017e nen\u00ed konspirace, to je americk\u00e1 realita v roce 2021. Pod rou\u0161kou ochrany p\u0159ed virem budou rozd\u011blov\u00e1ny rodiny, nepohodln\u00ed, posti\u017een\u00ed a politicky anga\u017eovan\u00ed lid\u00e9 nesouhlas\u00edc\u00ed s o\u010dkov\u00e1n\u00edm budou umis\u0165ov\u00e1n\u00ed do interna\u010dn\u00edch t\u00e1bor\u016f, kde budou tzv. odst\u00edn\u011bni a izolov\u00e1ni od ostatn\u00ed o\u010dkovan\u00e9 populace.\u00a0<strong>Ano, tento pl\u00e1n je nyn\u00ed ofici\u00e1ln\u011b na webu CDC a globalist\u00e9 u\u017e nic nemus\u00ed skr\u00fdvat. V t\u00e9to v\u011bci je jasn\u00e9, \u017ee Donald Trump musel b\u00fdt odstran\u011bn i za cenu zfal\u0161ov\u00e1n\u00ed voleb<\/strong>, proto\u017ee toto, co prob\u00edh\u00e1 v USA, je prac\u00ed nadn\u00e1rodn\u00edch elit, kter\u00e9 jdou p\u0159es mrtvoly a jsou schopny zmanipulovat i americk\u00e9 volby. Velk\u00e9 \u00fakoly si \u017e\u00e1daj\u00ed velk\u00e9 \u010diny a tak\u00e9 velk\u00e9 ob\u011bti, to je kr\u00e9do globalist\u016f.<\/p>\n<figure id=\"attachment_47931\" class=\"wp-caption aligncenter\" style=\"width: 590px;\"><a href=\"https:\/\/aeronet.cz\/news\/wp-content\/uploads\/CDC_Checkpoint.jpg\"><img decoding=\"async\" loading=\"lazy\" class=\"wp-image-47931 \" src=\"https:\/\/aeronet.cz\/news\/wp-content\/uploads\/CDC_Checkpoint-1024x576.jpg\" sizes=\"(max-width: 700px) 100vw, 700px\" srcset=\"https:\/\/aeronet.cz\/news\/wp-content\/uploads\/CDC_Checkpoint-1024x576.jpg 1024w, https:\/\/aeronet.cz\/news\/wp-content\/uploads\/CDC_Checkpoint-300x169.jpg 300w, https:\/\/aeronet.cz\/news\/wp-content\/uploads\/CDC_Checkpoint-768x432.jpg 768w, https:\/\/aeronet.cz\/news\/wp-content\/uploads\/CDC_Checkpoint-700x394.jpg 700w, https:\/\/aeronet.cz\/news\/wp-content\/uploads\/CDC_Checkpoint-635x357.jpg 635w, https:\/\/aeronet.cz\/news\/wp-content\/uploads\/CDC_Checkpoint-859x483.jpg 859w, https:\/\/aeronet.cz\/news\/wp-content\/uploads\/CDC_Checkpoint.jpg 1200w\" alt=\"\" width=\"590\" height=\"332\" \/><\/a><figcaption class=\"wp-caption-text\">Kdo se nepodrob\u00ed permanentn\u00edmu Total Control, skon\u010d\u00ed jako \u201codst\u00edn\u011bn\u00e1\u201d osoba v koncentra\u010dn\u00edm kempu<\/figcaption><\/figure>\n<p>Amerika sice naoko proch\u00e1z\u00ed procesem socializace a indukce neomarxismu, ale metody jsou ryze nacistick\u00e9, ryze inspirovan\u00e9 III. \u0158\u00ed\u0161\u00ed, Norimbersk\u00fdmi z\u00e1kony a \u00fachopu nacist\u016f moci nad N\u011bmeckem, kdy\u017e se zbavili politick\u00e9 opozice vybudov\u00e1n\u00edm koncentra\u010dn\u00edch t\u00e1bor\u016f pod rou\u0161kou obecn\u00edho blaha. I tehdy v N\u011bmecku nacifikace prob\u00edhala sal\u00e1movou metodou a koncentr\u00e1ky p\u016fvodn\u011b byly pro nep\u0159izp\u016fsobiv\u00e9, pro odm\u00edta\u010de pr\u00e1ce, pro lidi odsouzen\u00e9 pro potulku.<\/p>\n<p><strong>Teprve pozd\u011bji a postupn\u011b se uk\u00e1zal prav\u00fd \u00fa\u010del z\u0159\u00edzen\u00ed t\u011bchto t\u00e1bor\u016f. Nacist\u00e9 se sna\u017eili o tot\u00e9\u017e, co dnes globalist\u00e9, tedy o zaveden\u00ed apartheidu ve spole\u010dnosti, kde obyvatelstvo bude rozd\u011bleno na dva t\u00e1bory, na ty poslu\u0161n\u00e9, a na nep\u0159\u00e1tele re\u017eimu.<\/strong>\u00a0A pod\u00edvejte se znovu na dokument, v roce 2021 se zem\u011b svobody, symbol demokracie, najednou transformuje do podoby nacistick\u00e9 diktatury, kter\u00e1 ale paradoxn\u011b nem\u00e1 s nacismem a nacionalismem nic spole\u010dn\u00e9ho, pouze vyu\u017e\u00edv\u00e1 metody s\u00edly nacist\u016f ze 30. let.<\/p>\n<p>-VK- \u0160\u00e9fredaktor AE News<\/p>\n<p><a href=\"https:\/\/aeronet.cz\/news\/americka-cdc-uverejnila-dokument-s-planem-spusteni-koncentracnich-taboru-v-usa-na-rozdelovani-rodin-internaci-a-izolaci-ohrozenych-a-jinak-definovanych-skupin-obyvatelstva\/\">ZDROJ<\/a><\/p>\n<p>&nbsp;<\/p>\n","protected":false},"excerpt":{"rendered":"<p>Americk\u00e1 CDC uve\u0159ejnila dokument s pl\u00e1nem spu\u0161t\u011bn\u00ed koncentra\u010dn\u00edch t\u00e1bor\u016f v USA na rozd\u011blov\u00e1n\u00ed rodin, internaci&#8230;<\/p>\n","protected":false},"author":2,"featured_media":4060,"comment_status":"closed","ping_status":"closed","sticky":false,"template":"","format":"standard","meta":[],"categories":[7],"tags":[1037,999,48,37],"_links":{"self":[{"href":"https:\/\/www.infokuryr.cz\/n\/wp-json\/wp\/v2\/posts\/4059"}],"collection":[{"href":"https:\/\/www.infokuryr.cz\/n\/wp-json\/wp\/v2\/posts"}],"about":[{"href":"https:\/\/www.infokuryr.cz\/n\/wp-json\/wp\/v2\/types\/post"}],"author":[{"embeddable":true,"href":"https:\/\/www.infokuryr.cz\/n\/wp-json\/wp\/v2\/users\/2"}],"replies":[{"embeddable":true,"href":"https:\/\/www.infokuryr.cz\/n\/wp-json\/wp\/v2\/comments?post=4059"}],"version-history":[{"count":0,"href":"https:\/\/www.infokuryr.cz\/n\/wp-json\/wp\/v2\/posts\/4059\/revisions"}],"wp:featuredmedia":[{"embeddable":true,"href":"https:\/\/www.infokuryr.cz\/n\/wp-json\/wp\/v2\/media\/4060"}],"wp:attachment":[{"href":"https:\/\/www.infokuryr.cz\/n\/wp-json\/wp\/v2\/media?parent=4059"}],"wp:term":[{"taxonomy":"category","embeddable":true,"href":"https:\/\/www.infokuryr.cz\/n\/wp-json\/wp\/v2\/categories?post=4059"},{"taxonomy":"post_tag","embeddable":true,"href":"https:\/\/www.infokuryr.cz\/n\/wp-json\/wp\/v2\/tags?post=4059"}],"curies":[{"name":"wp","href":"https:\/\/api.w.org\/{rel}","templated":true}]}}