{"id":40548,"date":"2023-11-20T01:08:41","date_gmt":"2023-11-20T00:08:41","guid":{"rendered":"https:\/\/www.infokuryr.cz\/n\/?p=40548"},"modified":"2023-11-19T17:12:27","modified_gmt":"2023-11-19T16:12:27","slug":"tisice-lidi-protestovaly-proti-katalanskemu-zakonu-o-amnestii","status":"publish","type":"post","link":"https:\/\/www.infokuryr.cz\/n\/2023\/11\/20\/tisice-lidi-protestovaly-proti-katalanskemu-zakonu-o-amnestii\/","title":{"rendered":"Tis\u00edce lid\u00ed protestovaly proti katal\u00e1nsk\u00e9mu z\u00e1konu o amnestii"},"content":{"rendered":"<div id=\"fb-root\"><\/div>\n<p><span style=\"font-size: 18pt;\"><strong>Dohodu o amnestii uzav\u0159ela Socialistick\u00e1 strana, aby si zajistila druh\u00e9 \u010dty\u0159let\u00e9 funk\u010dn\u00ed obdob\u00ed ve \u0161pan\u011blsk\u00e9 vl\u00e1d\u011b<\/strong><\/span><\/p>\n<p><span>Nejm\u00e9n\u011b 170 000 lid\u00ed vy\u0161lo v sobotu do ulic \u0161pan\u011blsk\u00e9 metropole, aby protestovalo proti kontroverzn\u00edmu z\u00e1konu o amnestii, podle kter\u00e9ho st\u00e1t omilostn\u00ed stovky katal\u00e1nsk\u00fdch separatist\u016f zapojen\u00fdch do ne\u00fasp\u011b\u0161n\u00e9 snahy o nez\u00e1vislost v roce 2017.<\/span><\/p>\n<p><span>S navrhovan\u00fdm z\u00e1konem souhlasil \u0161pan\u011blsk\u00fd socialistick\u00fd premi\u00e9r Pedro Sanchez, kter\u00fd si musel zajistit podporu katal\u00e1nsk\u00fdch a baskick\u00fdch nacionalistick\u00fdch stran, aby mohl sestavit novou vl\u00e1du, po nepr\u016fkazn\u00fdch volb\u00e1ch, kter\u00e9 letos v \u010dervenci zanechaly zemi ochabl\u00fd parlament.<\/span><\/p>\n<p><span>Konzervativn\u00ed lidov\u00e1 strana (PP) ve v\u0161eobecn\u00fdch volb\u00e1ch t\u011bsn\u011b porazila Sanchezovu \u0161pan\u011blskou socialistickou stranu (PSOE), ale nedok\u00e1zala si zajistit dostate\u010dnou parlamentn\u00ed podporu k sestaven\u00ed vl\u00e1dy.<\/span><\/p>\n<p><span>Dv\u011b hlavn\u00ed katal\u00e1nsk\u00e9 strany za nez\u00e1vislost \u2013 soci\u00e1ln\u011b demokratick\u00e1 Katal\u00e1nsk\u00e1 republik\u00e1nsk\u00e1 levice (ERC) a tvrdohlav\u00e1 Junts per Catalunya (Spole\u010dn\u011b pro Katal\u00e1nsko) \u2013 podm\u00ednily svou podporu ud\u011blen\u00edm amnestie pro ty, kdo jsou spojeni s vyhl\u00e1\u0161en\u00fdm referendem o nez\u00e1vislosti. soudy nez\u00e1konn\u00e9 a vy\u00fastilo ve \u0161pan\u011blskou nejhor\u0161\u00ed politickou krizi za n\u011bkolik desetilet\u00ed.<\/span><\/p>\n<div class=\"read-more large read-more__right\" data-has-alias=\"\"><a href=\"https:\/\/stranapro.cz\/\"><img decoding=\"async\" loading=\"lazy\" class=\" wp-image-40285 aligncenter\" src=\"http:\/\/www.infokuryr.cz\/n\/wp-content\/uploads\/2023\/11\/11pro-300x79.png\" alt=\"\" width=\"596\" height=\"157\" srcset=\"https:\/\/www.infokuryr.cz\/n\/wp-content\/uploads\/2023\/11\/11pro-300x79.png 300w, https:\/\/www.infokuryr.cz\/n\/wp-content\/uploads\/2023\/11\/11pro.png 363w\" sizes=\"(max-width: 596px) 100vw, 596px\" \/><\/a><\/div>\n<p><span>P\u0159edstavitel strany Socialist Workers Santos Cerdan ozn\u00e1mil dohodu se stranou Junts vedenou exilov\u00fdm Carlesem Puigdemontem za\u010d\u00e1tkem tohoto m\u011bs\u00edce, asi t\u00fdden pot\u00e9, co Katal\u00e1nsk\u00e1 republik\u00e1nsk\u00e1 levice podpo\u0159ila Sanchezovi.\u00a0Ob\u011b strany maj\u00ed v 350\u010dlenn\u00e9m \u0161pan\u011blsk\u00e9m parlamentu dohromady pouh\u00fdch sedm k\u0159esel, ale S\u00e1nchezovu vl\u00e1du by p\u0159ekro\u010dily po\u017eadovanou hranici 176 hlas\u016f, kter\u00e1 je nutn\u00e1 pro pokra\u010dov\u00e1n\u00ed legislativy.<\/span><\/p>\n<p><span>V\u016fdce Junts Puigdemont uprchl do Belgie v roce 2017 po ne\u00fasp\u011b\u0161n\u00e9m pokusu o nez\u00e1vislost Katal\u00e1nska, proto\u017ee proti n\u011bmu byla vznesena obvin\u011bn\u00ed z povst\u00e1n\u00ed, vzpoury a zneu\u017eit\u00ed ve\u0159ejn\u00fdch prost\u0159edk\u016f.\u00a0\u0160pan\u011blsk\u00fd nejvy\u0161\u0161\u00ed soud na za\u010d\u00e1tku leto\u0161n\u00edho roku zru\u0161il obvin\u011bn\u00ed z pobu\u0159ov\u00e1n\u00ed.<\/span><\/p>\n<p><span>Z\u00e1kon o amnestii se uk\u00e1zal b\u00fdt nepopul\u00e1rn\u00ed u ve\u0159ejnosti d\u00edky ned\u00e1vn\u00e9mu pr\u016fzkumu, kter\u00fd nazna\u010dil, \u017ee 70 % \u0161pan\u011blsk\u00fdch voli\u010d\u016f je proti.<\/span><\/p>\n<p><span>Sobotn\u00ed demonstrace, nejv\u011bt\u0161\u00ed v \u0159et\u011bzci protest\u016f od ozn\u00e1men\u00ed dohody p\u0159ed dv\u011bma t\u00fddny, vid\u011bla demonstranty nesouc\u00ed transparenty s n\u00e1pisy\u00a0<\/span><em><span>\u201eodd\u011blen\u00ed pravomoc\u00ed\u201c, \u201ezr\u00e1dci\u201c<\/span><\/em><span>\u00a0a\u00a0<\/span><em><span>\u201ene m\u00fdm jm\u00e9nem\u201c.\u00a0<\/span><\/em><span>Zazn\u011bly skandov\u00e1n\u00ed\u00a0<\/span><em><span>\u201eSanchez rezignovat\u201c<\/span><\/em><span>\u00a0a\u00a0<\/span><em><span>\u201eViva Espana\u201c.<\/span><\/em><\/p>\n<p><span>Sanchez v\u0161ak tento krok obhajoval argumentem, \u017ee amnestie by zemi pomohla oto\u010dit list s minulost\u00ed.<\/span><\/p>\n<p><em><span>&#8222;Ve jm\u00e9nu \u0160pan\u011blska a jeho z\u00e1jm\u016f a na obranu sou\u017eit\u00ed mezi \u0160pan\u011bly ud\u011bl\u00edme amnestii t\u011bm lidem, kte\u0159\u00ed \u010del\u00ed soudn\u00edmu \u0159\u00edzen\u00ed kv\u016fli [katal\u00e1nsk\u00e9mu procesu nez\u00e1vislosti],&#8220; \u0159ekl ve st\u0159edu na kongresu<\/span><\/em><span> .\u00a0<\/span><\/p>\n<p><img decoding=\"async\" loading=\"lazy\" class=\"alignnone size-full wp-image-1185\" src=\"http:\/\/www.infokuryr.cz\/n\/wp-content\/uploads\/2021\/04\/kuryr-podpis.png\" alt=\"\" width=\"84\" height=\"24\" \/><\/p>\n<p>&nbsp;<\/p>\n<p>&nbsp;<\/p>\n","protected":false},"excerpt":{"rendered":"<p>Dohodu o amnestii uzav\u0159ela Socialistick\u00e1 strana, aby si zajistila druh\u00e9 \u010dty\u0159let\u00e9 funk\u010dn\u00ed obdob\u00ed ve \u0161pan\u011blsk\u00e9&#8230;<\/p>\n","protected":false},"author":2,"featured_media":40549,"comment_status":"closed","ping_status":"closed","sticky":false,"template":"","format":"standard","meta":[],"categories":[7],"tags":[6303,6302,95,440],"_links":{"self":[{"href":"https:\/\/www.infokuryr.cz\/n\/wp-json\/wp\/v2\/posts\/40548"}],"collection":[{"href":"https:\/\/www.infokuryr.cz\/n\/wp-json\/wp\/v2\/posts"}],"about":[{"href":"https:\/\/www.infokuryr.cz\/n\/wp-json\/wp\/v2\/types\/post"}],"author":[{"embeddable":true,"href":"https:\/\/www.infokuryr.cz\/n\/wp-json\/wp\/v2\/users\/2"}],"replies":[{"embeddable":true,"href":"https:\/\/www.infokuryr.cz\/n\/wp-json\/wp\/v2\/comments?post=40548"}],"version-history":[{"count":1,"href":"https:\/\/www.infokuryr.cz\/n\/wp-json\/wp\/v2\/posts\/40548\/revisions"}],"predecessor-version":[{"id":40550,"href":"https:\/\/www.infokuryr.cz\/n\/wp-json\/wp\/v2\/posts\/40548\/revisions\/40550"}],"wp:featuredmedia":[{"embeddable":true,"href":"https:\/\/www.infokuryr.cz\/n\/wp-json\/wp\/v2\/media\/40549"}],"wp:attachment":[{"href":"https:\/\/www.infokuryr.cz\/n\/wp-json\/wp\/v2\/media?parent=40548"}],"wp:term":[{"taxonomy":"category","embeddable":true,"href":"https:\/\/www.infokuryr.cz\/n\/wp-json\/wp\/v2\/categories?post=40548"},{"taxonomy":"post_tag","embeddable":true,"href":"https:\/\/www.infokuryr.cz\/n\/wp-json\/wp\/v2\/tags?post=40548"}],"curies":[{"name":"wp","href":"https:\/\/api.w.org\/{rel}","templated":true}]}}