{"id":40524,"date":"2023-11-20T00:59:47","date_gmt":"2023-11-19T23:59:47","guid":{"rendered":"https:\/\/www.infokuryr.cz\/n\/?p=40524"},"modified":"2023-11-19T16:00:59","modified_gmt":"2023-11-19T15:00:59","slug":"thomas-roper-usa-schvalily-rozpocet-bez-pomoci-pro-kyjev","status":"publish","type":"post","link":"https:\/\/www.infokuryr.cz\/n\/2023\/11\/20\/thomas-roper-usa-schvalily-rozpocet-bez-pomoci-pro-kyjev\/","title":{"rendered":"Thomas R\u00f6per: USA schv\u00e1lily rozpo\u010det bez pomoci pro Kyjev"},"content":{"rendered":"<div id=\"fb-root\"><\/div>\n<p><span style=\"font-size: 18pt;\"><strong>Americk\u00fd prezident Biden schv\u00e1lil nov\u00fd z\u00e1kon o rozpo\u010dtu, kter\u00fd ji\u017e nepo\u010d\u00edt\u00e1 s pomoc\u00ed pro Kyjev.\u00a0Obecn\u011b plat\u00ed, \u017ee zpr\u00e1vy z posledn\u00edch dn\u00ed byly pro Kyjev katastrof\u00e1ln\u00ed.\u00a0Shrnul jsem v\u00fdvoj.<\/strong><\/span><\/p>\n<p><span>Americk\u00fd Sen\u00e1t\u00a0<\/span><a href=\"https:\/\/tass.ru\/ekonomika\/19296641\" target=\"_blank\" rel=\"noreferrer noopener\"><span>schv\u00e1lil nov\u00fd z\u00e1kon o rozpo\u010dtu pom\u011brem hlas\u016f 87 ku 11<\/span><\/a><span>\u00a0.\u00a0Ameri\u010dt\u00ed republik\u00e1ni v z\u00e1kon\u011b zajistili, \u017ee \u017e\u00e1dn\u00e1 nov\u00e1 americk\u00e1 pomoc pro Kyjev nebude schv\u00e1lena.\u00a0Z\u00e1kon br\u00e1n\u00ed odst\u00e1vce a zaru\u010duje platebn\u00ed schopnost USA do 19. ledna 2025. B\u00edl\u00fd d\u016fm kr\u00e1tce pot\u00e9 vydal\u00a0<\/span><a href=\"https:\/\/www.whitehouse.gov\/briefing-room\/legislation\/2023\/11\/17\/press-release-bill-signed-h-r-6363\/\" target=\"_blank\" rel=\"noreferrer noopener\"><span>tiskovou zpr\u00e1vu,<\/span><\/a><span>\u00a0v n\u00ed\u017e potvrdil, \u017ee z\u00e1kon podepsal americk\u00fd prezident Biden.\u00a0Vzhledem k tomu, \u017ee d\u0159\u00edve schv\u00e1len\u00e1 americk\u00e1 pomoc Ukrajin\u011b prakticky do\u0161la, bude nyn\u00ed Kyjev nejm\u00e9n\u011b dva m\u011bs\u00edce bez americk\u00e9 finan\u010dn\u00ed a vojensk\u00e9 pomoci.<\/span><\/p>\n<p><span>To ale nen\u00ed zdaleka jedin\u00e1 \u0161patn\u00e1 zpr\u00e1va pro Kyjev.\u00a0Zde shrnu novinky z minul\u00e9ho t\u00fddne.<\/span><\/p>\n<h3><span style=\"font-size: 18pt;\">Klesaj\u00edc\u00ed podpora Z\u00e1padu<\/span><\/h3>\n<p><a href=\"https:\/\/www.anti-spiegel.ru\/2023\/bloomberg-die-eu-kann-zusagen-zur-lieferung-von-einer-millionen-granaten-an-die-ukraine-nicht-einhalten\/\" target=\"_blank\" rel=\"noreferrer noopener\"><span>10. listopadu Bloomberg ozn\u00e1mil, \u017ee EU nen\u00ed schopna dodat<\/span><\/a><span>\u00a0milion d\u011blost\u0159eleck\u00fdch gran\u00e1t\u016f, kter\u00e9 sl\u00edbila Kyjevu do b\u0159ezna 2024\u00a0.<\/span><\/p>\n<p><a href=\"https:\/\/www.anti-spiegel.ru\/2023\/reuters-die-eu-koennte-ungarns-veto-bei-der-bereitstellung-von-50-milliarden-euro-fuer-die-ukraine-umgehen\/\" target=\"_blank\" rel=\"noreferrer noopener\"><span>V ohro\u017een\u00ed je i<\/span><\/a><span>\u00a0finan\u010dn\u00ed pomoc EU .\u00a0Vzhledem k tomu, \u017ee Evropsk\u00e1 komise ji\u017e utratila pen\u00edze z rozpo\u010dtu platn\u00e9ho do roku 2027, nen\u00ed jasn\u00e9, jak EU pl\u00e1nuje dodr\u017eet sv\u00e9 finan\u010dn\u00ed sliby Kyjevu na rok 2024.\u00a0Evropsk\u00e1 komise po\u017e\u00e1dala \u010dlensk\u00e9 st\u00e1ty, aby p\u0159idaly 50 miliard do spole\u010dn\u00e9ho rozpo\u010dtu, setkala se v\u0161ak s mal\u00fdm souhlasem a dokonce s ohl\u00e1\u0161en\u00fdm vetem Ma\u010farska.<\/span><\/p>\n<p><span>Borrell 11. listopadu vyzval \u010dlensk\u00e9 st\u00e1ty EU,\u00a0<\/span><a href=\"https:\/\/www.anti-spiegel.ru\/2023\/borrell-haelt-kuerzung-der-us-hilfe-fuer-die-ukraine-fuer-moeglich-und-fordert-von-der-eu-das-zu-kompensieren\/\" target=\"_blank\" rel=\"noreferrer noopener\"><span>aby kompenzovaly americkou pomoc Kyjevu,<\/span><\/a><span>\u00a0pokud americk\u00e1 pomoc nep\u0159ijde.\u00a0Vzhledem k tomu, \u017ee EU a jej\u00ed \u010dlenov\u00e9 u\u017e maj\u00ed probl\u00e9my dodr\u017eet sv\u00e9 vlastn\u00ed sliby Kyjevu, bude tato my\u0161lenka pravd\u011bpodobn\u011b iluzorn\u00ed.\u00a0To se potvrdilo 13. listopadu, kdy\u00a0<\/span><a href=\"https:\/\/www.reuters.com\/world\/europe\/eus-20-billion-euro-plan-ukraine-military-aid-hits-resistance-2023-11-10\/\" target=\"_blank\" rel=\"noreferrer noopener\"><span>agentura Reuters uvedla<\/span><\/a><span>\u00a0, \u017ee n\u011bkter\u00e9 zem\u011b EU se br\u00e1n\u00ed \u010dervencov\u00e9mu pl\u00e1nu Borrella poskytnout Ukrajin\u011b vojenskou pomoc p\u011bt miliard eur ro\u010dn\u011b po dobu \u010dty\u0159 let.\u00a0Na v\u011bt\u0161\u00ed pomoc z Bruselu pro Kyjev to tedy nevypad\u00e1, ale sp\u00ed\u0161e na men\u0161\u00ed pomoc.<\/span><\/p>\n<p><span>13. listopadu Jake Sullivan\u00a0, poradce B\u00edl\u00e9ho domu pro n\u00e1rodn\u00ed bezpe\u010dnost,\u00a0<\/span><a href=\"https:\/\/tass.ru\/mezhdunarodnaya-panorama\/19273591\" target=\"_blank\" rel=\"noreferrer noopener\"><span>uvedl , \u017ee schopnost vl\u00e1dy USA pomoci Kyjevu kles\u00e1:<\/span><\/a><\/p>\n<p><em>\u201eKa\u017ed\u00fd t\u00fdden je pro n\u00e1s obt\u00ed\u017en\u011bj\u0161\u00ed pln\u011b financovat to, co v\u011b\u0159\u00edme, \u017ee mus\u00edme Ukrajin\u011b poskytnout, konkr\u00e9tn\u011b n\u00e1stroje a zdroje, kter\u00e9 pot\u0159ebuje k obran\u011b sv\u00e9ho \u00fazem\u00ed a sv\u00e9 ofenz\u00edv\u011b.\u00a0St\u00e1le jsme schopni poskytnout vojenskou podporu, o kterou Ukrajina po\u017e\u00e1dala, ale pokud bychom byli pln\u011b financov\u00e1ni, mohli bychom tak u\u010dinit na udr\u017eiteln\u011bj\u0161\u00edm z\u00e1klad\u011b.<\/em><\/p>\n<p><span>Sullivan \u0159ekl, \u017ee \u201eokno p\u0159\u00edle\u017eitosti\u201c pro americkou vl\u00e1du se zav\u00edr\u00e1, ale B\u00edl\u00fd d\u016fm nem\u016f\u017ee poskytnout konkr\u00e9tn\u00ed datum, kdy budou vynalo\u017eeny v\u0161echny zdroje Washingtonu na podporu Kyjeva:<\/span><\/p>\n<p><em>\u201eMohu v\u00e1m \u0159\u00edci, \u017ee to ji\u017e ovliv\u0148uje na\u0161i schopnost poskytnout Ukrajin\u011b v\u0161e, co pot\u0159ebuje.\u00a0A tento efekt se \u010dasem jen zv\u00fd\u0161\u00ed.\u201c<\/em><\/p>\n<p><a href=\"https:\/\/www.anti-spiegel.ru\/2023\/interview-mit-den-russischen-prankstern-die-10-folge-von-anti-spiegel-tv\/\" target=\"_blank\" rel=\"noreferrer noopener\"><span>Ru\u0161t\u00ed vtip\u00e1lci<\/span><\/a><span>\u00a0ned\u00e1vno volali z\u00e1padn\u00edm v\u016fdc\u016fm, kte\u0159\u00ed jim \u0159ekli, \u017ee to s Ukrajinou vypad\u00e1 \u0161patn\u011b.\u00a0Italsk\u00e1 premi\u00e9rka <\/span><a href=\"https:\/\/de.rt.com\/europa\/185788-meloni-zu-prankstern-muedigkeit-bezueglich-des-ukraine-konflikts-waechst\/\" target=\"_blank\" rel=\"noreferrer noopener\"><span>Meloni jim<\/span><\/a><span> v \u0159\u00edjnu \u0159ekla, \u017ee ohledn\u011b Ukrajiny panuje \u201evelk\u00e1 \u00fanava na v\u0161ech stran\u00e1ch\u201c.\u00a0A 14. listopadu zve\u0159ejnili, \u017ee\u00a0<\/span><a href=\"https:\/\/tass.ru\/mezhdunarodnaya-panorama\/19276595\" target=\"_blank\" rel=\"noreferrer noopener\"><span>jim loty\u0161sk\u00fd ministr zahrani\u010d\u00ed \u0159ekl<\/span><\/a><span>\u00a0:<\/span><\/p>\n<p><em>\u201ePomohli jsme jim s obnovou.\u00a0Pom\u00e1hali jsme jim zbran\u011bmi.\u00a0Pom\u00e1hali jsme jim se v\u0161\u00edm, co jsme mohli.\u00a0Humanit\u00e1rn\u00ed pomoc, l\u00e9ky, v\u0161echno, v\u0161echno.\u00a0A nejsme z toho \u0161\u0165astn\u00ed, ale nevid\u00edme jinou mo\u017enost.&#8220;<\/em><\/p>\n<p><span>Vzhledem k tomu, \u017ee pobaltsk\u00e9 st\u00e1ty pat\u0159\u00ed mezi nejradik\u00e1ln\u011bj\u0161\u00ed zast\u00e1nce Kyjeva v EU, je obzvl\u00e1\u0161t\u011b p\u0159ekvapiv\u00e9, \u017ee toto prohl\u00e1\u0161en\u00ed poch\u00e1z\u00ed z Loty\u0161ska.<\/span><\/p>\n<p><span>Dne 16. listopadu Ukrainiskaja pravda ozn\u00e1mila, \u017ee zvl\u00e1\u0161tn\u00ed vyslanec USA b\u011bhem n\u00e1v\u0161t\u011bvy Kyjeva nazna\u010dil,\u00a0<\/span><a href=\"https:\/\/tass.ru\/mezhdunarodnaya-panorama\/19306657\" target=\"_blank\" rel=\"noreferrer noopener\"><span>\u017ee ji\u017e \u017e\u00e1dn\u00e1 pomoc USA nebude<\/span><\/a><span>\u00a0.<\/span><\/p>\n<p><a href=\"https:\/\/tass.ru\/mezhdunarodnaya-panorama\/19307381\" target=\"_blank\" rel=\"noreferrer noopener\"><span>17. listopadu<\/span><\/a><span>\u00a0se Pentagon vyhnul odpov\u011bdi na ot\u00e1zku, jak dlouho bude financov\u00e1n\u00ed Ukrajiny trvat.\u00a0Ve stejn\u00fd den Wall Street Journal uvedl, \u017ee z\u00e1padn\u00ed p\u0159edstavitel\u00e9 ji\u017e nevid\u00ed \u017e\u00e1dn\u00fd strategick\u00fd p\u0159\u00ednos v prodeji zbran\u00ed do Kyjeva.\u00a0V souladu s t\u00edm se domn\u00edvaj\u00ed, \u017ee \u201eani jedin\u00fd zbra\u0148ov\u00fd syst\u00e9m dodan\u00fd Ukrajin\u011b zat\u00edm nep\u0159inesl strategick\u00e9 v\u00fdsledky na boji\u0161ti\u201c.\u00a0Z\u00e1rove\u0148 \u0159\u00edkaj\u00ed, \u017ee pro ukrajinsk\u00e9 ozbrojen\u00e9 s\u00edly je v tuto chv\u00edli kl\u00ed\u010dov\u00e9 nav\u00fd\u0161it voj\u00e1ky a munici.\u00a0<\/span><a href=\"https:\/\/tass.ru\/mezhdunarodnaya-panorama\/19313107\" target=\"_blank\" rel=\"noreferrer noopener\"><span>Ukrajina nem\u00e1 ani jedno<\/span><\/a><span>\u00a0a Z\u00e1pad nebyl schopen \u201edr\u017eet krok s Ruskem ve v\u00fdrob\u011b zbran\u00ed\u201c.<\/span><\/p>\n<p><span>Wall Street Journal tak\u00e9 napsal, \u017ee Pentagonu v sou\u010dasn\u00e9 dob\u011b zb\u00fdv\u00e1 kolem p\u011bti miliard dolar\u016f na pokra\u010dov\u00e1n\u00ed dod\u00e1vek zbran\u00ed Ukrajin\u011b.\u00a0Prost\u0159edky vyhrazen\u00e9 na z\u00e1sobov\u00e1n\u00ed americk\u00fdch sil b\u011bhem dod\u00e1vek zbran\u00ed do Kyjeva v\u0161ak \u010dinily pouze 1,1 miliardy dolar\u016f,\u00a0<\/span><a href=\"https:\/\/tass.ru\/mezhdunarodnaya-panorama\/19314067\" target=\"_blank\" rel=\"noreferrer noopener\"><span>zd\u016fraznily noviny<\/span><\/a><span>\u00a0.\u00a0V d\u016fsledku toho se bal\u00ed\u010dky vojensk\u00e9 pomoci zmen\u0161uj\u00ed.\u00a0Bal\u00ed\u010dky, kter\u00e9 jsou ohla\u0161ov\u00e1ny p\u0159ibli\u017en\u011b ka\u017ed\u00fdch 14 dn\u00ed, se pohybuj\u00ed mezi 300 a 500 miliony dolar\u016f.\u00a0Pomoc ozn\u00e1men\u00e1 3. listopadu v\u0161ak \u010dinila pouze 125 milion\u016f dolar\u016f.<\/span><\/p>\n<h3><span style=\"font-size: 18pt;\">Katastrof\u00e1ln\u00ed vojensk\u00e1 situace<\/span><\/h3>\n<p><span>Je dob\u0159e zn\u00e1mo, \u017ee ukrajinsk\u00e1 protiofenz\u00edva byla fiaskem.\u00a0Ukrajina p\u0159i\u0161la o velkou \u010d\u00e1st z\u00e1padn\u00edch zbran\u00ed a kolem 100 000 voj\u00e1k\u016f.\u00a0N\u00e1bor n\u00e1hradn\u00edk\u016f je v\u0161ak pomal\u00fd.\u00a09. listopadu New York Times ozn\u00e1mily, \u017ee Ukrajina se v d\u016fsledku toho rozhodla\u00a0<\/span><a href=\"https:\/\/www.anti-spiegel.ru\/2023\/new-york-times-ukraine-versucht-mehr-frauen-an-die-front-zu-holen-um-verluste-auszugleichen\/\" target=\"_blank\" rel=\"noreferrer noopener\"><span>poslat na frontu v\u00edce \u017een<\/span><\/a><span>\u00a0.\u00a0The Economist informoval 13. listopadu, \u017ee USA odhaduj\u00ed, \u017ee Ukrajina\u00a0<\/span><a href=\"https:\/\/www.anti-spiegel.ru\/2023\/the-economist-die-usa-glauben-dass-sich-die-verluste-der-ukraine-auf-etwa-190-000-soldaten-belaufen\/\" target=\"_blank\" rel=\"noreferrer noopener\"><span>ztratila 190 000 mrtv\u00fdch a zran\u011bn\u00fdch voj\u00e1k\u016f<\/span><\/a><span>\u00a0.<\/span><\/p>\n<p><span>16. listopadu\u00a0<\/span><a href=\"https:\/\/tass.ru\/mezhdunarodnaya-panorama\/19306327\" target=\"_blank\" rel=\"noreferrer noopener\"><span>tak\u00e9 gener\u00e1ln\u00ed tajemn\u00edk NATO p\u0159ipustil<\/span><\/a><span>\u00a0, \u017ee situace je hor\u0161\u00ed, ne\u017e se o\u010dek\u00e1valo:<\/span><\/p>\n<p><em>\u201eMus\u00edme uznat, \u017ee situace na boji\u0161ti je obt\u00ed\u017en\u00e1.\u00a0Rusko m\u00edr nepl\u00e1nuje, naopak vid\u00edme, \u017ee Rusko zahajuje \u00fato\u010dn\u00e9 operace, nap\u0159\u00edklad kolem Avd\u011bjevky.\u00a0Ale skute\u010dnost, \u017ee situace je t\u011b\u017e\u0161\u00ed, ne\u017e se o\u010dek\u00e1valo, nen\u00ed argumentem proti pomoci, ale sp\u00ed\u0161e pro je\u0161t\u011b v\u011bt\u0161\u00ed pomoc Ukrajin\u011b.\u00a0Nem\u016f\u017eeme dovolit, aby prezident Putin vyhr\u00e1l, to by bylo pro NATO \u0161patn\u00e9.\u00a0(\u2026) Jsem p\u0159esv\u011bd\u010den, \u017ee USA budou Ukrajin\u011b nad\u00e1le poskytovat pomoc.\u00a0Cestuji po zem\u00edch NATO a dost\u00e1v\u00e1m stejnou zpr\u00e1vu podpory.\u00a0Teprve v posledn\u00edch dnech ozn\u00e1milo N\u011bmecko novou pomoc a pomoc p\u0159isl\u00edbily i dal\u0161\u00ed zem\u011b NATO.\u201c<\/em><\/p>\n<p><span>Stoltenberg se st\u00e1le sna\u017e\u00ed \u0161\u00ed\u0159it optimismus, ale jen p\u00e1r hodin pot\u00e9 USA schv\u00e1lily nov\u00fd rozpo\u010det bez pomoci Ukrajin\u011b.\u00a0A sign\u00e1ly z ostatn\u00edch zem\u00ed NATO tak\u00e9 pravd\u011bpodobn\u011b nebudou tak r\u016f\u017eov\u00e9, jak tvrd\u00ed, jak uk\u00e1zala prohl\u00e1\u0161en\u00ed It\u00e1lie a Loty\u0161ska.\u00a0To, zda N\u011bmecko chce poskytnout o p\u00e1r miliard v\u00edce, u\u017e nem\u00e1 \u017e\u00e1dn\u00fd vliv, proto\u017ee N\u011bmecko nedok\u00e1\u017ee nahradit nedostatek americk\u00e9 pomoci.<\/span><\/p>\n<p><span>17. listopadu\u00a0<\/span><a href=\"https:\/\/tass.ru\/mezhdunarodnaya-panorama\/19307825\" target=\"_blank\" rel=\"noreferrer noopener\"><span>Zelenskij p\u0159iznal<\/span><\/a><span>\u00a0, \u017ee Ukrajina m\u00e1 nedostatek 155mm gran\u00e1t\u016f.\u00a0<\/span><a href=\"https:\/\/tass.ru\/mezhdunarodnaya-panorama\/19311631\" target=\"_blank\" rel=\"noreferrer noopener\"><span>Zd\u016fvodnil to konfliktem v Izraeli<\/span><\/a><span>\u00a0:<\/span><\/p>\n<p><em>\u201eNyn\u00ed se soust\u0159ed\u00edm na pomoc ze Z\u00e1padu.\u00a0Zam\u011b\u0159en\u00ed z\u00e1padn\u00edch zem\u00ed se posouv\u00e1 kv\u016fli situaci na Bl\u00edzk\u00e9m v\u00fdchod\u011b (\u2026) Bez jejich podpory se budeme muset st\u00e1hnout.\u201c<\/em><\/p>\n<p><span>T\u00e9ho\u017e dne si d\u016fle\u017eit\u00fd poradce ukrajinsk\u00e9 prezidentsk\u00e9 administrativy\u00a0<\/span><a href=\"https:\/\/tass.ru\/mezhdunarodnaya-panorama\/19313813\" target=\"_blank\" rel=\"noreferrer noopener\"><span>st\u011b\u017eoval<\/span><\/a><span>\u00a0, \u017ee t\u011bch n\u011bkolik zbran\u00ed, kter\u00e9 st\u00e1le p\u0159ich\u00e1zej\u00ed ze Z\u00e1padu, tak\u00e9 p\u0159ich\u00e1z\u00ed na Ukrajinu velmi pozd\u011b:<\/span><\/p>\n<p><em>&#8222;Pokud jsme se dohodli na ur\u010dit\u00fdch n\u00e1stroj\u00edch pro bojov\u00e9 operace, m\u011bly by b\u00fdt tyto n\u00e1stroje k dispozici za 7 a\u017e 10 dn\u00ed, tolik, kolik je nutn\u00e9 pro logistiku, ale ne za 90 nebo 120 dn\u00ed.&#8220;<\/em><\/p>\n<h3><span style=\"font-size: 18pt;\">\u017d\u00e1dn\u00e9 \u010dlenstv\u00ed v EU?<\/span><\/h3>\n<p><span>\u0160\u00e9fka Evropsk\u00e9 komise von der Leyenov\u00e1 doporu\u010dila st\u00e1t\u016fm EU zah\u00e1jit p\u0159\u00edstupov\u00e1 jedn\u00e1n\u00ed s Kyjevem.\u00a0Ale proti tomu existuje odpor.\u00a0Nap\u0159\u00edklad Ma\u010farsko chce Ukrajin\u011b nab\u00eddnout pouze jak\u00fdsi\u00a0<\/span><a href=\"https:\/\/www.anti-spiegel.ru\/2023\/ungarn-ist-bereit-der-ukraine-anstelle-einer-eu-mitgliedschaft-eine-privilegierte-partnerschaft-anzubieten\/\" target=\"_blank\" rel=\"noreferrer noopener\"><span>status privilegovan\u00e9ho partnera<\/span><\/a><span>\u00a0a na nadch\u00e1zej\u00edc\u00edm summitu EU dokonce\u00a0<\/span><a href=\"https:\/\/www.anti-spiegel.ru\/2023\/ungarn-wird-mit-den-eu-staats-und-regierungschefs-nicht-ueber-den-eu-beitritt-der-ukraine-sprechen\/\" target=\"_blank\" rel=\"noreferrer noopener\"><span>odm\u00edt\u00e1<\/span><\/a><span>\u00a0mluvit o \u010dlenstv\u00ed Ukrajiny v EU.<\/span><\/p>\n<p><a href=\"https:\/\/euobserver.com\/world\/157706\" target=\"_blank\" rel=\"noreferrer noopener\"><span>List EUobserver 16. listopadu uvedl,<\/span><\/a><span>\u00a0\u017ee dal\u0161\u00ed st\u00e1ty EU jsou tak\u00e9 proti ukrajinsk\u00e9mu \u010dlenstv\u00ed, p\u0159i\u010dem\u017e citoval zdroj z EU, kter\u00fd \u0159ekl:<\/span><\/p>\n<p><em>\u201eRakousko se tomu ur\u010dit\u011b postav\u00ed, ale bude se schov\u00e1vat za Ma\u010farsko (\u2026) Navzdory sv\u00e9 nov\u00e9 r\u00e9torice Francie ve skute\u010dnosti Ukrajinu v EU nechce a N\u011bmecko hraje cynickou hru.\u00a0Oni [N\u011bmecko] cht\u011bj\u00ed ve jm\u00e9nu roz\u0161\u00ed\u0159en\u00ed prosadit zm\u011bny ve Smlouv\u011b o EU, jako je v\u00edce hlasov\u00e1n\u00ed kvalifikovanou v\u011bt\u0161inou.\u00a0Zm\u011bny daj\u00ed Berl\u00ednu v\u00edce moci, ale N\u011bmci ve skute\u010dnosti nev\u011b\u0159\u00ed, \u017ee se Ukrajina p\u0159ipoj\u00ed.<\/em><\/p>\n<h3><span style=\"font-size: 18pt;\">Mus\u00ed se Kyjev vzd\u00e1t \u00fazem\u00ed?<\/span><\/h3>\n<p><span>Zd\u00e1 se, \u017ee na Z\u00e1pad\u011b panuje shoda, \u017ee Ukrajina mus\u00ed postoupit \u00fazem\u00ed Rusku v\u00fdm\u011bnou za p\u0159\u00edm\u011b\u0159\u00ed nebo m\u00edrovou smlouvu, co\u017e bylo Kyjevu v z\u00e1kulis\u00ed\u00a0\u0159e\u010deno\u00a0<\/span><a href=\"https:\/\/www.anti-spiegel.ru\/2023\/nbc-usa-und-eu-draengen-kiew-zu-verhandlungen-mit-moskau\/\" target=\"_blank\" rel=\"noreferrer noopener\"><span>koncem \u0159\u00edjna .\u00a0<\/span><\/a><span>To dokonce nep\u0159\u00edmo potvrzuje\u00a0<\/span><a href=\"https:\/\/www.theguardian.com\/world\/2023\/nov\/11\/ex-nato-chief-proposes-ukraine-joins-without-russian-occupied-territories\" target=\"_blank\" rel=\"noreferrer noopener\"><span>b\u00fdval\u00fd gener\u00e1ln\u00ed tajemn\u00edk NATO Anders Fogh Rasmussen<\/span><\/a><span>\u00a0, kter\u00fd navrhl p\u0159ijet\u00ed Ukrajiny do NATO bez oblast\u00ed kontrolovan\u00fdch Ruskem.\u00a0N\u00e1vrh je nere\u00e1ln\u00fd, jak uk\u00e1zal posledn\u00ed summit NATO, ale znovu ukazuje, \u017ee Z\u00e1pad dosp\u011bl k z\u00e1v\u011bru, \u017ee Ukrajina tato \u00fazem\u00ed ztratila.<\/span><\/p>\n<p><span>Na The Hill se k tomu vyj\u00e1d\u0159il i\u00a0<\/span><a href=\"https:\/\/www.anti-spiegel.ru\/2023\/medien-die-ukraine-wird-russland-territoriale-zugestaendnisse-machen-muessen\/\" target=\"_blank\" rel=\"noreferrer noopener\"><span>moder\u00e1tor<\/span><\/a><span>\u00a0:<\/span><\/p>\n<p><em>&#8222;V\u011bd\u011bli jsme, \u017ee se v t\u00e9to situaci ocitneme,&#8220; \u0159ekl moder\u00e1tor.\u00a0\u201eSituace, ve kter\u00e9 Rusko a Ukrajina budou muset vyjedn\u00e1vat a [ve kter\u00e9] ob\u011b strany budou muset ud\u011blat \u00fastupky.\u00a0Ukrajina mo\u017en\u00e1 bude muset ud\u011blat \u00fazemn\u00ed \u00fastupek.&#8220;<\/em><\/p>\n<p><span>Eugene Rumer, b\u00fdval\u00fd zam\u011bstnanec N\u00e1rodn\u00ed bezpe\u010dnostn\u00ed rady americk\u00e9ho prezidenta Bushe Seniora, se 16. listopadu ve Wall Street Journal vyj\u00e1d\u0159il je\u0161t\u011b jasn\u011bji.\u00a0Titulek \u0159\u00edkal v\u0161e: \u201e Je \u010das p\u0159estat magicky p\u0159em\u00fd\u0161let o\u00a0por\u00e1\u017ece\u00a0<\/span><a href=\"https:\/\/www.wsj.com\/world\/russia\/its-time-to-end-magical-thinking-about-russias-defeat-f6d0b8de\" target=\"_blank\" rel=\"noreferrer noopener\"><span>Ruska.<\/span><\/a><\/p>\n<h3><span style=\"font-size: 18pt;\">Bude Zelenskyj svr\u017een?<\/span><\/h3>\n<p><span>Zelenskyj se zat\u00edm radik\u00e1ln\u011b vyslovuje proti jak\u00e9koli form\u011b \u00fastupk\u016f v\u016f\u010di Rusku a je ot\u00e1zkou, zda by politicky p\u0159e\u017eil zm\u011bnu radik\u00e1ln\u00edho kurzu a vyjedn\u00e1v\u00e1n\u00ed s Ruskem.\u00a0<\/span><a href=\"https:\/\/tass.ru\/mezhdunarodnaya-panorama\/19310319\" target=\"_blank\" rel=\"noreferrer noopener\"><span>Nyn\u00ed prohl\u00e1sil, \u017ee<\/span><\/a><span>\u00a0se ob\u00e1v\u00e1, \u017ee by na Ukrajin\u011b mohl b\u00fdt p\u0159ipraven nov\u00fd Majdan, kter\u00fd by ho svrhl, a obvi\u0148oval z toho samoz\u0159ejm\u011b Rusko.<\/span><\/p>\n<p><span>Ukrajinsk\u00e1 m\u00e9dia v posledn\u00ed dob\u011b \u0161iroce informovala o neshod\u00e1ch mezi ukrajinsk\u00fdmi vl\u00e1dnouc\u00edmi kruhy.\u00a0Konkr\u00e9tn\u011b \u0161lo o spor mezi Zelensk\u00fdm a p\u0159edstaviteli nejvy\u0161\u0161\u00edho vojensk\u00e9ho velen\u00ed v\u010detn\u011b vrchn\u00edho velitele ukrajinsk\u00fdch ozbrojen\u00fdch sil gener\u00e1la Valerije Zalu\u017en\u00e9ho, \u200b\u200bo kter\u00e9m se dlouhodob\u011b \u0159\u00edk\u00e1, \u017ee m\u00e1 ambice na prezidentsk\u00fd \u00fa\u0159ad.<\/span><\/p>\n<p><span>Postoj Z\u00e1padu je nejasn\u00fd, proto\u017ee Zalu\u017enyj byl pr\u00e1v\u011b pops\u00e1n v z\u00e1padn\u00edch m\u00e9di\u00edch <\/span><a href=\"https:\/\/www.anti-spiegel.ru\/2023\/spiegel-der-ukrainische-oberbefehlshaber-saluzhny-war-auftraggeber-der-sprengung-der-nord-streams\/\" target=\"_blank\" rel=\"noreferrer noopener\"><span>jako de facto klient vyhozen\u00ed Nord Streams do pov\u011bt\u0159\u00ed<\/span><\/a><span>\u00a0.\u00a0Pokud by se to stalo ofici\u00e1ln\u00ed verz\u00ed Z\u00e1padu, Zalu\u017enyj by jen st\u011b\u017e\u00ed mohl slou\u017eit jako ukrajinsk\u00fd prezident a doufat v podporu Z\u00e1padu.<\/span><\/p>\n<p><span>Otazn\u00edky vyvol\u00e1v\u00e1 i smrt nejbli\u017e\u0161\u00edho kolegy Zalu\u017en\u00e9ho. Zem\u0159el p\u0159i v\u00fdbuchu ru\u010dn\u00edho gran\u00e1tu, a\u010dkoli ofici\u00e1ln\u00ed (a nep\u0159\u00edli\u0161 v\u011brohodn\u00e1) verze je, \u017ee ho dostal jako d\u00e1rek k narozenin\u00e1m, spletl si ho se suven\u00fdrem a odp\u00e1lil se.\u00a0Zda skute\u010dn\u011b \u0161lo o operaci tajn\u00e9 slu\u017eby SBU ovl\u00e1dan\u00e9 Zelensk\u00fdm, kter\u00e1 m\u011bla Zalu\u017en\u00e9ho varovat p\u0159ed jeho ambicemi, jsou spekulace, ale vzhledem k napjat\u00e9 situaci v Kyjev\u011b to nelze vylou\u010dit.<\/span><\/p>\n<h3><span style=\"font-size: 18pt;\">Co bude d\u00e1l?<\/span><\/h3>\n<p><span>T\u011b\u017eko \u0159\u00edct, co bude d\u00e1l.\u00a0Jist\u00e9 je, \u017ee z\u00e1padn\u00ed pomoc prudce kles\u00e1 a \u017ee Ukrajina u\u017e z\u0159ejm\u011b vojensky dlouho nevydr\u017e\u00ed.\u00a0Nikdo nev\u00ed, zda a kdy Rusko zah\u00e1j\u00ed rozs\u00e1hlou ofenz\u00edvu.\u00a0Nen\u00ed tak\u00e9 jasn\u00e9, zda a kdy Kyjev ustoup\u00ed tlaku a po\u017e\u00e1d\u00e1 Moskvu o jedn\u00e1n\u00ed.\u00a0Nen\u00ed tak\u00e9 jasn\u00e9, zda by to Zelenskij st\u00e1le ud\u011blal, nebo zda by byl Zelenskij svr\u017een, proto\u017ee nespokojenost s n\u00edm roste na v\u0161ech stran\u00e1ch.<\/span><\/p>\n<p><span>USA by byly asi nejrad\u011bji, kdyby Ukrajina d\u00e1l bojovala do posledn\u00edho Ukrajince a EU ji vojensky i finan\u010dn\u011b podpo\u0159ila, zat\u00edmco USA od n\u00e1kladn\u00e9ho ukrajinsk\u00e9ho dobrodru\u017estv\u00ed ustoup\u00ed, co\u017e se mezit\u00edm stalo.\u00a0To by st\u00e1lo des\u00edtky tis\u00edc ukrajinsk\u00fdch \u017eivot\u016f a des\u00edtky miliard pen\u011bz evropsk\u00fdch da\u0148ov\u00fdch poplatn\u00edk\u016f, ale to by USA nem\u011blo vadit.<\/span><\/p>\n<p><span>N\u00e1sleduj\u00edc\u00ed t\u00fddny pravd\u011bpodobn\u011b uk\u00e1\u017eou, co bude d\u00e1l, proto\u017ee bez podpory USA budou EU i ukrajinsk\u00e1 vl\u00e1da pod obrovsk\u00fdm tlakem jednat.<\/span><\/p>\n<p><a href=\"https:\/\/www.anti-spiegel.ru\/2023\/usa-beschliessen-haushalt-ohne-hilfen-fuer-kiew\/\">Thomas R\u00f6per<\/a><\/p>\n<p>&nbsp;<\/p>\n<p><a href=\"https:\/\/stranapro.cz\/\"><img decoding=\"async\" loading=\"lazy\" class=\"wp-image-40286 aligncenter\" src=\"http:\/\/www.infokuryr.cz\/n\/wp-content\/uploads\/2023\/11\/12pro-300x87.png\" alt=\"\" width=\"1028\" height=\"298\" srcset=\"https:\/\/www.infokuryr.cz\/n\/wp-content\/uploads\/2023\/11\/12pro-300x87.png 300w, https:\/\/www.infokuryr.cz\/n\/wp-content\/uploads\/2023\/11\/12pro.png 366w\" sizes=\"(max-width: 1028px) 100vw, 1028px\" \/><\/a><\/p>\n<p>&nbsp;<\/p>\n<p>&nbsp;<\/p>\n","protected":false},"excerpt":{"rendered":"<p>Americk\u00fd prezident Biden schv\u00e1lil nov\u00fd z\u00e1kon o rozpo\u010dtu, kter\u00fd ji\u017e nepo\u010d\u00edt\u00e1 s pomoc\u00ed pro Kyjev.\u00a0Obecn\u011b&#8230;<\/p>\n","protected":false},"author":2,"featured_media":27199,"comment_status":"closed","ping_status":"closed","sticky":false,"template":"","format":"standard","meta":[],"categories":[7],"tags":[45,1076,26,37],"_links":{"self":[{"href":"https:\/\/www.infokuryr.cz\/n\/wp-json\/wp\/v2\/posts\/40524"}],"collection":[{"href":"https:\/\/www.infokuryr.cz\/n\/wp-json\/wp\/v2\/posts"}],"about":[{"href":"https:\/\/www.infokuryr.cz\/n\/wp-json\/wp\/v2\/types\/post"}],"author":[{"embeddable":true,"href":"https:\/\/www.infokuryr.cz\/n\/wp-json\/wp\/v2\/users\/2"}],"replies":[{"embeddable":true,"href":"https:\/\/www.infokuryr.cz\/n\/wp-json\/wp\/v2\/comments?post=40524"}],"version-history":[{"count":0,"href":"https:\/\/www.infokuryr.cz\/n\/wp-json\/wp\/v2\/posts\/40524\/revisions"}],"wp:featuredmedia":[{"embeddable":true,"href":"https:\/\/www.infokuryr.cz\/n\/wp-json\/wp\/v2\/media\/27199"}],"wp:attachment":[{"href":"https:\/\/www.infokuryr.cz\/n\/wp-json\/wp\/v2\/media?parent=40524"}],"wp:term":[{"taxonomy":"category","embeddable":true,"href":"https:\/\/www.infokuryr.cz\/n\/wp-json\/wp\/v2\/categories?post=40524"},{"taxonomy":"post_tag","embeddable":true,"href":"https:\/\/www.infokuryr.cz\/n\/wp-json\/wp\/v2\/tags?post=40524"}],"curies":[{"name":"wp","href":"https:\/\/api.w.org\/{rel}","templated":true}]}}