{"id":40513,"date":"2023-11-19T01:16:07","date_gmt":"2023-11-19T00:16:07","guid":{"rendered":"https:\/\/www.infokuryr.cz\/n\/?p=40513"},"modified":"2023-11-18T19:52:26","modified_gmt":"2023-11-18T18:52:26","slug":"erdogan-v-tore-neni-zadna-zminka-o-utocich-na-nemocnice-a-zabijeni-deti","status":"publish","type":"post","link":"https:\/\/www.infokuryr.cz\/n\/2023\/11\/19\/erdogan-v-tore-neni-zadna-zminka-o-utocich-na-nemocnice-a-zabijeni-deti\/","title":{"rendered":"Erdogan: V T\u00f3\u0159e nen\u00ed \u017e\u00e1dn\u00e1 zm\u00ednka o \u00fatoc\u00edch na nemocnice a zab\u00edjen\u00ed d\u011bt\u00ed"},"content":{"rendered":"<div id=\"fb-root\"><\/div>\n<p class=\"lead\"><strong>Tureck\u00fd prezident Recep Tayyip Erdogan ost\u0159e kritizoval Izrael za jeho leteck\u00e9 bombardov\u00e1n\u00ed a pozemn\u00ed operace proti Gaze.\u00a0Informuje o tom Arab News.<\/strong><\/p>\n<p><span>Tureck\u00fd v\u016fdce u\u010dinil odpov\u00eddaj\u00edc\u00ed prohl\u00e1\u0161en\u00ed b\u011bhem sv\u00e9 n\u00e1v\u0161t\u011bvy v N\u011bmecku.\u00a0Erdogan poznamenal, \u017ee v \u017eidovsk\u00e9 svat\u00e9 knize nen\u00ed m\u00edsto pro \u00fatoky na d\u011bti a \u00fatoky na nemocnice.<\/span><\/p>\n<p><span>Tureck\u00fd prezident\u00a0b\u011bhem setk\u00e1n\u00ed s n\u011bmeck\u00fdm kancl\u00e9\u0159em\u00a0<\/span><strong><span>Olafem Scholzem \u0159ekl:<\/span><\/strong><\/p>\n<p><em>&#8222;T\u00f3ra se nezmi\u0148uje o zasa\u017een\u00ed nemocnic nebo zab\u00edjen\u00ed d\u011bt\u00ed.&#8220;\u00a0To nem\u016f\u017eou.&#8220;<\/em><\/p>\n<p><img decoding=\"async\" loading=\"lazy\" class=\"alignnone size-full wp-image-1185\" src=\"http:\/\/www.infokuryr.cz\/n\/wp-content\/uploads\/2021\/04\/kuryr-podpis.png\" alt=\"\" width=\"84\" height=\"24\" \/><\/p>\n<p>&nbsp;<\/p>\n<p><a href=\"https:\/\/stranapro.cz\/\"><img decoding=\"async\" loading=\"lazy\" class=\"wp-image-40286 aligncenter\" src=\"http:\/\/www.infokuryr.cz\/n\/wp-content\/uploads\/2023\/11\/12pro-300x87.png\" alt=\"\" width=\"848\" height=\"246\" srcset=\"https:\/\/www.infokuryr.cz\/n\/wp-content\/uploads\/2023\/11\/12pro-300x87.png 300w, https:\/\/www.infokuryr.cz\/n\/wp-content\/uploads\/2023\/11\/12pro.png 366w\" sizes=\"(max-width: 848px) 100vw, 848px\" \/><\/a><\/p>\n<p>&nbsp;<\/p>\n<p>&nbsp;<\/p>\n<p>&nbsp;<\/p>\n","protected":false},"excerpt":{"rendered":"<p>Tureck\u00fd prezident Recep Tayyip Erdogan ost\u0159e kritizoval Izrael za jeho leteck\u00e9 bombardov\u00e1n\u00ed a pozemn\u00ed operace&#8230;<\/p>\n","protected":false},"author":2,"featured_media":39017,"comment_status":"closed","ping_status":"closed","sticky":false,"template":"","format":"standard","meta":[],"categories":[7],"tags":[245,56,107,1083,92],"_links":{"self":[{"href":"https:\/\/www.infokuryr.cz\/n\/wp-json\/wp\/v2\/posts\/40513"}],"collection":[{"href":"https:\/\/www.infokuryr.cz\/n\/wp-json\/wp\/v2\/posts"}],"about":[{"href":"https:\/\/www.infokuryr.cz\/n\/wp-json\/wp\/v2\/types\/post"}],"author":[{"embeddable":true,"href":"https:\/\/www.infokuryr.cz\/n\/wp-json\/wp\/v2\/users\/2"}],"replies":[{"embeddable":true,"href":"https:\/\/www.infokuryr.cz\/n\/wp-json\/wp\/v2\/comments?post=40513"}],"version-history":[{"count":1,"href":"https:\/\/www.infokuryr.cz\/n\/wp-json\/wp\/v2\/posts\/40513\/revisions"}],"predecessor-version":[{"id":40514,"href":"https:\/\/www.infokuryr.cz\/n\/wp-json\/wp\/v2\/posts\/40513\/revisions\/40514"}],"wp:featuredmedia":[{"embeddable":true,"href":"https:\/\/www.infokuryr.cz\/n\/wp-json\/wp\/v2\/media\/39017"}],"wp:attachment":[{"href":"https:\/\/www.infokuryr.cz\/n\/wp-json\/wp\/v2\/media?parent=40513"}],"wp:term":[{"taxonomy":"category","embeddable":true,"href":"https:\/\/www.infokuryr.cz\/n\/wp-json\/wp\/v2\/categories?post=40513"},{"taxonomy":"post_tag","embeddable":true,"href":"https:\/\/www.infokuryr.cz\/n\/wp-json\/wp\/v2\/tags?post=40513"}],"curies":[{"name":"wp","href":"https:\/\/api.w.org\/{rel}","templated":true}]}}