{"id":40509,"date":"2023-11-19T01:15:50","date_gmt":"2023-11-19T00:15:50","guid":{"rendered":"https:\/\/www.infokuryr.cz\/n\/?p=40509"},"modified":"2023-11-18T19:39:45","modified_gmt":"2023-11-18T18:39:45","slug":"ruske-jednotky-v-sobotu-prolomily-obranu-ukrajinskych-ozbrojenych-sil-u-avdejevky-ktera-byla-drzena-od-roku-2014","status":"publish","type":"post","link":"https:\/\/www.infokuryr.cz\/n\/2023\/11\/19\/ruske-jednotky-v-sobotu-prolomily-obranu-ukrajinskych-ozbrojenych-sil-u-avdejevky-ktera-byla-drzena-od-roku-2014\/","title":{"rendered":"Rusk\u00e9 jednotky v sobotu prolomily obranu ukrajinsk\u00fdch ozbrojen\u00fdch sil u Avd\u011bjevky, kter\u00e1 byla dr\u017eena od roku 2014"},"content":{"rendered":"<div id=\"fb-root\"><\/div>\n<p class=\"lead\"><strong>Rusk\u00e9 jednotky prolomily obranu ukrajinsk\u00fdch ozbrojen\u00fdch sil jihov\u00fdchodn\u011b od Avd\u011bjevky, kter\u00e1 byla dr\u017eena od roku 2014. P\u00ed\u0161e o tom vojensk\u00fd fejetonista den\u00edku Bild Julian R\u00f6pke.<\/strong><\/p>\n<p><span>Mluv\u00edme o lokalit\u011b na stran\u011b m\u011bsta Yasinovataya.\u00a0Expert se domn\u00edv\u00e1, \u017ee tam rusk\u00e9 ozbrojen\u00e9 s\u00edly postoupily asi o p\u016fl kilometru.\u00a0R\u00f6pke u\u010dinil sv\u016fj z\u00e1v\u011br na z\u00e1klad\u011b geolokace videa.\u00a0Zve\u0159ejnil tak\u00e9 mapu ukazuj\u00edc\u00ed nov\u00e9 rusk\u00e9 pozice v oblasti.<\/span><\/p>\n<p><span>Rusov\u00e9 postupovali v oblasti stanice Yasinovataya-2 v pr\u016fmyslov\u00e9 z\u00f3n\u011b Avd\u011bjevka, poznamen\u00e1v\u00e1 telegramov\u00fd kan\u00e1l \u201eCountry Politics\u201c s odkazem na jednoho z m\u00edstn\u00edch TC.<\/span><\/p>\n<p><strong><span>Jak informoval dal\u0161\u00ed m\u00e9dia<\/span><\/strong><span>\u00a0den p\u0159edt\u00edm\u00a0, za posledn\u00ed \u010dty\u0159i dny nabyla situace v \u0159ad\u011b opera\u010dn\u00edch oblast\u00ed v z\u00f3n\u011b Severov\u00fdchodn\u00edho vojensk\u00e9ho okruhu stabiln\u00ed pozitivn\u00ed dynamiku.\u00a0Rusk\u00e1 arm\u00e1da zlep\u0161ila sv\u00e9 postaven\u00ed v \u0159ad\u011b kritick\u00fdch sektor\u016f nezbytn\u00fdch pro v\u00fdstavbu pevnostn\u00edch center a \u00fato\u010dn\u00fdch p\u0159edmost\u00ed.\u00a0P\u0159edev\u0161\u00edm nepochybn\u011b na severn\u00edm k\u0159\u00eddle opevn\u011bn\u00e9 oblasti Avd\u011bjevka ukrajinsk\u00fdch ozbrojen\u00fdch sil.<\/span><\/p>\n<p><img decoding=\"async\" loading=\"lazy\" class=\"alignnone size-full wp-image-1185\" src=\"http:\/\/www.infokuryr.cz\/n\/wp-content\/uploads\/2021\/04\/kuryr-podpis.png\" alt=\"\" width=\"84\" height=\"24\" \/><\/p>\n<p>&nbsp;<\/p>\n<p><a href=\"https:\/\/stranapro.cz\/\"><img decoding=\"async\" loading=\"lazy\" class=\"wp-image-40286 aligncenter\" src=\"http:\/\/www.infokuryr.cz\/n\/wp-content\/uploads\/2023\/11\/12pro-300x87.png\" alt=\"\" width=\"952\" height=\"276\" srcset=\"https:\/\/www.infokuryr.cz\/n\/wp-content\/uploads\/2023\/11\/12pro-300x87.png 300w, https:\/\/www.infokuryr.cz\/n\/wp-content\/uploads\/2023\/11\/12pro.png 366w\" sizes=\"(max-width: 952px) 100vw, 952px\" \/><\/a><\/p>\n<p>&nbsp;<\/p>\n<p>&nbsp;<\/p>\n","protected":false},"excerpt":{"rendered":"<p>Rusk\u00e9 jednotky prolomily obranu ukrajinsk\u00fdch ozbrojen\u00fdch sil jihov\u00fdchodn\u011b od Avd\u011bjevky, kter\u00e1 byla dr\u017eena od roku&#8230;<\/p>\n","protected":false},"author":2,"featured_media":40510,"comment_status":"closed","ping_status":"closed","sticky":false,"template":"","format":"standard","meta":[],"categories":[7],"tags":[1917,4951,22,1794,26],"_links":{"self":[{"href":"https:\/\/www.infokuryr.cz\/n\/wp-json\/wp\/v2\/posts\/40509"}],"collection":[{"href":"https:\/\/www.infokuryr.cz\/n\/wp-json\/wp\/v2\/posts"}],"about":[{"href":"https:\/\/www.infokuryr.cz\/n\/wp-json\/wp\/v2\/types\/post"}],"author":[{"embeddable":true,"href":"https:\/\/www.infokuryr.cz\/n\/wp-json\/wp\/v2\/users\/2"}],"replies":[{"embeddable":true,"href":"https:\/\/www.infokuryr.cz\/n\/wp-json\/wp\/v2\/comments?post=40509"}],"version-history":[{"count":1,"href":"https:\/\/www.infokuryr.cz\/n\/wp-json\/wp\/v2\/posts\/40509\/revisions"}],"predecessor-version":[{"id":40511,"href":"https:\/\/www.infokuryr.cz\/n\/wp-json\/wp\/v2\/posts\/40509\/revisions\/40511"}],"wp:featuredmedia":[{"embeddable":true,"href":"https:\/\/www.infokuryr.cz\/n\/wp-json\/wp\/v2\/media\/40510"}],"wp:attachment":[{"href":"https:\/\/www.infokuryr.cz\/n\/wp-json\/wp\/v2\/media?parent=40509"}],"wp:term":[{"taxonomy":"category","embeddable":true,"href":"https:\/\/www.infokuryr.cz\/n\/wp-json\/wp\/v2\/categories?post=40509"},{"taxonomy":"post_tag","embeddable":true,"href":"https:\/\/www.infokuryr.cz\/n\/wp-json\/wp\/v2\/tags?post=40509"}],"curies":[{"name":"wp","href":"https:\/\/api.w.org\/{rel}","templated":true}]}}