{"id":40496,"date":"2023-11-19T01:12:51","date_gmt":"2023-11-19T00:12:51","guid":{"rendered":"https:\/\/www.infokuryr.cz\/n\/?p=40496"},"modified":"2023-11-18T19:11:16","modified_gmt":"2023-11-18T18:11:16","slug":"zahranicni-zoldaci-na-ukrajine-se-pousteji-mezi-sebou-do-krvavych-sarvatek","status":"publish","type":"post","link":"https:\/\/www.infokuryr.cz\/n\/2023\/11\/19\/zahranicni-zoldaci-na-ukrajine-se-pousteji-mezi-sebou-do-krvavych-sarvatek\/","title":{"rendered":"Zahrani\u010dn\u00ed \u017eold\u00e1ci na Ukrajin\u011b se pou\u0161t\u011bj\u00ed mezi sebou do krvav\u00fdch \u0161arv\u00e1tek"},"content":{"rendered":"<div id=\"fb-root\"><\/div>\n<p><span style=\"font-size: 18pt;\"><b style=\"font-size: 18pt;\">Zahrani\u010dn\u00ed bojovn\u00edci na opileck\u00e9 <\/b><span style=\"font-size: 24px;\"><b>party<\/b><\/span><b style=\"font-size: 18pt;\"> v Kyjev\u011b \u00fadajn\u011b skon\u010dili ve rva\u010dce, p\u0159i kter\u00e9 byli zran\u011bni ob\u010dan\u00e9 USA, Kanady a Rumunska<\/b><\/span><\/p>\n<p><span>\u010cty\u0159i \u010dlenov\u00e9 ukrajinsk\u00e9 Mezin\u00e1rodn\u00ed legie byli zapojeni do opileck\u00e9 rva\u010dky na ve\u010d\u00edrku minul\u00fd v\u00edkend v Kyjev\u011b, informoval v sobotu zpravodajsk\u00fd server \u201eStrana\u201c s odvol\u00e1n\u00edm na policejn\u00ed zdroje.\u00a0Dov\u00e1d\u011bn\u00ed bojovn\u00edka mimo slu\u017ebu skon\u010dilo podle webu t\u00edm, \u017ee jeden z nich bodl a ude\u0159il ostatn\u00ed.<\/span><\/p>\n<p><span>Brit, Ameri\u010dan, Kana\u010fan a Rumun se se\u0161li v soukrom\u00e9 rezidenci v jihov\u00fdchodn\u00ed \u010d\u00e1sti ukrajinsk\u00e9ho hlavn\u00edho m\u011bsta, vysv\u011btlil \u201eStrana\u201c.\u00a0To, co za\u010dalo jako pop\u00edjen\u00ed, se brzy \u00fadajn\u011b zvrhlo v h\u00e1dku a skon\u010dilo fyzickou poty\u010dkou.<\/span><\/p>\n<p><span>Brit b\u011bhem poty\u010dky bodl sv\u00e9 americk\u00e9 a kanadsk\u00e9 spolubojovn\u00edky no\u017eem do pa\u017e\u00ed a nohou a podle zpr\u00e1vy Rumuna ude\u0159il a zlomil mu \u010delist.\u00a0V\u0161ichni t\u0159i mu\u017ei byli n\u00e1sledn\u011b hospitalizov\u00e1ni, vysv\u011btlil zdroj.\u00a0Britsk\u00fd ob\u010dan je\u0161t\u011b nebyl zat\u010den, dodala Strana s podrobnostmi o tom, jak ukrajinsk\u00e9 org\u00e1ny \u010dinn\u00e9 v trestn\u00edm \u0159\u00edzen\u00ed incident st\u00e1le vyhodnocuj\u00ed.<\/span><\/p>\n<p><span>Motivy n\u00e1sil\u00ed z\u016fst\u00e1vaj\u00ed nejasn\u00e9.\u00a0Ani p\u0159edstavitel\u00e9 Kyjeva, ani z\u00e1padn\u00ed p\u0159edstavitel\u00e9 se k situaci zat\u00edm nevyj\u00e1d\u0159ili.<\/span><\/p>\n<div class=\"read-more large\" data-has-alias=\"\"><a href=\"https:\/\/stranapro.cz\/\"><img decoding=\"async\" loading=\"lazy\" class=\" wp-image-40285 aligncenter\" src=\"http:\/\/www.infokuryr.cz\/n\/wp-content\/uploads\/2023\/11\/11pro-300x79.png\" alt=\"\" width=\"615\" height=\"162\" srcset=\"https:\/\/www.infokuryr.cz\/n\/wp-content\/uploads\/2023\/11\/11pro-300x79.png 300w, https:\/\/www.infokuryr.cz\/n\/wp-content\/uploads\/2023\/11\/11pro.png 363w\" sizes=\"(max-width: 615px) 100vw, 615px\" \/><\/a><\/div>\n<p><span>Ukrajinsk\u00fd prezident Vladimir Zelenskyj vyzval cizince, aby se p\u0159ipojili k mezin\u00e1rodn\u00ed legii t\u0159i dny pot\u00e9, co Moskva loni zah\u00e1jila vojenskou operaci proti Kyjevu.\u00a0Na v\u00fdzvu odpov\u011bd\u011bly tis\u00edce, ale brzy se objevily p\u0159\u00edb\u011bhy o \u0161patn\u011b p\u0159ipraven\u00fdch rekrutech, neschopn\u00fdch velitel\u00edch a stra\u0161liv\u00fdch ztr\u00e1t\u00e1ch.\u00a0Zahrani\u010dn\u00ed bojovn\u00edci na Ukrajin\u011b od t\u00e9 doby soustavn\u011b\u00a0<\/span><a href=\"https:\/\/swentr.site\/russia\/579401-foreign-mercenary-life-ukraine\/\" target=\"_blank\" rel=\"noopener noreferrer\"><span>popisuj\u00ed<\/span><\/a><span>\u00a0podm\u00ednky na front\u011b jako\u00a0<\/span><em><span>\u201epeklo\u201c,<\/span><\/em><span>\u00a0p\u0159i\u010dem\u017e po\u010det ob\u011bt\u00ed v n\u011bkter\u00fdch jednotk\u00e1ch b\u011bhem letn\u00ed protiofenz\u00edvy\u00a0<\/span><a href=\"https:\/\/swentr.site\/russia\/581460-ukraine-casualty-rate-counteroffensive\/\" target=\"_blank\" rel=\"noopener noreferrer\"><span>\u00fadajn\u011b<\/span><\/a><span>\u00a0a\u017e 85 %.<\/span><\/p>\n<p><span>Rusk\u00e9 ministerstvo obrany v \u010dervenci odhadlo, \u017ee od za\u010d\u00e1tku konfliktu putovalo na Ukrajinu asi 12 000 najat\u00fdch \u017eold\u00e1k\u016f. Do \u010dervence jich v zemi z\u016fstalo jen 2200, z toho 5000 zabit\u00fdch a zbytek uprchl z Ukrajiny, dodalo ministerstvo.<\/span><\/p>\n<p><span>V z\u00e1\u0159\u00ed britsk\u00e9 ministerstvo zahrani\u010d\u00ed potvrdilo dal\u0161\u00ed incident, tento se t\u00fdkal britsk\u00e9ho st\u00e1tn\u00edho p\u0159\u00edslu\u0161n\u00edka na Ukrajin\u011b.\u00a0Ostatky britsk\u00e9ho \u017eold\u00e1ka \u2013 identifikovan\u00e9ho jako Jordan Chadwick \u2013 byly objeveny uv\u00e1zan\u00e9 ve vody b\u011bhem l\u00e9ta.<\/span><\/p>\n<p><span>Nebylo jasn\u00e9, kde Chadwick zem\u0159el nebo kdo ho zabil.\u00a0Stejn\u011b tak nen\u00ed zn\u00e1mo, zda se Brit utopil nebo byl mrtv\u00fd, ne\u017e skon\u010dil ve vod\u011b.\u00a0Ukrajinsk\u00e9 \u00fa\u0159ady v\u0161ak tehdy uvedly, \u017ee vy\u0161et\u0159ov\u00e1n\u00ed incidentu bude zah\u00e1jeno nejd\u0159\u00edve v \u00fanoru p\u0159\u00ed\u0161t\u00edho roku.<\/span><\/p>\n<p><img decoding=\"async\" loading=\"lazy\" class=\"alignnone size-full wp-image-1185\" src=\"http:\/\/www.infokuryr.cz\/n\/wp-content\/uploads\/2021\/04\/kuryr-podpis.png\" alt=\"\" width=\"84\" height=\"24\" \/><\/p>\n<p>&nbsp;<\/p>\n<p>&nbsp;<\/p>\n","protected":false},"excerpt":{"rendered":"<p>Zahrani\u010dn\u00ed bojovn\u00edci na opileck\u00e9 party v Kyjev\u011b \u00fadajn\u011b skon\u010dili ve rva\u010dce, p\u0159i kter\u00e9 byli zran\u011bni&#8230;<\/p>\n","protected":false},"author":2,"featured_media":19217,"comment_status":"closed","ping_status":"closed","sticky":false,"template":"","format":"standard","meta":[],"categories":[7],"tags":[4418,4348,26,1870],"_links":{"self":[{"href":"https:\/\/www.infokuryr.cz\/n\/wp-json\/wp\/v2\/posts\/40496"}],"collection":[{"href":"https:\/\/www.infokuryr.cz\/n\/wp-json\/wp\/v2\/posts"}],"about":[{"href":"https:\/\/www.infokuryr.cz\/n\/wp-json\/wp\/v2\/types\/post"}],"author":[{"embeddable":true,"href":"https:\/\/www.infokuryr.cz\/n\/wp-json\/wp\/v2\/users\/2"}],"replies":[{"embeddable":true,"href":"https:\/\/www.infokuryr.cz\/n\/wp-json\/wp\/v2\/comments?post=40496"}],"version-history":[{"count":0,"href":"https:\/\/www.infokuryr.cz\/n\/wp-json\/wp\/v2\/posts\/40496\/revisions"}],"wp:featuredmedia":[{"embeddable":true,"href":"https:\/\/www.infokuryr.cz\/n\/wp-json\/wp\/v2\/media\/19217"}],"wp:attachment":[{"href":"https:\/\/www.infokuryr.cz\/n\/wp-json\/wp\/v2\/media?parent=40496"}],"wp:term":[{"taxonomy":"category","embeddable":true,"href":"https:\/\/www.infokuryr.cz\/n\/wp-json\/wp\/v2\/categories?post=40496"},{"taxonomy":"post_tag","embeddable":true,"href":"https:\/\/www.infokuryr.cz\/n\/wp-json\/wp\/v2\/tags?post=40496"}],"curies":[{"name":"wp","href":"https:\/\/api.w.org\/{rel}","templated":true}]}}