{"id":40470,"date":"2023-11-19T01:01:56","date_gmt":"2023-11-19T00:01:56","guid":{"rendered":"https:\/\/www.infokuryr.cz\/n\/?p=40470"},"modified":"2023-11-18T17:08:16","modified_gmt":"2023-11-18T16:08:16","slug":"kvuli-valce-v-gaze-opec-hrozi-dalsim-omezenim-tezby-ropy","status":"publish","type":"post","link":"https:\/\/www.infokuryr.cz\/n\/2023\/11\/19\/kvuli-valce-v-gaze-opec-hrozi-dalsim-omezenim-tezby-ropy\/","title":{"rendered":"Kv\u016fli v\u00e1lce v Gaze: OPEC+ hroz\u00ed dal\u0161\u00edm omezen\u00edm t\u011b\u017eby ropy"},"content":{"rendered":"<div id=\"fb-root\"><\/div>\n<p><strong>OPEC+ bude m\u00edt dal\u0161\u00ed zased\u00e1n\u00ed za n\u011bkolik dn\u00ed.\u00a0Tam se pravd\u011bpodobn\u011b rozhodne o dal\u0161\u00edm sn\u00ed\u017een\u00ed produkce ve v\u00fd\u0161i jednoho milionu barel\u016f denn\u011b.\u00a0D\u016fvodem je slab\u00fd cenov\u00fd v\u00fdvoj a nespokojenost s v\u00e1lkou v Gaze.\u00a0Masivn\u00ed podpora Z\u00e1padu Izraeli roz\u010diluje n\u011bkter\u00e9 isl\u00e1msk\u00e9 zem\u011b.<\/strong><\/p>\n<p>Cena za barel ropy je v sou\u010dasnosti v\u00fdrazn\u011b pod 100 USD.\u00a0To by se v\u0161ak mohlo brzy zm\u011bnit.\u00a0Dal\u0161\u00ed zased\u00e1n\u00ed ropn\u00e9ho kartelu OPEC+ se uskute\u010dn\u00ed 26. listopadu, na kter\u00e9m se uv\u00e1d\u00ed,\u00a0<a href=\"https:\/\/www.ft.com\/content\/b2828be2-a3a7-4b3f-bb50-d816ee7162ca\">\u017ee<\/a>\u00a0se rozhodne o dal\u0161\u00edm sn\u00ed\u017een\u00ed t\u011b\u017eby o jeden milion barel\u016f denn\u011b.\u00a0Je to d\u00e1no na jedn\u00e9 stran\u011b slab\u00fdm v\u00fdvojem cen (pro producentsk\u00e9 zem\u011b) a na druh\u00e9 stran\u011b nespokojenost\u00ed s v\u00e1lkou v Gaze.<\/p>\n<figure class=\"wp-block-embed is-type-rich is-provider-twitter wp-block-embed-twitter\">\n<div class=\"wp-block-embed__wrapper\">\n<div class=\"twitter-tweet twitter-tweet-rendered\"><iframe id=\"twitter-widget-0\" class=\"\" title=\"Twitter Tweet\" src=\"https:\/\/platform.twitter.com\/embed\/Tweet.html?dnt=true&amp;embedId=twitter-widget-0&amp;features=eyJ0ZndfdGltZWxpbmVfbGlzdCI6eyJidWNrZXQiOltdLCJ2ZXJzaW9uIjpudWxsfSwidGZ3X2ZvbGxvd2VyX2NvdW50X3N1bnNldCI6eyJidWNrZXQiOnRydWUsInZlcnNpb24iOm51bGx9LCJ0ZndfdHdlZXRfZWRpdF9iYWNrZW5kIjp7ImJ1Y2tldCI6Im9uIiwidmVyc2lvbiI6bnVsbH0sInRmd19yZWZzcmNfc2Vzc2lvbiI6eyJidWNrZXQiOiJvbiIsInZlcnNpb24iOm51bGx9LCJ0ZndfZm9zbnJfc29mdF9pbnRlcnZlbnRpb25zX2VuYWJsZWQiOnsiYnVja2V0Ijoib24iLCJ2ZXJzaW9uIjpudWxsfSwidGZ3X21peGVkX21lZGlhXzE1ODk3Ijp7ImJ1Y2tldCI6InRyZWF0bWVudCIsInZlcnNpb24iOm51bGx9LCJ0ZndfZXhwZXJpbWVudHNfY29va2llX2V4cGlyYXRpb24iOnsiYnVja2V0IjoxMjA5NjAwLCJ2ZXJzaW9uIjpudWxsfSwidGZ3X3Nob3dfYmlyZHdhdGNoX3Bpdm90c19lbmFibGVkIjp7ImJ1Y2tldCI6Im9uIiwidmVyc2lvbiI6bnVsbH0sInRmd19kdXBsaWNhdGVfc2NyaWJlc190b19zZXR0aW5ncyI6eyJidWNrZXQiOiJvbiIsInZlcnNpb24iOm51bGx9LCJ0ZndfdXNlX3Byb2ZpbGVfaW1hZ2Vfc2hhcGVfZW5hYmxlZCI6eyJidWNrZXQiOiJvbiIsInZlcnNpb24iOm51bGx9LCJ0ZndfdmlkZW9faGxzX2R5bmFtaWNfbWFuaWZlc3RzXzE1MDgyIjp7ImJ1Y2tldCI6InRydWVfYml0cmF0ZSIsInZlcnNpb24iOm51bGx9LCJ0ZndfbGVnYWN5X3RpbWVsaW5lX3N1bnNldCI6eyJidWNrZXQiOnRydWUsInZlcnNpb24iOm51bGx9LCJ0ZndfdHdlZXRfZWRpdF9mcm9udGVuZCI6eyJidWNrZXQiOiJvbiIsInZlcnNpb24iOm51bGx9fQ%3D%3D&amp;frame=false&amp;hideCard=false&amp;hideThread=false&amp;id=1725590012899545453&amp;lang=cs&amp;origin=https%3A%2F%2Freport24.news%2Fwegen-gaza-krieg-opec-droht-mit-weiteren-oelfoerderkuerzungen%2F&amp;sessionId=cf89822d19a43a9467b6920fa51e70ac2a1f3538&amp;theme=light&amp;widgetsVersion=01917f4d1d4cb%3A1696883169554&amp;width=550px\" frameborder=\"0\" scrolling=\"no\" allowfullscreen=\"allowfullscreen\" data-tweet-id=\"1725590012899545453\" data-mce-fragment=\"1\"><\/iframe><\/div>\n<\/div>\n<\/figure>\n<p>Zejm\u00e9na arabsk\u00e9 sponzorsk\u00e9 zem\u011b cht\u011bj\u00ed j\u00edt p\u0159\u00edkladem, zvl\u00e1\u0161t\u011b kdy\u017e do konfliktu zat\u00edm p\u0159\u00edmo nezas\u00e1hly.\u00a0<strong>Zejm\u00e9na masivn\u00ed podpora USA a mnoha evropsk\u00fdch zem\u00ed Izraeli rozzlobila n\u011bkter\u00e9 isl\u00e1msk\u00e9 zem\u011b,<\/strong>\u00a0tak\u017ee nyn\u00ed cht\u011bj\u00ed p\u0159ijmout jin\u00e1 opat\u0159en\u00ed.\u00a0To zahrnuje nedostatek ropy a vy\u0161\u0161\u00ed ceny ropy.\u00a0To m\u00e1 tak\u00e9 sabotovat snahy Joea Bidena udr\u017eet n\u00edzk\u00e9 ceny pohonn\u00fdch hmot a\u017e do voleb na konci roku 2024.<\/p>\n<figure class=\"wp-block-embed is-type-rich is-provider-twitter wp-block-embed-twitter\">\n<div class=\"wp-block-embed__wrapper\">\n<div class=\"twitter-tweet twitter-tweet-rendered\"><iframe id=\"twitter-widget-1\" class=\"\" title=\"Twitter Tweet\" src=\"https:\/\/platform.twitter.com\/embed\/Tweet.html?dnt=true&amp;embedId=twitter-widget-1&amp;features=eyJ0ZndfdGltZWxpbmVfbGlzdCI6eyJidWNrZXQiOltdLCJ2ZXJzaW9uIjpudWxsfSwidGZ3X2ZvbGxvd2VyX2NvdW50X3N1bnNldCI6eyJidWNrZXQiOnRydWUsInZlcnNpb24iOm51bGx9LCJ0ZndfdHdlZXRfZWRpdF9iYWNrZW5kIjp7ImJ1Y2tldCI6Im9uIiwidmVyc2lvbiI6bnVsbH0sInRmd19yZWZzcmNfc2Vzc2lvbiI6eyJidWNrZXQiOiJvbiIsInZlcnNpb24iOm51bGx9LCJ0ZndfZm9zbnJfc29mdF9pbnRlcnZlbnRpb25zX2VuYWJsZWQiOnsiYnVja2V0Ijoib24iLCJ2ZXJzaW9uIjpudWxsfSwidGZ3X21peGVkX21lZGlhXzE1ODk3Ijp7ImJ1Y2tldCI6InRyZWF0bWVudCIsInZlcnNpb24iOm51bGx9LCJ0ZndfZXhwZXJpbWVudHNfY29va2llX2V4cGlyYXRpb24iOnsiYnVja2V0IjoxMjA5NjAwLCJ2ZXJzaW9uIjpudWxsfSwidGZ3X3Nob3dfYmlyZHdhdGNoX3Bpdm90c19lbmFibGVkIjp7ImJ1Y2tldCI6Im9uIiwidmVyc2lvbiI6bnVsbH0sInRmd19kdXBsaWNhdGVfc2NyaWJlc190b19zZXR0aW5ncyI6eyJidWNrZXQiOiJvbiIsInZlcnNpb24iOm51bGx9LCJ0ZndfdXNlX3Byb2ZpbGVfaW1hZ2Vfc2hhcGVfZW5hYmxlZCI6eyJidWNrZXQiOiJvbiIsInZlcnNpb24iOm51bGx9LCJ0ZndfdmlkZW9faGxzX2R5bmFtaWNfbWFuaWZlc3RzXzE1MDgyIjp7ImJ1Y2tldCI6InRydWVfYml0cmF0ZSIsInZlcnNpb24iOm51bGx9LCJ0ZndfbGVnYWN5X3RpbWVsaW5lX3N1bnNldCI6eyJidWNrZXQiOnRydWUsInZlcnNpb24iOm51bGx9LCJ0ZndfdHdlZXRfZWRpdF9mcm9udGVuZCI6eyJidWNrZXQiOiJvbiIsInZlcnNpb24iOm51bGx9fQ%3D%3D&amp;frame=false&amp;hideCard=false&amp;hideThread=false&amp;id=1725588279083315699&amp;lang=cs&amp;origin=https%3A%2F%2Freport24.news%2Fwegen-gaza-krieg-opec-droht-mit-weiteren-oelfoerderkuerzungen%2F&amp;sessionId=cf89822d19a43a9467b6920fa51e70ac2a1f3538&amp;theme=light&amp;widgetsVersion=01917f4d1d4cb%3A1696883169554&amp;width=550px\" frameborder=\"0\" scrolling=\"no\" allowfullscreen=\"allowfullscreen\" data-tweet-id=\"1725588279083315699\" data-mce-fragment=\"1\"><\/iframe><\/div>\n<\/div>\n<\/figure>\n<p>Vzhledem k tomu, \u017ee americk\u00e1 st\u0159edn\u00ed t\u0159\u00edda v sou\u010dasn\u00e9 dob\u011b nad\u00e1le krv\u00e1c\u00ed kv\u016fli vysok\u00e9 inflaci, byl by nov\u00fd r\u016fst cen ropy dal\u0161\u00ed ranou pro Bidenovu administrativu.\u00a0Republik\u00e1ni, kte\u0159\u00ed jsou pro\u0161pikovan\u00ed izraelsk\u00fdmi fanatick\u00fdmi evangelik\u00e1ly, na tom nejsou o nic l\u00e9pe, pokud jde o konflikt \u2013 ale takov\u00fd krok sta\u010d\u00ed k vysl\u00e1n\u00ed varovn\u00e9ho v\u00fdst\u0159elu do Washingtonu.\u00a0I kdy\u017e by to samoz\u0159ejm\u011b m\u011blo d\u00e1le pos\u00edlit snahy americk\u00fdch politik\u016f sn\u00ed\u017eit z\u00e1vislost na rop\u011b.<\/p>\n<p><img decoding=\"async\" loading=\"lazy\" class=\"alignnone size-full wp-image-1185\" src=\"http:\/\/www.infokuryr.cz\/n\/wp-content\/uploads\/2021\/04\/kuryr-podpis.png\" alt=\"\" width=\"84\" height=\"24\" \/><\/p>\n<p>&nbsp;<\/p>\n<p><a href=\"https:\/\/stranapro.cz\/\"><img decoding=\"async\" loading=\"lazy\" class=\"wp-image-40286 aligncenter\" src=\"http:\/\/www.infokuryr.cz\/n\/wp-content\/uploads\/2023\/11\/12pro-300x87.png\" alt=\"\" width=\"862\" height=\"250\" srcset=\"https:\/\/www.infokuryr.cz\/n\/wp-content\/uploads\/2023\/11\/12pro-300x87.png 300w, https:\/\/www.infokuryr.cz\/n\/wp-content\/uploads\/2023\/11\/12pro.png 366w\" sizes=\"(max-width: 862px) 100vw, 862px\" \/><\/a><\/p>\n<p>&nbsp;<\/p>\n<p>&nbsp;<\/p>\n<p>&nbsp;<\/p>\n","protected":false},"excerpt":{"rendered":"<p>OPEC+ bude m\u00edt dal\u0161\u00ed zased\u00e1n\u00ed za n\u011bkolik dn\u00ed.\u00a0Tam se pravd\u011bpodobn\u011b rozhodne o dal\u0161\u00edm sn\u00ed\u017een\u00ed produkce&#8230;<\/p>\n","protected":false},"author":2,"featured_media":40471,"comment_status":"closed","ping_status":"closed","sticky":false,"template":"","format":"standard","meta":[],"categories":[7],"tags":[348,831,310,37],"_links":{"self":[{"href":"https:\/\/www.infokuryr.cz\/n\/wp-json\/wp\/v2\/posts\/40470"}],"collection":[{"href":"https:\/\/www.infokuryr.cz\/n\/wp-json\/wp\/v2\/posts"}],"about":[{"href":"https:\/\/www.infokuryr.cz\/n\/wp-json\/wp\/v2\/types\/post"}],"author":[{"embeddable":true,"href":"https:\/\/www.infokuryr.cz\/n\/wp-json\/wp\/v2\/users\/2"}],"replies":[{"embeddable":true,"href":"https:\/\/www.infokuryr.cz\/n\/wp-json\/wp\/v2\/comments?post=40470"}],"version-history":[{"count":1,"href":"https:\/\/www.infokuryr.cz\/n\/wp-json\/wp\/v2\/posts\/40470\/revisions"}],"predecessor-version":[{"id":40472,"href":"https:\/\/www.infokuryr.cz\/n\/wp-json\/wp\/v2\/posts\/40470\/revisions\/40472"}],"wp:featuredmedia":[{"embeddable":true,"href":"https:\/\/www.infokuryr.cz\/n\/wp-json\/wp\/v2\/media\/40471"}],"wp:attachment":[{"href":"https:\/\/www.infokuryr.cz\/n\/wp-json\/wp\/v2\/media?parent=40470"}],"wp:term":[{"taxonomy":"category","embeddable":true,"href":"https:\/\/www.infokuryr.cz\/n\/wp-json\/wp\/v2\/categories?post=40470"},{"taxonomy":"post_tag","embeddable":true,"href":"https:\/\/www.infokuryr.cz\/n\/wp-json\/wp\/v2\/tags?post=40470"}],"curies":[{"name":"wp","href":"https:\/\/api.w.org\/{rel}","templated":true}]}}