{"id":40445,"date":"2023-11-18T01:09:39","date_gmt":"2023-11-18T00:09:39","guid":{"rendered":"https:\/\/www.infokuryr.cz\/n\/?p=40445"},"modified":"2023-11-17T20:09:03","modified_gmt":"2023-11-17T19:09:03","slug":"nedelnik-adama-b-bartose-152-svatomartinska-husa","status":"publish","type":"post","link":"https:\/\/www.infokuryr.cz\/n\/2023\/11\/18\/nedelnik-adama-b-bartose-152-svatomartinska-husa\/","title":{"rendered":"NED\u011aLN\u00cdK ADAMA B. BARTO\u0160E (152) SVATOMARTINSK\u00c1 HUSA"},"content":{"rendered":"<div id=\"fb-root\"><\/div>\n<p>V sobotu jsme si tradi\u010dn\u011b dali svatomartinskou husu. Se zel\u00edm, knedl\u00edky a nov\u00fdm v\u00ednem. TOP 09 m\u011bla ten den volebn\u00ed sn\u011bm. I tam padla volba na husu\u2026<span id=\"more-13963\"><\/span><\/p>\n<p>P\u016fvodn\u011b pr\u00fd m\u011bl b\u00fdt nov\u00fdm p\u0159edsedou Dominik Feri, mil\u00e1\u010dek \u017een, nebo sp\u00ed\u0161e milovn\u00edk \u017een. Nebo je\u0161t\u011b p\u0159esn\u011bji \u2013 milovn\u00edk zdrogovan\u00fdch \u017een. Nakonec nep\u0159i\u0161el, a tak nem\u011bla Mark\u00e9ta \u017e\u00e1dn\u00e9ho protikandid\u00e1ta.<\/p>\n<p>Jako \u2013 ch\u00e1pu, \u017ee z nov\u00e9ho veden\u00ed TOP 09 nen\u00ed nikdo moc nad\u0161en\u00fd, ale Karlova reakce mi p\u0159ijde fakt p\u0159ehnan\u00e1.<\/p>\n<p>A co se je\u0161t\u011b stalo? Fiala nav\u0161t\u00edvil p\u011bt zem\u00ed. Byly to tyto \u010dty\u0159i. Ve v\u0161ech t\u0159ech byl n\u00e1le\u017eit\u011b uv\u00edt\u00e1n, tak si poj\u010fme ob\u011b vyjmenovat: Etiopie.<\/p>\n<p>Mimochodem, z Etiopie poch\u00e1z\u00ed tat\u00ednek Dominika Feriho. Fiala u n\u011bj asi loboval, aby Dominikovi rozmluvil tu kandidaturu na p\u0159edsedu TOP 09.<\/p>\n<p>To se nakonec poda\u0159ilo, ale kn\u00ed\u017ee Karel, kter\u00fd Feriho kv\u016fli jeho kauze litoval a tajn\u011b mu fandil, to v TOPce na protest zabalil\u2026<\/p>\n<p>Pokud se n\u011bkdo c\u00edt\u00ed pohor\u0161en, \u017ee jsem vybral p\u00e1r reakc\u00ed z internetu a \u017ee si d\u011bl\u00e1m legraci z \u00fadajn\u011b v\u00e1\u017en\u00fdch v\u011bc\u00ed, nam\u00edtnu, \u017ee to nejde jinak. Mark\u00e9ta Pekarov\u00e1 Adamov\u00e1 je tak hloup\u00e1 politi\u010dka, \u017ee si nic jin\u00e9ho, ne\u017e abychom si z n\u00ed utahovali, nezaslou\u017e\u00ed.<\/p>\n<p>Dominik Feri byl hloup\u00fd politik, kter\u00fd l\u00e1kal nezletil\u00e9 d\u00edvky na to, \u017ee jim \u2013 citov\u00e1no dle m\u00e9di\u00ed \u2013 \u201eud\u011bl\u00e1 mal\u00e9 \u010dernou\u0161ky\u201c. Nakonec ho to st\u00e1lo jeho ob\u0159\u00ed afro\u00fa\u010des, kter\u00fd musel shodit, proto\u017ee by s n\u00edm nepro\u0161el kan\u00e1lem, kter\u00fdm nyn\u00ed pro svou ostudu mus\u00ed chodit. Mo\u017en\u00e1, \u017ee hor\u0161\u00ed trest ne\u017e \u010desk\u00e1 v\u011bznice, by bylo jeho vyho\u0161t\u011bn\u00ed \u2013 do Etiopie.<\/p>\n<p>Fiala je takov\u00fd H\u0148up, \u017ee si toho v\u0161imli u\u017e i v Nig\u00e9rii. Prezident Nig\u00e9rie se z\u0159ejm\u011b zalekl toho, \u017ee by mu Fiala \u010detl uv\u00edtac\u00ed \u0159e\u010d z pap\u00edru a hrozil by u toho p\u011bsti\u010dkou a stupidn\u011b se u toho usm\u00edval (jako v Izraeli), a tak mu rad\u011bji p\u0159es zamini vzk\u00e1zal, aby v\u016fbec nejezdil. P\u0159ijali ho v\u0161ak v Etiopii. Soud\u00edm, \u017ee by si ho tam mohli i nechat. Fiala a Feri by tam mohli b\u00fdt SPOLU. A poslal bych tam i Jure\u010dku. Pir\u00e1ty bych pro zm\u011bnu poslal do Som\u00e1lska, tam maj\u00ed tradici. A mafi\u00e1nsk\u00fdm politik\u016fm STANu by mohl azyl v JAR za\u0159\u00eddit supermafi\u00e1n Krej\u010d\u00ed\u0159\u2026<\/p>\n<p>No a smrt Karla Schwarzenberga? \u0158\u00edk\u00e1 se \u2013 o mrtv\u00fdch jen dob\u0159e, ale pro\u010d mluvit dob\u0159e o n\u011bkom, kdo \u0161kodil n\u00e1rodn\u00edm z\u00e1jm\u016fm a myslel jen na sebe a sv\u016fj majetek (p\u0159\u00edpadn\u011b majetek Lichten\u0161tajn\u016f)? Kdo jezdil na Bilderberg a do Trilater\u00e1ln\u00ed komise a tam kul pikle s lidmi jako Rockefeller nebo Soro\u0161? Schwarzenberg na rozd\u00edl od v\u0161ech v\u00fd\u0161e zm\u00edn\u011bn\u00fdch nebyl hloup\u00fd, proto si tak\u00e9 um\u011bl za\u0159\u00eddit svoji \u201erestituci\u201c. Kv\u016fli tomu si ho ale m\u00e1me v\u00e1\u017eit? Co ud\u011blal pro \u010ceskou republiku, krom toho, \u017ee ji pomlouval a zesm\u011b\u0161\u0148oval? Nezaslou\u017e\u00ed si na\u0161i vzpom\u00ednku. Nezaslou\u017e\u00ed si na\u0161i sv\u00ed\u010dku. \u2013\u00a0<a href=\"http:\/\/www.ceskenarodnilisty.cz\/clanky\/hrichy-karla-schwarzenberga-ii.html\" target=\"_blank\" rel=\"noopener\"><em><strong>tohle jsem o Karlovi napsal p\u0159ed deseti lety: H\u0159\u00edchy Karla Schwarzenberga<\/strong><\/em><\/a><\/p>\n<p>To, \u017ee n\u011bkdo poch\u00e1z\u00ed z urozen\u00e9ho rodu, je\u0161t\u011b nic neznamen\u00e1. Mus\u00ed prok\u00e1zat kvality hodn\u00e9 urozen\u00e9ho \u010dlov\u011bka, charakter, mus\u00ed slou\u017eit n\u00e1rodu, zemi, st\u00e1tu, vlasti. Schwarzenberg nepom\u00e1hal na\u0161emu lidu, ale slou\u017eil mocn\u00fdm tohoto sv\u011bta. Vet\u0159el se do p\u0159\u00edzn\u011b Havla, proto\u017ee vytu\u0161il p\u0159\u00edle\u017eitost, jak se dostat ke zkonfiskovan\u00e9mu majetku. A v\u0161e, co d\u011blal po tom, s t\u00edm souviselo. Musel se na tom v\u0161em polistopadov\u00e9m svinstvu pod\u00edlet, pokud necht\u011bl, aby se n\u011bkdo v jeho restituci za\u010dal \u0161\u0165ourat. Proto ho tak\u00e9 \u2013 \u201echud\u00e1\u010dka star\u00fdho\u201c \u2013 nutili, aby vedl tu podivnou strani\u010dku, kter\u00e1 se v\u017edy do Sn\u011bmovny dostane jen \u201ez\u00e1zrakem\u201c (bu\u010f t\u00edm, \u017ee na \u010cS\u00da \u201epraskne voda\u201c nebo t\u00edm, \u017ee se p\u0159ifa\u0159\u00ed k n\u011bkomu dal\u0161\u00edmu, proto\u017ee jinak sama \u2013 jak ostatn\u011b ukazuje i nejnov\u011bj\u0161\u00ed pr\u016fzkum \u2013 nem\u00e1 nikdy \u0161anci. Kdo norm\u00e1ln\u00ed by toti\u017e volil stranu huhlaj\u00edc\u00edho a vulg\u00e1rn\u00edho rakousk\u00e9ho \u0161lechtice, af\u00e9rami op\u0159eden\u00e9ho Kalouska, prostoduch\u00e9 Pekarov\u00e9 a za zn\u00e1siln\u011bn\u00ed nezletil\u00fdch st\u00edhan\u00e9ho Feriho?)<\/p>\n<p>V neposledn\u00ed \u0159ad\u011b mu nemohu odpustit, \u017ee urazil m\u00e9ho p\u0159\u00edtele, doktora B\u00e1toru, kdy\u017e sv\u00fdm v\u00fdrokem o tom, \u017ee B\u00e1tora ve sv\u00e9 funkci n\u00e1m\u011bstka na ministerstvu \u0161kolstv\u00ed p\u016fsob\u00ed jako p\u011bst na oko, toti\u017e pr\u00fd jako \u201epedofil v d\u00edv\u010d\u00ed \u0161kole\u201c, zp\u016fsobil onu slavn\u011b neslavnou \u201eb\u00e1tori\u00e1du\u201c? Ostatn\u011b, kdo v\u00ed, co se Karlovi honilo hlavou, kdy\u017e tento p\u0159\u00edm\u011br pou\u017eil \u2013 kdy\u017e v\u00edme, jak se zast\u00e1val \u201epedofila\u201c Feriho. Tak\u017ee \u201esv\u016fj k sv\u00e9mu\u201c, vr\u00e1na k vr\u00e1n\u011b sed\u00e1, topka\u0159 s topka\u0159em \u0161kod\u00ed, jeden zn\u00e1sil\u0148uje v pozici ministerstva zahrani\u010d\u00ed \u010desk\u00e9 n\u00e1rodn\u00ed z\u00e1jmy, druh\u00fd zn\u00e1sil\u0148uje pr\u00e1\u0161ky om\u00e1men\u00e9 \u010desk\u00e9 d\u00edvky. Ani jednoho nen\u00ed \u0161koda\u2026<\/p>\n<p>A kdy\u017e u\u017e byla \u0159e\u010d o Trilater\u00e1ln\u00ed komisi \u2013 i ona zasedala o v\u00edkendu a dokonce v Praze. Po dvaceti letech. To jsou n\u00e1hody. Nev\u00edm, zda m\u011bli i oni svatomartinskou husu, ale rozhodn\u011b tam m\u011bli Pata a Mata. P\u00e9\u0165a H\u0148up \u2013 aby to nemusel \u010d\u00edst z pap\u00edru \u2013 svou zdravici rad\u011bji nato\u010dil na video. Rezident P\u00e1vek to dal zpam\u011bti, proto\u017ee je to robot, kter\u00e9mu sta\u010d\u00ed jen str\u010dit fle\u0161ku na spr\u00e1vn\u00e9 m\u00edsto a ono se to u\u017e p\u0159ehraje. A Karel Schwarzenberg? Ten u\u017e to sv\u00e9 setk\u00e1n\u00ed \u201emocn\u00fdch\u201c nestihl\u2026<\/p>\n<p>Adam B. Barto\u0161<br \/>\np\u0159edseda N\u00e1rodn\u00ed demokracie<\/p>\n<p><a href=\"https:\/\/narodnidemokracie.cz\/nedelnik-adama-b-bartose-152-svatomartinska-husa\/\"><img decoding=\"async\" loading=\"lazy\" class=\"alignnone size-full wp-image-678\" src=\"http:\/\/www.infokuryr.cz\/n\/wp-content\/uploads\/2021\/04\/narodni_demokracie_logo.jpg\" alt=\"\" width=\"300\" height=\"85\" \/><\/a><\/p>\n<p>&nbsp;<\/p>\n<p><a href=\"https:\/\/stranapro.cz\/\"><img decoding=\"async\" loading=\"lazy\" class=\"wp-image-40286 aligncenter\" src=\"http:\/\/www.infokuryr.cz\/n\/wp-content\/uploads\/2023\/11\/12pro-300x87.png\" alt=\"\" width=\"1024\" height=\"297\" srcset=\"https:\/\/www.infokuryr.cz\/n\/wp-content\/uploads\/2023\/11\/12pro-300x87.png 300w, https:\/\/www.infokuryr.cz\/n\/wp-content\/uploads\/2023\/11\/12pro.png 366w\" sizes=\"(max-width: 1024px) 100vw, 1024px\" \/><\/a><\/p>\n<p>&nbsp;<\/p>\n<p>&nbsp;<\/p>\n","protected":false},"excerpt":{"rendered":"<p>V sobotu jsme si tradi\u010dn\u011b dali svatomartinskou husu. Se zel\u00edm, knedl\u00edky a nov\u00fdm v\u00ednem. TOP&#8230;<\/p>\n","protected":false},"author":2,"featured_media":28673,"comment_status":"closed","ping_status":"closed","sticky":false,"template":"","format":"standard","meta":[],"categories":[6],"tags":[367,29,85,122],"_links":{"self":[{"href":"https:\/\/www.infokuryr.cz\/n\/wp-json\/wp\/v2\/posts\/40445"}],"collection":[{"href":"https:\/\/www.infokuryr.cz\/n\/wp-json\/wp\/v2\/posts"}],"about":[{"href":"https:\/\/www.infokuryr.cz\/n\/wp-json\/wp\/v2\/types\/post"}],"author":[{"embeddable":true,"href":"https:\/\/www.infokuryr.cz\/n\/wp-json\/wp\/v2\/users\/2"}],"replies":[{"embeddable":true,"href":"https:\/\/www.infokuryr.cz\/n\/wp-json\/wp\/v2\/comments?post=40445"}],"version-history":[{"count":1,"href":"https:\/\/www.infokuryr.cz\/n\/wp-json\/wp\/v2\/posts\/40445\/revisions"}],"predecessor-version":[{"id":40446,"href":"https:\/\/www.infokuryr.cz\/n\/wp-json\/wp\/v2\/posts\/40445\/revisions\/40446"}],"wp:featuredmedia":[{"embeddable":true,"href":"https:\/\/www.infokuryr.cz\/n\/wp-json\/wp\/v2\/media\/28673"}],"wp:attachment":[{"href":"https:\/\/www.infokuryr.cz\/n\/wp-json\/wp\/v2\/media?parent=40445"}],"wp:term":[{"taxonomy":"category","embeddable":true,"href":"https:\/\/www.infokuryr.cz\/n\/wp-json\/wp\/v2\/categories?post=40445"},{"taxonomy":"post_tag","embeddable":true,"href":"https:\/\/www.infokuryr.cz\/n\/wp-json\/wp\/v2\/tags?post=40445"}],"curies":[{"name":"wp","href":"https:\/\/api.w.org\/{rel}","templated":true}]}}