{"id":40430,"date":"2023-11-18T01:13:02","date_gmt":"2023-11-18T00:13:02","guid":{"rendered":"https:\/\/www.infokuryr.cz\/n\/?p=40430"},"modified":"2023-11-17T19:30:06","modified_gmt":"2023-11-17T18:30:06","slug":"zelenskyj-se-obava-noveho-majdanu","status":"publish","type":"post","link":"https:\/\/www.infokuryr.cz\/n\/2023\/11\/18\/zelenskyj-se-obava-noveho-majdanu\/","title":{"rendered":"Zelenskyj se ob\u00e1v\u00e1 nov\u00e9ho \u201emajdanu\u201c"},"content":{"rendered":"<div id=\"fb-root\"><\/div>\n<p><span style=\"font-size: 18pt;\"><strong>Ukrajinsk\u00fd prezident \u00fadajn\u011b tvrdil, \u017ee v Kyjev\u011b mohou b\u00fdt masov\u00e9 protesty inspirovan\u00e9 Moskvou<\/strong><\/span><\/p>\n<p><span>Ukrajinsk\u00fd prezident Vladimir Zelenskyj ve \u010dtvrtek novin\u00e1\u0159\u016fm \u0159ekl, \u017ee podle zpr\u00e1vy agentury Bloomberg obdr\u017eel tipy na kampa\u0148 rusk\u00e9ho vlivu zam\u011b\u0159enou na destabilizaci jeho vl\u00e1dy.\u00a0Tvrdil, \u017ee ho o \u00fadajn\u00e9 operaci informovaly r\u016fzn\u00e9 zpravodajsk\u00e9 agentury.<\/span><\/p>\n<p><span>Ukrajinsk\u00e9 nejvy\u0161\u0161\u00ed veden\u00ed za\u017eilo v posledn\u00edch m\u011bs\u00edc\u00edch rozpory, v z\u00e1padn\u00edm tisku se objevila \u0159ada publikac\u00ed, kter\u00e9 vych\u00e1zely z \u00fanik\u016f od kyjevsk\u00fdch zam\u011bstnanc\u016f a popisovaly Zelensk\u00e9ho jako zv\u00e1penat\u011bl\u00e9ho p\u0159i prosazov\u00e1n\u00ed nere\u00e1ln\u00e9ho c\u00edle vytla\u010dit Rusko ze v\u0161ech \u00fazem\u00ed n\u00e1rokovan\u00fdch Kyjevem.<\/span><\/p>\n<p><span>Jeho \u00fa\u0159ad se tak\u00e9 ve\u0159ejn\u011b st\u0159etl s jedn\u00edm z nejvy\u0161\u0161\u00edch gener\u00e1l\u016f zem\u011b, Valerijem Zalu\u017en\u00fdm, kter\u00fd za\u010d\u00e1tkem tohoto m\u011bs\u00edce prohl\u00e1sil, \u017ee nep\u0159\u00e1telstv\u00ed dosp\u011blo do slep\u00e9 uli\u010dky a \u017ee neo\u010dek\u00e1v\u00e1 \u017e\u00e1dn\u00fd pr\u016flom pro Kyjev.<\/span><\/p>\n<p><span>Bloomberg v p\u00e1tek ozn\u00e1mil, \u017ee Zelenskyj tvrd\u00ed, \u017ee obdr\u017eel informace od ukrajinsk\u00fdch a sp\u0159\u00edzn\u011bn\u00fdch zpravodajsk\u00fdch slu\u017eeb, kter\u00e9 ho varovaly p\u0159ed\u00a0<\/span><em><span>\u201edezinforma\u010dn\u00edm pl\u00e1nem intern\u011b zn\u00e1m\u00fdm jako \u201aMaidan 3\u2018\u201c<\/span><\/em><span>\u00a0, kter\u00fd m\u011bl hr\u00e1t na fraktury v ob\u010dansk\u00e9 spole\u010dnosti a podn\u011bcovat povst\u00e1n\u00ed.<\/span><\/p>\n<p><span>Majdan znamen\u00e1 v ukrajin\u0161tin\u011b \u201en\u00e1m\u011bst\u00ed\u201c.\u00a0Majdan 1 a 2 jsou term\u00edny pro masov\u00e9 protesty, kter\u00e9 se konaly v letech 2004 a 2014 p\u0159edev\u0161\u00edm na kyjevsk\u00e9m n\u00e1m\u011bst\u00ed Nez\u00e1vislosti.\u00a0Ob\u011b byly nam\u00ed\u0159eny proti Viktoru Janukovy\u010dovi, b\u00fdval\u00e9mu prezidentovi, jeho\u017e z\u00e1kladna politick\u00e9 podpory byla v tehdej\u0161\u00ed v\u011bt\u0161inov\u00e9 ruskojazy\u010dn\u00e9 v\u00fdchodn\u00ed \u010d\u00e1sti zem\u011b, ale kter\u00fd se v roce 2022 p\u0159ipojil k Rusku v s\u00e9rii referend.<\/span><\/p>\n<p><a href=\"https:\/\/stranapro.cz\/\"><img decoding=\"async\" loading=\"lazy\" class=\"wp-image-40286 aligncenter\" src=\"http:\/\/www.infokuryr.cz\/n\/wp-content\/uploads\/2023\/11\/12pro-300x87.png\" alt=\"\" width=\"1128\" height=\"327\" srcset=\"https:\/\/www.infokuryr.cz\/n\/wp-content\/uploads\/2023\/11\/12pro-300x87.png 300w, https:\/\/www.infokuryr.cz\/n\/wp-content\/uploads\/2023\/11\/12pro.png 366w\" sizes=\"(max-width: 1128px) 100vw, 1128px\" \/><\/a><\/p>\n<p><span>Protest v roce 2004 byl v\u011bt\u0161inou pokojn\u00fd a \u00fasp\u011b\u0161n\u011b zvr\u00e1til Janukovy\u010dovo v\u00edt\u011bzstv\u00ed v prezidentsk\u00e9m kl\u00e1n\u00ed toho roku.\u00a0Na druhou stranu se demonstrace v roce 2014 odehr\u00e1la, kdy\u017e byl Janukovy\u010d v \u00fa\u0159adu, co\u017e ho donutilo uprchnout ze zem\u011b a rezignovat na sv\u016fj post, kdy\u017e ozbrojen\u00ed v\u00fdtr\u017en\u00edci za\u00fato\u010dili na jeho domov.<\/span><\/p>\n<p><span>N\u00e1siln\u00e9 povst\u00e1n\u00ed v roce 2014, Majdan 2, bylo podporov\u00e1no Z\u00e1padem a pos\u00edlilo nacionalistick\u00e9 s\u00edly v zemi.\u00a0Moskva ozna\u010dila politiku n\u00e1sledn\u00e9 vl\u00e1dy v pop\u0159evratov\u00e9m Kyjev\u011b za diskrimina\u010dn\u00ed v\u016f\u010di etnick\u00fdm Rus\u016fm a po\u0161kozuj\u00edc\u00ed ruskou n\u00e1rodn\u00ed bezpe\u010dnost.<\/span><\/p>\n<p><span>Zelenskij byl zvolen na z\u00e1klad\u011b slibu usm\u00ed\u0159en\u00ed s donbask\u00fdmi rebely, ale podlehl tlaku promajdansk\u00fdch nacionalist\u016f, kte\u0159\u00ed mu vyhro\u017eovali masov\u00fdmi protesty. Nyn\u00ed v\u011b\u0159\u00ed, \u017ee Rusko se sna\u017e\u00ed vyvolat chaos a rozd\u011blen\u00ed v jeho zemi a svrhnout jeho vl\u00e1du.\u00a0Bloomberg ho citoval, kdy\u017e \u0159ekl:\u00a0<\/span><em><span>\u201eMajdan je pro n\u011b (Moskva) p\u0159evrat, tak\u017ee operace je pochopiteln\u00e1.<\/span><\/em><\/p>\n<p><span>Za\u010d\u00e1tkem tohoto m\u011bs\u00edce profil ukrajinsk\u00e9ho prezidenta v \u010dasopise TIME citoval jeho bl\u00edzk\u00e9 spolupracovn\u00edky, kte\u0159\u00ed si st\u011b\u017eovali na jeho neochv\u011bjnou snahu o vojensk\u00e9 v\u00edt\u011bzstv\u00ed nad Moskvou, kter\u00e9 zpr\u00e1va nazvala \u201ena hranici\u00a0<\/span><em><span>mesi\u00e1\u0161stv\u00ed\u201c.\u00a0<\/span><\/em><span>Jeden zdroj v \u010dl\u00e1nku \u00fadajn\u011b nazval Zelenskyj blud.<\/span><\/p>\n<p><span>Gener\u00e1l Zalu\u017enyj nast\u00ednil svou vizi frontov\u00e9 situace v The Economist a uvedl, \u017ee p\u0159es ve\u0161kerou z\u00e1padn\u00ed pomoc je nepravd\u011bpodobn\u00e9, \u017ee by ukrajinsk\u00e9 jednotky provedly\u00a0<\/span><em><span>\u201ehlubok\u00fd a kr\u00e1sn\u00fd pr\u016flom\u201c.\u00a0<\/span><\/em><span>Tato pozn\u00e1mka zpochybnila Zelensk\u00e9ho uji\u0161t\u011bn\u00ed, \u017ee protiofenz\u00edva proti Rusku postupuje, a \u00fadajn\u011b rozdm\u00fdchala nap\u011bt\u00ed mezi jeho vl\u00e1dou a kyjevsk\u00fdm vojensk\u00fdm veden\u00edm.<\/span><\/p>\n<p><img decoding=\"async\" loading=\"lazy\" class=\"alignnone size-full wp-image-1185\" src=\"http:\/\/www.infokuryr.cz\/n\/wp-content\/uploads\/2021\/04\/kuryr-podpis.png\" alt=\"\" width=\"84\" height=\"24\" \/><\/p>\n<p>&nbsp;<\/p>\n<p>&nbsp;<\/p>\n","protected":false},"excerpt":{"rendered":"<p>Ukrajinsk\u00fd prezident \u00fadajn\u011b tvrdil, \u017ee v Kyjev\u011b mohou b\u00fdt masov\u00e9 protesty inspirovan\u00e9 Moskvou Ukrajinsk\u00fd prezident&#8230;<\/p>\n","protected":false},"author":2,"featured_media":36733,"comment_status":"closed","ping_status":"closed","sticky":false,"template":"","format":"standard","meta":[],"categories":[7],"tags":[2046,921,925,26,1000],"_links":{"self":[{"href":"https:\/\/www.infokuryr.cz\/n\/wp-json\/wp\/v2\/posts\/40430"}],"collection":[{"href":"https:\/\/www.infokuryr.cz\/n\/wp-json\/wp\/v2\/posts"}],"about":[{"href":"https:\/\/www.infokuryr.cz\/n\/wp-json\/wp\/v2\/types\/post"}],"author":[{"embeddable":true,"href":"https:\/\/www.infokuryr.cz\/n\/wp-json\/wp\/v2\/users\/2"}],"replies":[{"embeddable":true,"href":"https:\/\/www.infokuryr.cz\/n\/wp-json\/wp\/v2\/comments?post=40430"}],"version-history":[{"count":0,"href":"https:\/\/www.infokuryr.cz\/n\/wp-json\/wp\/v2\/posts\/40430\/revisions"}],"wp:featuredmedia":[{"embeddable":true,"href":"https:\/\/www.infokuryr.cz\/n\/wp-json\/wp\/v2\/media\/36733"}],"wp:attachment":[{"href":"https:\/\/www.infokuryr.cz\/n\/wp-json\/wp\/v2\/media?parent=40430"}],"wp:term":[{"taxonomy":"category","embeddable":true,"href":"https:\/\/www.infokuryr.cz\/n\/wp-json\/wp\/v2\/categories?post=40430"},{"taxonomy":"post_tag","embeddable":true,"href":"https:\/\/www.infokuryr.cz\/n\/wp-json\/wp\/v2\/tags?post=40430"}],"curies":[{"name":"wp","href":"https:\/\/api.w.org\/{rel}","templated":true}]}}