{"id":40426,"date":"2023-11-18T01:11:47","date_gmt":"2023-11-18T00:11:47","guid":{"rendered":"https:\/\/www.infokuryr.cz\/n\/?p=40426"},"modified":"2023-11-17T19:21:46","modified_gmt":"2023-11-17T18:21:46","slug":"musk-pod-palbou-pote-co-podporil-antisemitsky-prispevek","status":"publish","type":"post","link":"https:\/\/www.infokuryr.cz\/n\/2023\/11\/18\/musk-pod-palbou-pote-co-podporil-antisemitsky-prispevek\/","title":{"rendered":"Musk pod palbou pot\u00e9, co podpo\u0159il \u201eantisemitsk\u00fd\u201c p\u0159\u00edsp\u011bvek"},"content":{"rendered":"<div id=\"fb-root\"><\/div>\n<p><span style=\"font-size: 18pt;\"><strong>Majitel X (d\u0159\u00edve Twitter) souhlasil s u\u017eivatelem, kter\u00fd napsal, \u017ee \u017did\u00e9 pomohli \u201ehord\u00e1m men\u0161in\u201c zaplavit USA<\/strong><\/span><\/p>\n<p><span>Velk\u00fd inzerent pozastavil spolupr\u00e1ci s X (d\u0159\u00edve Twitter), proto\u017ee majitel platformy Elon Musk \u010del\u00ed v\u00fdzv\u00e1m, aby odstoupil kv\u016fli \u00fadajn\u00e9mu antisemitismu.\u00a0Miliard\u00e1\u0159 se setkal s odporem pot\u00e9, co souhlasil s u\u017eivatelem, o kter\u00e9m mnoz\u00ed tvrdili, \u017ee propaguje \u201eteorii velk\u00e9 n\u00e1hrady\u201c \u2013 jednu ze z\u00e1kladn\u00edch ideologi\u00ed krajn\u00ed pravice v USA.<\/span><\/p>\n<p><span>Zat\u00edmco Musk byl d\u0159\u00edve obvin\u011bn z tolerov\u00e1n\u00ed antisemitsk\u00fdch zpr\u00e1v na X, technologick\u00fd podnikatel trval na tom, \u017ee neobhajuje nen\u00e1vist k \u017did\u016fm.\u00a0Za\u010d\u00e1tkem tohoto m\u011bs\u00edce kritizoval t\u011b\u017ekop\u00e1dnou taktiku Izraele v Gaze a tvrdil, \u017ee z dlouhodob\u00e9ho hlediska mus\u00ed vytvo\u0159it v\u00edce terorist\u016f.<\/span><\/p>\n<p><span>Ve st\u0159edu Musk napsal, \u017ee u\u017eivatel X \u201e\u00a0<\/span><em><span>\u0159ekl skute\u010dnou pravdu<\/span><\/em><span>\u00a0\u201c, kdy\u017e obvinil \u017eidovsk\u00e9 komunity z \u201e\u00a0<\/span><em><span>nen\u00e1visti v\u016f\u010di b\u011bloch\u016fm\u201c.\u00a0<\/span><\/em><span>\u201c P\u0159\u00edsp\u011bvek, se kter\u00fdm miliard\u00e1\u0159 souhlasil, d\u00e1le nazna\u010duje, \u017ee \u017did\u00e9 nyn\u00ed \u201e\u00a0<\/span><em><span>doch\u00e1zej\u00ed ke znepokojiv\u00e9mu zji\u0161t\u011bn\u00ed, \u017ee ty hordy men\u0161in, kter\u00e9 podporuj\u00ed zaplavov\u00e1n\u00ed jejich zem\u011b, je nemaj\u00ed p\u0159\u00edli\u0161 r\u00e1dy.\u00a0<\/span><\/em><span>\u201c<\/span><\/p>\n<p><span>Nedlouho pot\u00e9 IBM vydala prohl\u00e1\u0161en\u00ed, \u017ee \u201e\u00a0<\/span><em><span>okam\u017eit\u011b pozastavila ve\u0161kerou reklamu na X, zat\u00edmco tuto zcela nep\u0159ijatelnou situaci vy\u0161et\u0159ujeme.\u00a0<\/span><\/em><span>&#8222;Technologick\u00fd gigant dodal, \u017ee &#8220;\u00a0<\/span><em><span>netoleruje nen\u00e1vistn\u00e9 projevy.&#8220;\u00a0<\/span><\/em><span>\u201c<\/span><\/p>\n<p><span>The New York Times s odvol\u00e1n\u00edm na intern\u00ed zpr\u00e1vy ve \u010dtvrtek informovaly, \u017ee zam\u011bstnanci X tak\u00e9 p\u0159ij\u00edmali hovory od jin\u00fdch inzerent\u016f ohledn\u011b Muskova posledn\u00edho koment\u00e1\u0159e.<\/span><\/p>\n<p><a href=\"https:\/\/stranapro.cz\/\"><img decoding=\"async\" loading=\"lazy\" class=\"wp-image-40286 aligncenter\" src=\"http:\/\/www.infokuryr.cz\/n\/wp-content\/uploads\/2023\/11\/12pro-300x87.png\" alt=\"\" width=\"1117\" height=\"324\" srcset=\"https:\/\/www.infokuryr.cz\/n\/wp-content\/uploads\/2023\/11\/12pro-300x87.png 300w, https:\/\/www.infokuryr.cz\/n\/wp-content\/uploads\/2023\/11\/12pro.png 366w\" sizes=\"(max-width: 1117px) 100vw, 1117px\" \/><\/a><\/p>\n<p><span>P\u0159i pokusu o kontrolu \u0161kod, gener\u00e1ln\u00ed \u0159editelka X, Linda Yaccarino, \u00fadajn\u011b rozeslala zam\u011bstnanc\u016fm prohl\u00e1\u0161en\u00ed, v n\u011bm\u017e zopakovala, \u017ee \u201e\u00a0<\/span><em><span>X je platforma pro ka\u017ed\u00e9ho<\/span><\/em><span>\u00a0\u201c a \u017ee \u201e\u00a0<\/span><em><span>diskriminace ze strany v\u0161ech by m\u011bla ve v\u0161ech oblastech STOP\u201c.\u00a0<\/span><\/em><span>\u201c<\/span><\/p>\n<p><span>Mezit\u00edm Americk\u00fd \u017eidovsk\u00fd v\u00fdbor popsal tvrzen\u00ed podporovan\u00e9 Muskem jako sou\u010d\u00e1st \u201eteorie velk\u00e9 n\u00e1hrady\u201c, podle n\u00ed\u017e etnick\u00e9 men\u0161iny nahrazuj\u00ed b\u00edl\u00e9 evropsk\u00e9 populace.<\/span><\/p>\n<p><span>Spoluzakladatel Facebooku a gener\u00e1ln\u00ed \u0159editel Asana Dustin Moskovitz vyzval Muska, aby rezignoval na v\u0161echny sv\u00e9 posty, p\u0159i\u010dem\u017e investor Tesly Ross Gerber napsal, \u017ee dost\u00e1val \u201ez\u00e1plavu\u00a0<\/span><em><span>zpr\u00e1v od klient\u016f, kte\u0159\u00ed cht\u011bli odej\u00edt z Tesly a cokoli spole\u010dn\u00e9ho s Elonem Muskem.<\/span><\/em><\/p>\n<p><span>N\u011bkolik dal\u0161\u00edch osobnost\u00ed a novin\u00e1\u0159\u016f z technologick\u00e9ho sv\u011bta tak\u00e9 rychle obvinilo gener\u00e1ln\u00edho \u0159editele Tesly z propagace antisemitismu.<\/span><\/p>\n<p><span>Musk odr\u00e1\u017eel podobn\u00e1 obvin\u011bn\u00ed v z\u00e1\u0159\u00ed a tvrdil, \u017ee byl ve skute\u010dnosti \u201e\u00a0<\/span><em><span>inspirativn\u011b\u00a0\u017did.\u00a0<\/span><\/em><span>\u201c<\/span><\/p>\n<p><span>Minul\u00fd t\u00fdden v\u0161ak miliard\u00e1\u0159 zpochybnil izraelskou strategii v Gaze.<\/span><\/p>\n<p><span>\u201e\u00a0<\/span><em><span>Pokud zabijete n\u011b\u010d\u00ed d\u00edt\u011b v Gaze, ud\u011blali jste alespo\u0148 n\u011bkolik \u010dlen\u016f Hamasu, kte\u0159\u00ed zem\u0159ou jen proto, aby zabili Izraelce,<\/span><\/em><span>\u00a0\u201c argumentoval Musk v podcastu Lex Fridman.<\/span><\/p>\n<p><img decoding=\"async\" loading=\"lazy\" class=\"alignnone size-full wp-image-1185\" src=\"http:\/\/www.infokuryr.cz\/n\/wp-content\/uploads\/2021\/04\/kuryr-podpis.png\" alt=\"\" width=\"84\" height=\"24\" \/><\/p>\n<p>&nbsp;<\/p>\n<p>&nbsp;<\/p>\n","protected":false},"excerpt":{"rendered":"<p>Majitel X (d\u0159\u00edve Twitter) souhlasil s u\u017eivatelem, kter\u00fd napsal, \u017ee \u017did\u00e9 pomohli \u201ehord\u00e1m men\u0161in\u201c zaplavit&#8230;<\/p>\n","protected":false},"author":2,"featured_media":16839,"comment_status":"closed","ping_status":"closed","sticky":false,"template":"","format":"standard","meta":[],"categories":[7],"tags":[217,29,485],"_links":{"self":[{"href":"https:\/\/www.infokuryr.cz\/n\/wp-json\/wp\/v2\/posts\/40426"}],"collection":[{"href":"https:\/\/www.infokuryr.cz\/n\/wp-json\/wp\/v2\/posts"}],"about":[{"href":"https:\/\/www.infokuryr.cz\/n\/wp-json\/wp\/v2\/types\/post"}],"author":[{"embeddable":true,"href":"https:\/\/www.infokuryr.cz\/n\/wp-json\/wp\/v2\/users\/2"}],"replies":[{"embeddable":true,"href":"https:\/\/www.infokuryr.cz\/n\/wp-json\/wp\/v2\/comments?post=40426"}],"version-history":[{"count":0,"href":"https:\/\/www.infokuryr.cz\/n\/wp-json\/wp\/v2\/posts\/40426\/revisions"}],"wp:featuredmedia":[{"embeddable":true,"href":"https:\/\/www.infokuryr.cz\/n\/wp-json\/wp\/v2\/media\/16839"}],"wp:attachment":[{"href":"https:\/\/www.infokuryr.cz\/n\/wp-json\/wp\/v2\/media?parent=40426"}],"wp:term":[{"taxonomy":"category","embeddable":true,"href":"https:\/\/www.infokuryr.cz\/n\/wp-json\/wp\/v2\/categories?post=40426"},{"taxonomy":"post_tag","embeddable":true,"href":"https:\/\/www.infokuryr.cz\/n\/wp-json\/wp\/v2\/tags?post=40426"}],"curies":[{"name":"wp","href":"https:\/\/api.w.org\/{rel}","templated":true}]}}