{"id":40414,"date":"2023-11-18T01:05:14","date_gmt":"2023-11-18T00:05:14","guid":{"rendered":"https:\/\/www.infokuryr.cz\/n\/?p=40414"},"modified":"2023-11-17T18:05:58","modified_gmt":"2023-11-17T17:05:58","slug":"ilegalni-migranty-na-srbsko-madarske-hranici-vyzbrojuje-albanska-mafie-v-kosovu-tvrdi-srbsko","status":"publish","type":"post","link":"https:\/\/www.infokuryr.cz\/n\/2023\/11\/18\/ilegalni-migranty-na-srbsko-madarske-hranici-vyzbrojuje-albanska-mafie-v-kosovu-tvrdi-srbsko\/","title":{"rendered":"Ileg\u00e1ln\u00ed migranty na srbsko-ma\u010farsk\u00e9 hranici vyzbrojuje alb\u00e1nsk\u00e1 mafie v Kosovu, tvrd\u00ed Srbsko"},"content":{"rendered":"<div id=\"fb-root\"><\/div>\n<p><span style=\"font-size: 18pt;\"><strong>Srbsk\u00e9 \u00fa\u0159ady zah\u00e1jily impozantn\u00ed z\u00e1sah na hranici s Ma\u010farskem po dramatick\u00e9m n\u00e1r\u016fstu nez\u00e1konn\u00e9 \u010dinnosti<\/strong><\/span><\/p>\n<p><span>Ileg\u00e1ln\u00ed migranti, kte\u0159\u00ed se pokou\u0161ej\u00ed p\u0159ej\u00edt ze Srbska do Ma\u010farska, jsou vyzbrojov\u00e1ni alb\u00e1nskou mafi\u00ed v Kosovu, prohl\u00e1sil srbsk\u00fd ministr vnitra Bratislav Ga\u0161i\u0107.<\/span><\/p>\n<p><span>Ga\u0161i\u0107 ve \u010dtvrtek v B\u011blehrad\u011b \u0159ekl, \u017ee \u0159ada st\u0159eln\u00fdch zbran\u00ed, kter\u00e9 ned\u00e1vno zabavili pohrani\u010dn\u00ed \u00fa\u0159edn\u00edci na srbsko-ma\u010farsk\u00e9 hranici, byla vysledov\u00e1na ke skupin\u00e1m organizovan\u00e9ho zlo\u010dinu p\u016fsob\u00edc\u00edm v Pri\u0161tin\u011b, kter\u00e9 napom\u00e1haj\u00ed p\u0159\u00edlivu neleg\u00e1ln\u00edch aktivit na vn\u011bj\u0161\u00ed hranici Evropsk\u00e9 unie.<\/span><\/p>\n<p><span>&#8222;Nejsou to migranti, jsou to organizovan\u00e9 zlo\u010dineck\u00e9 gangy a my s nimi bojujeme,&#8220; \u0159ekl Gasic.\u00a0Zd\u016fraznil, \u017ee alb\u00e1nsk\u00e1 mafie v Kosovu podporuje tyto organizovan\u00e9 skupiny nejen poskytov\u00e1n\u00edm st\u0159eln\u00fdch zbran\u00ed, ale i jin\u00fdmi zp\u016fsoby, v\u010detn\u011b dopravy a \u017eivobyt\u00ed.<\/span><\/p>\n<p><span>Na konci \u0159\u00edjna byly stovky srbsk\u00fdch policist\u016f rozm\u00edst\u011bny na srbsko-ma\u010farsk\u00e9 hranici a okoln\u00edch osad\u00e1ch po ozbrojen\u00e9m st\u0159etu mezi migranty, kter\u00fd si vy\u017e\u00e1dal ob\u011bti na \u017eivotech.<\/span><\/p>\n<p><span>V n\u00e1sleduj\u00edc\u00edch \u010dtrn\u00e1cti dnech zadr\u017eely srbsk\u00e9 \u00fa\u0159ady 4 931 migrant\u016f v oblastech Subotica, Zombor, Nagykikinda a Pirot na jihov\u00fdchod\u011b Srbska;\u00a0na\u0161li tak\u00e9 dev\u011bt kulomet\u016f, p\u011bt pistol\u00ed, v\u00edce ne\u017e 1600 n\u00e1boj\u016f, stovky pas\u016f a mal\u00e1 mno\u017estv\u00ed narkotik.<\/span><\/p>\n<p><span>B\u011bhem operace bylo zat\u010deno osm lid\u00ed za obchodov\u00e1n\u00ed s lidmi a 190 dal\u0161\u00edch bylo zadr\u017eeno za r\u016fzn\u00e9 trestn\u00e9 \u010diny.<\/span><\/p>\n<p><span>V dob\u011b vrchol\u00edc\u00ed migra\u010dn\u00ed krize v roce 2015 p\u0159ekro\u010dilo takzvanou z\u00e1padobalk\u00e1nskou trasu, jej\u00ed\u017e sou\u010d\u00e1st\u00ed je Srbsko, asi milion neleg\u00e1ln\u00edch p\u0159ist\u011bhovalc\u016f.\u00a0Podle ofici\u00e1ln\u00edch \u00fadaj\u016f je nejobl\u00edben\u011bj\u0161\u00ed cestou pro neleg\u00e1ln\u00ed p\u0159ist\u011bhovalectv\u00ed st\u00e1le pozemn\u00ed cesta p\u0159es z\u00e1padn\u00ed Balk\u00e1n.<\/span><\/p>\n<p><span>Vzhledem k tomu, \u017ee srbsk\u00e9 \u00fa\u0159ady nedeportuj\u00ed zachycen\u00e9, ale pouze je p\u0159epravuj\u00ed zp\u011bt od severn\u00ed hranice k ji\u017en\u00ed hranici, mnoho migrant\u016f je op\u011bt v pohybu a o n\u011bkolik dn\u00ed pozd\u011bji doraz\u00ed k ma\u010farsk\u00e9 hranici, kde se sna\u017e\u00ed znovu vstoupit do Evropsk\u00e9 unie.<\/span><\/p>\n<p><img decoding=\"async\" loading=\"lazy\" class=\"alignnone size-full wp-image-1185\" src=\"http:\/\/www.infokuryr.cz\/n\/wp-content\/uploads\/2021\/04\/kuryr-podpis.png\" alt=\"\" width=\"84\" height=\"24\" \/><\/p>\n<p>&nbsp;<\/p>\n<p><a href=\"https:\/\/stranapro.cz\/\"><img decoding=\"async\" loading=\"lazy\" class=\"wp-image-40286 aligncenter\" src=\"http:\/\/www.infokuryr.cz\/n\/wp-content\/uploads\/2023\/11\/12pro-300x87.png\" alt=\"\" width=\"1024\" height=\"297\" srcset=\"https:\/\/www.infokuryr.cz\/n\/wp-content\/uploads\/2023\/11\/12pro-300x87.png 300w, https:\/\/www.infokuryr.cz\/n\/wp-content\/uploads\/2023\/11\/12pro.png 366w\" sizes=\"(max-width: 1024px) 100vw, 1024px\" \/><\/a><\/p>\n<p>&nbsp;<\/p>\n<p>&nbsp;<\/p>\n<p>&nbsp;<\/p>\n","protected":false},"excerpt":{"rendered":"<p>Srbsk\u00e9 \u00fa\u0159ady zah\u00e1jily impozantn\u00ed z\u00e1sah na hranici s Ma\u010farskem po dramatick\u00e9m n\u00e1r\u016fstu nez\u00e1konn\u00e9 \u010dinnosti Ileg\u00e1ln\u00ed&#8230;<\/p>\n","protected":false},"author":2,"featured_media":40415,"comment_status":"closed","ping_status":"closed","sticky":false,"template":"","format":"standard","meta":[],"categories":[7],"tags":[5085,804,989,139,73],"_links":{"self":[{"href":"https:\/\/www.infokuryr.cz\/n\/wp-json\/wp\/v2\/posts\/40414"}],"collection":[{"href":"https:\/\/www.infokuryr.cz\/n\/wp-json\/wp\/v2\/posts"}],"about":[{"href":"https:\/\/www.infokuryr.cz\/n\/wp-json\/wp\/v2\/types\/post"}],"author":[{"embeddable":true,"href":"https:\/\/www.infokuryr.cz\/n\/wp-json\/wp\/v2\/users\/2"}],"replies":[{"embeddable":true,"href":"https:\/\/www.infokuryr.cz\/n\/wp-json\/wp\/v2\/comments?post=40414"}],"version-history":[{"count":0,"href":"https:\/\/www.infokuryr.cz\/n\/wp-json\/wp\/v2\/posts\/40414\/revisions"}],"wp:featuredmedia":[{"embeddable":true,"href":"https:\/\/www.infokuryr.cz\/n\/wp-json\/wp\/v2\/media\/40415"}],"wp:attachment":[{"href":"https:\/\/www.infokuryr.cz\/n\/wp-json\/wp\/v2\/media?parent=40414"}],"wp:term":[{"taxonomy":"category","embeddable":true,"href":"https:\/\/www.infokuryr.cz\/n\/wp-json\/wp\/v2\/categories?post=40414"},{"taxonomy":"post_tag","embeddable":true,"href":"https:\/\/www.infokuryr.cz\/n\/wp-json\/wp\/v2\/tags?post=40414"}],"curies":[{"name":"wp","href":"https:\/\/api.w.org\/{rel}","templated":true}]}}