{"id":40362,"date":"2023-11-17T01:09:13","date_gmt":"2023-11-17T00:09:13","guid":{"rendered":"https:\/\/www.infokuryr.cz\/n\/?p=40362"},"modified":"2023-11-16T19:21:04","modified_gmt":"2023-11-16T18:21:04","slug":"zdenek-jemelik-udel-deti-neznamych-otcu","status":"publish","type":"post","link":"https:\/\/www.infokuryr.cz\/n\/2023\/11\/17\/zdenek-jemelik-udel-deti-neznamych-otcu\/","title":{"rendered":"Zden\u011bk Jemel\u00edk: \u00dad\u011bl d\u011bt\u00ed nezn\u00e1m\u00fdch otc\u016f"},"content":{"rendered":"<div id=\"fb-root\"><\/div>\n<p><strong>Ob\u010dansk\u00e9mu aktivistovi se m\u016f\u017ee p\u0159ihodit, \u017ee \u201evedlej\u0161\u00edm produktem\u201c jeho \u010dinnosti se stane nahl\u00e9dnut\u00ed do soukrom\u00ed chr\u00e1n\u011bnc\u016f, ani\u017e by o to st\u00e1l. Zji\u0161t\u011bn\u00ed mohou b\u00fdt nep\u0159\u00edjemn\u00e1. Nap\u0159\u00edklad jist\u011b by se obe\u0161el bez poznatku, \u017ee existuje soci\u00e1ln\u00ed skupina \u017een-samo\u017eivitelek, kter\u00e9 maj\u00ed t\u011b\u017ek\u00fd \u017eivot.<\/strong><\/p>\n<p>Do spole\u010densk\u00e9ho pov\u011bdom\u00ed se jako samoz\u0159ejmost dostala existence \u017een samo\u017eivitelek jako ohro\u017een\u00e9 soci\u00e1ln\u00ed skupiny s pot\u00ed\u017eemi tak z\u00e1va\u017en\u00fdmi, \u017ee si jich v\u0161imla i sou\u010dasn\u00e1 prvn\u00ed d\u00e1ma. M\u00e9dia krom\u011b toho ve\u0159ejnosti vnutila poznatek, \u017ee samo\u017eivitelky si mohou pomoci z finan\u010dn\u00ed nouze vyu\u017eit\u00edm cel\u00e9 \u0161k\u00e1ly soci\u00e1ln\u00edch d\u00e1vek. Dokonce v novin\u00e1ch se \u010dasto p\u00ed\u0161e o velk\u00fdch, samoz\u0159ejm\u011b bezpracn\u00fdch p\u0159\u00edjmech. Sezn\u00e1men\u00ed s finan\u010dn\u00ed bilanc\u00ed konkr\u00e9tn\u00ed rodiny ale m\u016f\u017ee v\u00e9st k nep\u0159\u00edjemn\u00e9mu zji\u0161t\u011bn\u00ed, \u017ee ani pln\u00e9 vyu\u017eit\u00ed soci\u00e1ln\u00edch d\u00e1vek zdaleka nesta\u010d\u00ed na pokryt\u00ed n\u00e1klad\u016f ne\u00fapln\u00e9 rodiny.<\/p>\n<p>Z\u00e1konod\u00e1rci \u010dasem uznali obt\u00ed\u017enost postaven\u00ed matek, jim\u017e otcov\u00e9 neplat\u00ed v\u00fd\u017eivn\u00e9. Poskytli jim proto p\u0159\u00edstup k n\u00e1hradn\u00edmu v\u00fd\u017eivn\u00e9mu, vypl\u00e1cen\u00e9mu st\u00e1tem.<\/p>\n<p><a href=\"https:\/\/stranapro.cz\/\"><img decoding=\"async\" loading=\"lazy\" class=\"wp-image-40286 aligncenter\" src=\"http:\/\/www.infokuryr.cz\/n\/wp-content\/uploads\/2023\/11\/12pro-300x87.png\" alt=\"\" width=\"1141\" height=\"331\" srcset=\"https:\/\/www.infokuryr.cz\/n\/wp-content\/uploads\/2023\/11\/12pro-300x87.png 300w, https:\/\/www.infokuryr.cz\/n\/wp-content\/uploads\/2023\/11\/12pro.png 366w\" sizes=\"(max-width: 1141px) 100vw, 1141px\" \/><\/a><\/p>\n<p>M\u00e9n\u011b se p\u00ed\u0161e o rozd\u00edlech v postaven\u00ed d\u011bt\u00ed z r\u016fzn\u00fdch typ\u016f rodinn\u00e9ho \u017eivota. Ide\u00e1ln\u00ed pro d\u00edt\u011b je \u00fapln\u00e1 rodina s harmonick\u00fdmi vztahy mezi rodi\u010di. V takov\u00fdch pom\u011brech i nedostatky v hmotn\u00e9m zabezpe\u010den\u00ed snese d\u00edt\u011b bez citeln\u00e9 \u00fahony. \u010c\u00edm d\u00e1le jsou pom\u011bry v konkr\u00e9tn\u00ed rodin\u011b od ide\u00e1lu, t\u00edm h\u016f\u0159.<\/p>\n<p>Pozornosti ve\u0159ejnosti unik\u00e1, \u017ee nejh\u016f\u0159e jsou na tom d\u011bti, v jejich\u017e rodn\u00e9m list\u011b se neuv\u00e1d\u00ed \u00fadaje o otci. Jejich spole\u010densk\u00fd status je s\u00e1m o sob\u011b ni\u017e\u0161\u00ed ne\u017e d\u011bt\u00ed udan\u00fdch otc\u016f. Ale hor\u0161\u00ed je i jejich hmotn\u00e9 zabezpe\u010den\u00ed. Samoz\u0159ejm\u011b na n\u011b nikdo neplat\u00ed v\u00fd\u017eivn\u00e9 a jejich matky nemaj\u00ed pr\u00e1vo do\u017eadovat se n\u00e1hradn\u00edho v\u00fd\u017eivn\u00e9ho od st\u00e1tu.<\/p>\n<p>Postaven\u00ed d\u011bt\u00ed nezn\u00e1m\u00fdch otc\u016f ve\u0159ejnost nedoj\u00edm\u00e1. \u017deny, je\u017e nemohou nebo necht\u011bj\u00ed uv\u00e9st jm\u00e9no otce do rodn\u00e9ho listu d\u00edt\u011bte, obvykle nevzbuzuj\u00ed soucit, nato\u017e sympatie. Leckdo si mo\u017en\u00e1 mysl\u00ed, \u017ee do spole\u010densky nep\u0159\u00edzniv\u00e9ho postaven\u00ed se dostaly vlastn\u00edm p\u0159i\u010din\u011bn\u00edm a nezaslou\u017e\u00ed si proto pomoc.<\/p>\n<p>A\u0165 si v\u0161ak tyto \u017eeny p\u0159ivodily nemil\u00e9 postaven\u00ed jakkoli, skute\u010dnost\u00ed z\u016fst\u00e1v\u00e1, \u017ee n\u00e1sledky dopadaj\u00ed na d\u011bti, kter\u00e9 nic nezavinily a maj\u00ed stejn\u00e9 pr\u00e1vo na \u0161\u0165astn\u00e9 d\u011btstv\u00ed jako ty, je\u017e se narodily ve spo\u0159\u00e1dan\u00fdch rodin\u00e1ch. Soud\u00edm, \u017ee z\u00e1konod\u00e1rci by m\u011bli uv\u00e1\u017eit, zda by nebylo vhodn\u00e9 poskytnout jim podobnou podporu, jakou maj\u00ed d\u011bti neplati\u010d\u016f v\u00fd\u017eivn\u00e9ho.<\/p>\n<p><strong>Zden\u011bk Jemel\u00edk<\/strong><\/p>\n<p><img decoding=\"async\" loading=\"lazy\" class=\"alignnone size-medium wp-image-357\" src=\"http:\/\/www.infokuryr.cz\/n\/wp-content\/uploads\/2021\/04\/Jemelik-u-soudu-300x145.jpeg\" alt=\"\" width=\"300\" height=\"145\" srcset=\"https:\/\/www.infokuryr.cz\/n\/wp-content\/uploads\/2021\/04\/Jemelik-u-soudu-300x145.jpeg 300w, https:\/\/www.infokuryr.cz\/n\/wp-content\/uploads\/2021\/04\/Jemelik-u-soudu.jpeg 320w\" sizes=\"(max-width: 300px) 100vw, 300px\" \/><\/p>\n<p>&nbsp;<\/p>\n<p>&nbsp;<\/p>\n<p>&nbsp;<\/p>\n","protected":false},"excerpt":{"rendered":"<p>Ob\u010dansk\u00e9mu aktivistovi se m\u016f\u017ee p\u0159ihodit, \u017ee \u201evedlej\u0161\u00edm produktem\u201c jeho \u010dinnosti se stane nahl\u00e9dnut\u00ed do soukrom\u00ed&#8230;<\/p>\n","protected":false},"author":2,"featured_media":33536,"comment_status":"closed","ping_status":"closed","sticky":false,"template":"","format":"standard","meta":[],"categories":[6],"tags":[245,29,6288,6287],"_links":{"self":[{"href":"https:\/\/www.infokuryr.cz\/n\/wp-json\/wp\/v2\/posts\/40362"}],"collection":[{"href":"https:\/\/www.infokuryr.cz\/n\/wp-json\/wp\/v2\/posts"}],"about":[{"href":"https:\/\/www.infokuryr.cz\/n\/wp-json\/wp\/v2\/types\/post"}],"author":[{"embeddable":true,"href":"https:\/\/www.infokuryr.cz\/n\/wp-json\/wp\/v2\/users\/2"}],"replies":[{"embeddable":true,"href":"https:\/\/www.infokuryr.cz\/n\/wp-json\/wp\/v2\/comments?post=40362"}],"version-history":[{"count":1,"href":"https:\/\/www.infokuryr.cz\/n\/wp-json\/wp\/v2\/posts\/40362\/revisions"}],"predecessor-version":[{"id":40363,"href":"https:\/\/www.infokuryr.cz\/n\/wp-json\/wp\/v2\/posts\/40362\/revisions\/40363"}],"wp:featuredmedia":[{"embeddable":true,"href":"https:\/\/www.infokuryr.cz\/n\/wp-json\/wp\/v2\/media\/33536"}],"wp:attachment":[{"href":"https:\/\/www.infokuryr.cz\/n\/wp-json\/wp\/v2\/media?parent=40362"}],"wp:term":[{"taxonomy":"category","embeddable":true,"href":"https:\/\/www.infokuryr.cz\/n\/wp-json\/wp\/v2\/categories?post=40362"},{"taxonomy":"post_tag","embeddable":true,"href":"https:\/\/www.infokuryr.cz\/n\/wp-json\/wp\/v2\/tags?post=40362"}],"curies":[{"name":"wp","href":"https:\/\/api.w.org\/{rel}","templated":true}]}}