{"id":40360,"date":"2023-11-17T01:06:35","date_gmt":"2023-11-17T00:06:35","guid":{"rendered":"https:\/\/www.infokuryr.cz\/n\/?p=40360"},"modified":"2023-11-16T19:16:28","modified_gmt":"2023-11-16T18:16:28","slug":"zdenek-koudelka-seminar-o-covidu-ale-i-o-svobode","status":"publish","type":"post","link":"https:\/\/www.infokuryr.cz\/n\/2023\/11\/17\/zdenek-koudelka-seminar-o-covidu-ale-i-o-svobode\/","title":{"rendered":"Zden\u011bk Koudelka: Semin\u00e1\u0159 o covidu, ale i o svobod\u011b"},"content":{"rendered":"<div id=\"fb-root\"><\/div>\n<p><strong>Oce\u0148uji Vladim\u00edra Zl\u00ednsk\u00e9ho i\u00a0\u00fa\u010dastn\u00edky semin\u00e1\u0159e (prof. Ji\u0159\u00ed Beran, prof. Jaroslav Tur\u00e1nek aj.), \u017ee se neboj\u00ed postavit nadn\u00e1rodn\u00edm akt\u00e9r\u016fm propaguj\u00edc\u00ed covidistick\u00e9 zbohatnut\u00ed na dod\u00e1vk\u00e1ch vakc\u00edn, kter\u00e9 se v\u00a0cen\u011b mnoha miliard korun u\u00a0n\u00e1s jako nepot\u0159ebn\u00e9 likvidovaly. Zbohatnut\u00ed pro n\u011bkter\u00e9 bylo zaplaceno zchudnut\u00edm v\u011bt\u0161iny spole\u010dnosti a\u00a0plundrov\u00e1n\u00edm na\u0161eho pr\u00e1vn\u00edho \u0159\u00e1du.<\/strong><\/p>\n<p>V\u00a0Poslaneck\u00e9 sn\u011bmovn\u011b se 20.\u00a011.\u00a02023 kon\u00e1 semin\u00e1\u0159 Vakcinace proti onemocn\u011bn\u00ed COVID-19 \u2013 sou\u010dasn\u00fd pohled. Semin\u00e1\u0159 po\u0159\u00e1d\u00e1 poslanec MUDr. Vladim\u00edr Zl\u00ednsk\u00fd (SPD). \u00datoky na semin\u00e1\u0159 dokazuj\u00ed, \u017ee nejde jen o\u00a0covid, ale i\u00a0svobodu odborn\u00e9 diskuse.<\/p>\n<p><span style=\"font-size: 18pt;\"><strong>Nejv\u011bt\u0161\u00ed covidistick\u00e1 le\u017e<\/strong><\/span><\/p>\n<p>Je komick\u00e9, jak n\u011bkte\u0159\u00ed bojovn\u00edci proti dezinformac\u00edm trapn\u011b ml\u010d\u00ed p\u0159ed nejv\u011bt\u0161\u00ed l\u017e\u00ed po\u00a0listopadu 1989, kter\u00e1 byla ministrem pronesena na p\u016fd\u011b parlamentn\u00ed komory. Jsou to slova ministra zdravotnictv\u00ed Jana Blatn\u00e9ho, kter\u00fd v\u00a0Sen\u00e1tu v\u00a0b\u0159eznu 2021 tvrdil, \u017ee po\u00a0covidov\u00e9m o\u010dkov\u00e1n\u00ed nem\u016f\u017ee o\u010dkovan\u00fd nikoho nakazit a\u00a0s\u00e1m neonemocn\u00ed. Je s\u00a0podivem, \u017ee mu za tuto odbornou blbost nebyla ud\u011blena cena Bludn\u00fd balvan od spolku klubu skeptik\u016f Sisyfos. Asi tu le\u017e n\u011bkte\u0159\u00ed nesly\u0161eli, nebo necht\u011bli sly\u0161et, nebo sly\u0161eli, ale m\u011bli tu\u010dn\u00e9 granty od v\u00fdrobc\u016f vakc\u00edn. Ne nadarmo se n\u011bkdy hovo\u0159\u00ed o\u00a0akademicko-pr\u016fmyslov\u00e9m komplexu, kde si spole\u010dnosti p\u011bstuj\u00ed ur\u010dit\u00e9 v\u011bdeck\u00e9 komunity k\u00a0tomu, aby nejen v\u011bdecky zkoumaly, ale d\u00edky sv\u00e9mu akademick\u00e9mu vlivu dehonestovaly \u010di\u00a0jinak likvidovaly ty, kte\u0159\u00ed se jim postav\u00ed.<\/p>\n<p><span style=\"font-size: 18pt;\"><strong>Karlovarsk\u00e1 losova\u010dka bledne<\/strong><\/span><\/p>\n<p>V d\u011bjin\u00e1ch ve\u0159ejn\u00fdch zak\u00e1zek je karlovarsk\u00e1 losova\u010dka pojmem pro zmanipulovanou ve\u0159ejnou zak\u00e1zku, je to symbol rozkr\u00e1da\u010dky. Ov\u0161em tato losova\u010dka bledne p\u0159ed t\u00edm, jak se plundrovaly ve\u0159ejn\u00e9 finance za covidu. Nesmysln\u00e9 testov\u00e1n\u00ed zdrav\u00fdch lid\u00ed, kdy\u017e na drahou l\u00e9\u010dbu skute\u010dn\u011b nemocn\u00fdch d\u011bt\u00ed st\u00e1t a\u00a0ve\u0159ejn\u00e9 poji\u0161t\u011bn\u00ed nem\u00e1 pen\u00edze, ale mus\u00ed b\u00fdt \u017eivoty d\u011bt\u00ed zachra\u0148ov\u00e1ny charitativn\u00edmi sb\u00edrkami, je p\u0159\u00edkladem obrovsk\u00e9 zlod\u011bjny majetkov\u00e9, ale i\u00a0hluboce nemor\u00e1ln\u00edho jedn\u00e1n\u00ed.<\/p>\n<p><a href=\"https:\/\/stranapro.cz\/\"><img decoding=\"async\" loading=\"lazy\" class=\"wp-image-40286 aligncenter\" src=\"http:\/\/www.infokuryr.cz\/n\/wp-content\/uploads\/2023\/11\/12pro-300x87.png\" alt=\"\" width=\"1169\" height=\"339\" srcset=\"https:\/\/www.infokuryr.cz\/n\/wp-content\/uploads\/2023\/11\/12pro-300x87.png 300w, https:\/\/www.infokuryr.cz\/n\/wp-content\/uploads\/2023\/11\/12pro.png 366w\" sizes=\"(max-width: 1169px) 100vw, 1169px\" \/><\/a><\/p>\n<p>Korunu tomu v\u0161emu nasadily smlouvy Evropsk\u00e9 komise na koupi drah\u00fdch vakc\u00edn, kter\u00e9 jsou p\u0159ed ob\u010dany za\u010der\u0148ov\u00e1ny. Prost\u011b ten, kdo to v\u0161e zaplatil, mus\u00ed jen dr\u017eet hubu a\u00a0krok, kdy\u017e jde o\u00a0obrovsk\u00e9 zisky nadn\u00e1rodn\u00edch farmaceutick\u00fdch spole\u010dnost\u00ed a\u00a0domn\u00edv\u00e1m se, \u017ee i\u00a0korupci v\u00a0Evropsk\u00e9 komisi. Jak jinak vysv\u011btlit, \u017ee ka\u017ed\u00e1 smlouva u\u00a0n\u00e1s s\u00a0hodnotou pln\u011bn\u00ed nad 50\u00a0000\u00a0K\u010d mus\u00ed b\u00fdt zve\u0159ejn\u011bna, zat\u00edmco Evropsk\u00e1 komise podep\u00ed\u0161e tajn\u00e9 smlouvy za miliardy eur. Nav\u00edc v\u00a0mno\u017estv\u00ed, kter\u00e9 bylo zjevn\u011b nepot\u0159ebn\u00e9, a\u00a0proto se n\u00e1sledn\u011b likvidovalo.<\/p>\n<p><span style=\"font-size: 18pt;\"><strong>Plundrov\u00e1n\u00ed pr\u00e1vn\u00edho st\u00e1tu<\/strong><\/span><\/p>\n<p>Zisky spole\u010dnost\u00ed vyr\u00e1b\u011bj\u00edc\u00edch vakc\u00edny, rou\u0161ky i\u00a0testy a\u00a0na n\u011b napojen\u00fdch n\u011bkter\u00fdch odborn\u00edk\u016f se dos\u00e1hly i\u00a0d\u00edky rozvratu pr\u00e1vn\u00edch pravidel. Typick\u00fdm je postoj ministra zdravotnictv\u00ed Petra Arenbergera, jen\u017e ji\u017e p\u0159i\u00a0vyd\u00e1n\u00ed prvn\u00edho opat\u0159en\u00ed p\u0159ipustil, \u017ee uveden\u00e9 opat\u0159en\u00ed je nez\u00e1konn\u00e9, ale po\u010d\u00edt\u00e1 s\u00a0t\u00edm, \u017ee soud jej zru\u0161\u00ed a\u017e za ur\u010ditou dobu a\u00a0to mu sta\u010d\u00ed:\u00a0<a href=\"about:blank\"><em>\u201eArenberger p\u0159edpokl\u00e1d\u00e1, \u017ee se lid\u00e9 budou podle na\u0159\u00edzen\u00ed chovat, dokud ho p\u0159\u00edpadn\u011b za \u010dtrn\u00e1ct dn\u016f soud nezru\u0161\u00ed\u201c<\/em><\/a>. I\u00a0po\u00a0Arenbergerovi v\u0161ak Ministerstvo zdravotnictv\u00ed chrlilo jedno mimo\u0159\u00e1dn\u00e9 opat\u0159en\u00ed za druh\u00fdm, p\u0159esto\u017ee je opakovan\u011b jako nez\u00e1konn\u00e9 ru\u0161ily M\u011bstsk\u00fd soud v\u00a0Praze i\u00a0Nejvy\u0161\u0161\u00ed spr\u00e1vn\u00ed soud. A\u00a0kdy\u017e se proti tomu n\u011bkdo postavil, byl pokutov\u00e1n, by\u0165 tato na\u0159\u00edzen\u00ed byla pro nez\u00e1konnost zru\u0161ena.<\/p>\n<p>Takto byl pokutov\u00e1n b\u00fdval\u00fd prezident V\u00e1clav Klaus za to, \u017ee 28.\u00a010.\u00a02020 p\u0159ednesl projev ke st\u00e1tn\u00edmu sv\u00e1tku bez rou\u0161ky ve venkovn\u00edm prostoru, p\u0159itom v\u00a0televizn\u00edm studiu \u0159e\u010dn\u00edci m\u00edt rou\u0161ky nemuseli. Tuto pokutu zru\u0161il n\u00e1sledn\u011b M\u011bstsk\u00fd soud v\u00a0Praze i\u00a0Nejvy\u0161\u0161\u00ed spr\u00e1vn\u00ed soud, ale potvrzuje to, \u017ee kdy\u017e je nutn\u00e9 pro velk\u00e9 zisky vyvolat atmosf\u00e9ru strachu, mus\u00ed se jak\u00fdkoliv projev norm\u00e1lnosti pot\u00edrat i\u00a0za cenu zjevn\u00e9ho bezpr\u00e1v\u00ed.<\/p>\n<p><span style=\"font-size: 18pt;\"><strong>Diletantismus tzv.\u00a0odborn\u00edk\u016f<\/strong><\/span><\/p>\n<p>Ministerstvo zdravotnictv\u00ed se zakl\u00ednalo p\u0159i\u00a0sv\u00e9 protipr\u00e1vn\u00ed a\u00a0rozhazova\u010dn\u00e9 politice odbornost\u00ed. V\u00fdsledkem bylo, \u017ee vydalo na\u0159\u00edzen\u00ed o\u00a0tom, \u017ee mus\u00edme m\u00edt rou\u0161ku, by\u0165 jsme byli v\u00a0lese, anebo ji museli m\u00edt man\u017eel\u00e9 v\u00a0aut\u011b, zat\u00edmco v\u00a0posteli ne. Za p\u0159\u00edklad neodbornosti motivovan\u00e9 snahou vyo\u010dkovat co nejv\u00edce d\u00e1vek vakc\u00edny pova\u017euji to, \u017ee bylo na\u0159\u00edzeno povinn\u00e9 o\u010dkov\u00e1n\u00ed policist\u016f, voj\u00e1k\u016f a\u00a0hasi\u010d\u016f, tedy zpravidla mlad\u0161\u00edch, fyzicky zdatn\u00fdch a\u00a0zdrav\u00fdch lid\u00ed, nepat\u0159\u00edc\u00edch do rizikov\u00fdch skupin. Ale kdy\u017e jde o\u00a0k\u0161eft, tak je rozhoduj\u00edc\u00ed nikoliv zdravotnick\u00e1 logika, ale to, \u017ee tyto osoby jsou ve slu\u017eebn\u00edm pom\u011bru zvykl\u00e9 poslechnout rozkaz, by\u0165 je to protipr\u00e1vn\u00ed pitomost. I\u00a0tak se v\u0161ak hodn\u011b z\u00a0nich postavilo bezpr\u00e1v\u00ed a\u00a0nakonec tato hloupost byla zru\u0161ena. V\u00fdsledkem zdravotnick\u00fdch nesmyslnost\u00ed je zpochybn\u011bn\u00ed smyslupln\u00e9ho tradi\u010dn\u00edho o\u010dkov\u00e1ni u\u00a0n\u00e1s. Kv\u016fli vnucov\u00e1n\u00ed covidov\u00e9ho o\u010dkov\u00e1n\u00ed, je\u017e bylo \u00fa\u010dinn\u00e9 jen na n\u011bkolik m\u00e1lo m\u011bs\u00edc\u016f, se ohrozila tradi\u010dn\u00ed dobr\u00e1 pov\u011bst o\u010dkov\u00e1n\u00ed v\u00a0na\u0161em st\u00e1t\u011b.<\/p>\n<p><span style=\"font-size: 18pt;\"><strong>Historie jako u\u010ditelka<\/strong><\/span><\/p>\n<p>Z\u00a0covidov\u00e9 hysterie je t\u0159eba se pou\u010dit, proto\u017ee ten, kdo se nepou\u010d\u00ed z\u00a0vlastn\u00ed historie, je odsouzen k\u00a0tomu, aby ji pro\u017eil znovu. \u017de \u0161el covid \u0159e\u0161it jinak a\u00a0l\u00e9pe, dokazuje \u0160v\u00e9dsko. Proto v\u00edt\u00e1m semin\u00e1\u0159 o\u00a0covidu v\u00a0Poslaneck\u00e9 sn\u011bmovn\u011b MUDr. Vladim\u00edra Zl\u00ednsk\u00e9ho a\u00a0d\u011bkuji za n\u011bj. Je to p\u0159\u00edsp\u011bvek k\u00a0tomu, aby se p\u0159i\u00a0dal\u0161\u00ed ch\u0159ipce, a\u0165 ji\u017e jakkoliv nazvan\u00e9, zase masov\u00fdm poru\u0161ov\u00e1n\u00edm pr\u00e1v lid\u00ed, nezakr\u00fdvala rozkr\u00e1da\u010dka ve\u0159ejn\u00fdch pen\u011bz. Svobodn\u00e1 diskuse je z\u00e1kladem toho, \u017ee nebudeme chyby opakovat.<\/p>\n<p><strong>Zden\u011bk Koudelka<\/strong><\/p>\n<p><img decoding=\"async\" loading=\"lazy\" class=\"alignnone size-full wp-image-6154\" src=\"http:\/\/www.infokuryr.cz\/n\/wp-content\/uploads\/2021\/11\/zdenek-koudelka.jpeg\" alt=\"\" width=\"280\" height=\"210\" \/><\/p>\n<p>&nbsp;<\/p>\n","protected":false},"excerpt":{"rendered":"<p>Oce\u0148uji Vladim\u00edra Zl\u00ednsk\u00e9ho i\u00a0\u00fa\u010dastn\u00edky semin\u00e1\u0159e (prof. Ji\u0159\u00ed Beran, prof. Jaroslav Tur\u00e1nek aj.), \u017ee se neboj\u00ed&#8230;<\/p>\n","protected":false},"author":2,"featured_media":7873,"comment_status":"closed","ping_status":"closed","sticky":false,"template":"","format":"standard","meta":[],"categories":[6],"tags":[23,29,6286,117],"_links":{"self":[{"href":"https:\/\/www.infokuryr.cz\/n\/wp-json\/wp\/v2\/posts\/40360"}],"collection":[{"href":"https:\/\/www.infokuryr.cz\/n\/wp-json\/wp\/v2\/posts"}],"about":[{"href":"https:\/\/www.infokuryr.cz\/n\/wp-json\/wp\/v2\/types\/post"}],"author":[{"embeddable":true,"href":"https:\/\/www.infokuryr.cz\/n\/wp-json\/wp\/v2\/users\/2"}],"replies":[{"embeddable":true,"href":"https:\/\/www.infokuryr.cz\/n\/wp-json\/wp\/v2\/comments?post=40360"}],"version-history":[{"count":1,"href":"https:\/\/www.infokuryr.cz\/n\/wp-json\/wp\/v2\/posts\/40360\/revisions"}],"predecessor-version":[{"id":40361,"href":"https:\/\/www.infokuryr.cz\/n\/wp-json\/wp\/v2\/posts\/40360\/revisions\/40361"}],"wp:featuredmedia":[{"embeddable":true,"href":"https:\/\/www.infokuryr.cz\/n\/wp-json\/wp\/v2\/media\/7873"}],"wp:attachment":[{"href":"https:\/\/www.infokuryr.cz\/n\/wp-json\/wp\/v2\/media?parent=40360"}],"wp:term":[{"taxonomy":"category","embeddable":true,"href":"https:\/\/www.infokuryr.cz\/n\/wp-json\/wp\/v2\/categories?post=40360"},{"taxonomy":"post_tag","embeddable":true,"href":"https:\/\/www.infokuryr.cz\/n\/wp-json\/wp\/v2\/tags?post=40360"}],"curies":[{"name":"wp","href":"https:\/\/api.w.org\/{rel}","templated":true}]}}