{"id":4031,"date":"2021-08-13T03:37:41","date_gmt":"2021-08-13T01:37:41","guid":{"rendered":"http:\/\/www.infokuryr.cz\/n\/?p=4031"},"modified":"2021-08-13T03:37:41","modified_gmt":"2021-08-13T01:37:41","slug":"necekany-zvrat-kompro-na-rakusana-neshanel-babis-ale-bartos-utikejte-na-policii-vzkazuje-premier","status":"publish","type":"post","link":"https:\/\/www.infokuryr.cz\/n\/2021\/08\/13\/necekany-zvrat-kompro-na-rakusana-neshanel-babis-ale-bartos-utikejte-na-policii-vzkazuje-premier\/","title":{"rendered":"Ne\u010dekan\u00fd zvrat: Kompro na Raku\u0161ana nesh\u00e1n\u011bl Babi\u0161, ale Barto\u0161? Ut\u00edkejte na policii, vzkazuje premi\u00e9r"},"content":{"rendered":"<div id=\"fb-root\"><\/div>\n<p><strong>Af\u00e9ra \u201ekompro na Raku\u0161ana\u201c dostala nov\u00fd zvrat. Pot\u00e9, co p\u0159edseda hnut\u00ed STAN obvinil premi\u00e9ra Andreje Babi\u0161e (ANO), \u017ee ho nechal sledovat, p\u0159edseda vl\u00e1dy zjistil, \u017ee si \u201eslo\u017eku\u201c na V\u00edta Raku\u0161ana ve skute\u010dnosti d\u011blali Pir\u00e1ti.<\/strong><\/p>\n<p>Raku\u0161an ve st\u0159edu\u00a0informoval, \u017ee se obr\u00e1til na p\u0159\u00edslu\u0161n\u00e9 st\u00e1tn\u00ed instituce z<strong>\u00a0obav ze sledov\u00e1n\u00ed.\u00a0<\/strong>Odkazoval p\u0159itom na vlastn\u00ed zdroje z \u0159ad b\u00fdval\u00fdch policist\u016f i server Neovlivn\u00ed.cz. \u201eZad\u00e1n\u00ed zn\u011blo, najd\u011bte n\u011bco na Raku\u0161ana. \u0160\u00e9f ho skute\u010dn\u011b nesn\u00e1\u0161\u00ed,\u201d\u00a0uvedl\u00a0\u00fadajn\u011b serveru pod podm\u00ednkou anonymity jeden ze spolupracovn\u00edk\u016f premi\u00e9ra.<\/p>\n<p>Babi\u0161 zpo\u010d\u00e1tku v koment\u00e1\u0159i pro MF DNES odm\u00edtl, \u017ee by Raku\u0161ana nechal sledovat. \u0160\u00e9fa opozi\u010dn\u00edho hnut\u00ed obvinil ze l\u017ei.<\/p>\n<p>\u201eJe to zoufal\u00e1 snaha za pomoci anonymn\u00edch zdroj\u016f a sp\u0159\u00edzn\u011bn\u00fdch medi\u00ed nahnat si preference. Pan Raku\u0161an podobn\u00e9 bludy \u0159\u00edk\u00e1 \u010dasto. To u\u017e nen\u00ed ani vtipn\u00e9. To u\u017e je jenom zoufal\u00e9,\u201c\u00a0uvedl.<\/p>\n<p>Nyn\u00ed premi\u00e9r na sv\u00e9m Twitteru ozn\u00e1mil, \u017ee kompromituj\u00edc\u00ed materi\u00e1ly na \u010dleny hnut\u00ed STAN sh\u00e1n\u011bli ve skute\u010dnosti jejich koali\u010dn\u00ed partne\u0159i Pir\u00e1ti. C\u00edlem bylo zajistit, aby vznikl mechanismus, kter\u00fd by \u0159e\u0161il mo\u017en\u00e9 af\u00e9ry \u201eskute\u010dn\u00fdch \u010di fiktivn\u00edch korup\u010dn\u00edch kauz\u201c. Informace Babi\u0161 zjistil z online f\u00f3ra Pir\u00e1t\u016f.<\/p>\n<p>\u201ePro tyto \u00fa\u010dely bude analytick\u00fdm t\u00fdmem Poslaneck\u00e9ho klubu Pir\u00e1t\u016f ve spolupr\u00e1ci s krajsk\u00fdmi sdru\u017een\u00edmi dopracovan\u00e1 detailn\u00ed reputa\u010dn\u00ed anal\u00fdza identifikovan\u00fdch osob hnut\u00ed STAN. V situaci, kdy se objev\u00ed nap\u0159. skute\u010dn\u00e1 \u010di fiktivn\u00ed korup\u010dn\u00ed kauza, kter\u00e1 m\u016f\u017ee ohro\u017eovat spolupr\u00e1ci na jak\u00e9koliv \u00farovni, bude pro tyto \u00fa\u010dely vytvo\u0159en mechanismus n\u00e1sledn\u00e9ho \u0159e\u0161en\u00ed,\u201c\u00a0vlo\u017eil\u00a0v \u010dervenci text zakl\u00e1daj\u00edc\u00ed \u010dlen a jednatel pir\u00e1tsk\u00e9ho Republikov\u00e9ho v\u00fdboru Dalibor Z\u00e1hora.<\/p>\n<p>\u201eTak to vypad\u00e1, \u017ee slo\u017eku na V\u00edta Raku\u0161ana si d\u011blala sama Pir\u00e1tsk\u00e1 strana v \u010dele s Ivanem Barto\u0161em. Pane Raku\u0161ane, mo\u017en\u00e1 byste m\u011bl rychle ut\u00edkat na policii,\u201c glosoval Babi\u0161.<\/p>\n<p>P\u0159edm\u011bt pir\u00e1tsk\u00e9ho f\u00f3ra se t\u00fdkal nesouhlasu s nominac\u00ed hejtmanem Libereck\u00e9ho kraje Martina P\u016fty (Starostov\u00e9 pro Libereck\u00fd kraj) a europoslance STAN Stanislava Pol\u010d\u00e1ka do vl\u00e1dn\u00edho t\u00fdmu.<\/p>\n<p>\u201eP\u00e1nov\u00e9 P\u016fta a Pol\u010d\u00e1k asi budou dle hlasov\u00e1n\u00ed kv\u016fli takov\u00e9 \u201ereputa\u010dn\u00ed anal\u00fdze\u201c vy\u0159azeni, tak V\u00e1m dr\u017e\u00edm palce, abyste nedopadl stejn\u011b,\u201c vzk\u00e1zal Babi\u0161 Raku\u0161anovi.<\/p>\n<p>Za zm\u00ednku stoj\u00ed, \u017ee nad st\u00ed\u017enostmi Raku\u0161ana se podivoval nap\u0159\u00edklad i b\u00fdval\u00fd \u0161\u00e9f poslaneck\u00e9ho klubu TOP 09\u00a0Miroslav Kalousek.<\/p>\n<p>\u201eSledovali m\u011b a odposlouch\u00e1vali nejm\u00e9n\u011b polovinu m\u00e9ho profesn\u00edho \u017eivota. Je to hnusn\u00e9, ale kdy\u017e tu pr\u00e1ci \u010dlov\u011bk chce d\u011blat, mus\u00ed s t\u00edm po\u010d\u00edtat. Sm\u00e1l jsem se jim, proto\u017ee jsem si byl jist, \u017ee nic nemravn\u00e9ho nemohou naj\u00edt. Kdybych se b\u00e1l opaku, asi bych dop\u0159edu sv\u00e9 obavy avizoval,\u201c napsal na Twitter Kalousek.<\/p>\n<p>\u0160\u00e9f PR agentury Ond\u0159ej F\u00e9r na Twitteru napsal, \u017ee sh\u00e1n\u011bn\u00ed kompromituj\u00edc\u00edch materi\u00e1l\u016f je b\u011b\u017enou sou\u010d\u00e1st\u00ed politiky.<\/p>\n<p>\u201eK mor\u00e1ln\u00edmu rozho\u0159\u010den\u00ed nad akc\u00ed \u201anajd\u011bte mi n\u011bco na Raku\u0161ana\u2018 bych jenom poznamenal, \u017ee hled\u00e1n\u00ed n\u011b\u010deho na n\u011bkoho je b\u011b\u017en\u00e1 sou\u010d\u00e1st politiky asi tak od dob Ninive,\u201c napsal na Twitter.<\/p>\n<p>\u201ePir\u00e1ti, 4 roky plat\u00ed a provozuj\u00ed \u201aanalytick\u00fd t\u00fdm\u2018, co\u017e je synonymem parti\u010dky placen\u00fdch lid\u00ed, kte\u0159\u00ed cel\u00e9 dny hledaj\u00ed kompro na Babi\u0161e. Ti stejn\u00ed Pir\u00e1ti a te\u010f i Stan b\u011b\u017e\u00ed za Slonkovou a Kub\u00edkem, aby napsali, \u017ee n\u011bkdo d\u011bl\u00e1 to sam\u00e9 tentokr\u00e1t na n\u011b. A Seznam to samoz\u0159ejm\u011b r\u00e1d vyd\u00e1&#8230;\u201c uvedl dal\u0161\u00ed diskutuj\u00edc\u00ed.<\/p>\n<p>To, \u017ee se Raku\u0161an a hnut\u00ed STAN st\u0159elili do vlastn\u00ed nohy, m\u00edn\u00ed i redaktor port\u00e1lu INFO.cz Honza Pali\u010dka.<\/p>\n<p>\u201eTohle u\u017e nen\u00ed ani oby\u010dejn\u00e9 nab\u011bhnut\u00ed si na vidle, ale akrobaticky nab\u011bhnut\u00ed s rozb\u011bhem a trojn\u00fdm saltem s p\u011bti vruty. Babi\u0161 nemus\u00ed nic d\u011blat, krom Prchala a spol by m\u011bl zaplatit i tem piratskejm PR geni\u016fm. Vlastn\u011b hlavn\u011b jim,\u201c napsal na Twitter.<\/p>\n<p><a href=\"https:\/\/cz.sputniknews.com\/20210812\/zvrat-kompro-na-rakusana-neshanel-babis-ale-bartos-utikejte-na-policii-vzkazuje-premier-15464430.html\">ZDROJ<\/a><\/p>\n<p>&nbsp;<\/p>\n","protected":false},"excerpt":{"rendered":"<p>Af\u00e9ra \u201ekompro na Raku\u0161ana\u201c dostala nov\u00fd zvrat. Pot\u00e9, co p\u0159edseda hnut\u00ed STAN obvinil premi\u00e9ra Andreje&#8230;<\/p>\n","protected":false},"author":2,"featured_media":4032,"comment_status":"closed","ping_status":"closed","sticky":false,"template":"","format":"standard","meta":[],"categories":[6],"tags":[363,137,1032,424],"_links":{"self":[{"href":"https:\/\/www.infokuryr.cz\/n\/wp-json\/wp\/v2\/posts\/4031"}],"collection":[{"href":"https:\/\/www.infokuryr.cz\/n\/wp-json\/wp\/v2\/posts"}],"about":[{"href":"https:\/\/www.infokuryr.cz\/n\/wp-json\/wp\/v2\/types\/post"}],"author":[{"embeddable":true,"href":"https:\/\/www.infokuryr.cz\/n\/wp-json\/wp\/v2\/users\/2"}],"replies":[{"embeddable":true,"href":"https:\/\/www.infokuryr.cz\/n\/wp-json\/wp\/v2\/comments?post=4031"}],"version-history":[{"count":0,"href":"https:\/\/www.infokuryr.cz\/n\/wp-json\/wp\/v2\/posts\/4031\/revisions"}],"wp:featuredmedia":[{"embeddable":true,"href":"https:\/\/www.infokuryr.cz\/n\/wp-json\/wp\/v2\/media\/4032"}],"wp:attachment":[{"href":"https:\/\/www.infokuryr.cz\/n\/wp-json\/wp\/v2\/media?parent=4031"}],"wp:term":[{"taxonomy":"category","embeddable":true,"href":"https:\/\/www.infokuryr.cz\/n\/wp-json\/wp\/v2\/categories?post=4031"},{"taxonomy":"post_tag","embeddable":true,"href":"https:\/\/www.infokuryr.cz\/n\/wp-json\/wp\/v2\/tags?post=4031"}],"curies":[{"name":"wp","href":"https:\/\/api.w.org\/{rel}","templated":true}]}}