{"id":40290,"date":"2023-11-16T05:15:50","date_gmt":"2023-11-16T04:15:50","guid":{"rendered":"https:\/\/www.infokuryr.cz\/n\/?p=40290"},"modified":"2023-11-16T05:15:50","modified_gmt":"2023-11-16T04:15:50","slug":"izraelsky-knesset-prijal-zasadni-rozhodnuti-a-zasadil-tak-ranu-antisemitskym-konspiracnim-teoriim","status":"publish","type":"post","link":"https:\/\/www.infokuryr.cz\/n\/2023\/11\/16\/izraelsky-knesset-prijal-zasadni-rozhodnuti-a-zasadil-tak-ranu-antisemitskym-konspiracnim-teoriim\/","title":{"rendered":"Izraelsk\u00fd Knesset p\u0159ijal z\u00e1sadn\u00ed rozhodnut\u00ed a zasadil tak r\u00e1nu antisemitsk\u00fdm konspira\u010dn\u00edm teori\u00edm"},"content":{"rendered":"<div id=\"fb-root\"><\/div>\n<p><strong>Izraelsk\u00fd parlament Knesset p\u0159ijal rozhodnut\u00ed, \u017ee<a href=\"https:\/\/www.timesofisrael.com\/liveblog_entry\/knesset-advances-amendment-to-recognize-same-sex-partners-of-fallen-soldiers\/\">\u00a0stejnopohlavn\u00ed partne\u0159i padl\u00fdch izraelsk\u00fdch voj\u00e1k\u016f\u00a0<\/a>budou br\u00e1ni jako \u010dlenov\u00e9 rodiny<\/strong>. Budou tedy m\u00edt n\u00e1rok na stejn\u00e9 soci\u00e1ln\u00ed v\u00fdhody jako norm\u00e1ln\u00ed rodinn\u00ed p\u0159\u00edslu\u0161n\u00edci.<\/p>\n<p><b>Knesset tak nejenom zrovnopr\u00e1vnil jin\u00e1 pohlav\u00ed (by\u0165 zat\u00edm pouze u padl\u00fdch voj\u00e1k\u016f IDF), ale zasadil zdrcuj\u00edc\u00ed r\u00e1nu i konspira\u010dn\u00edm antisemitsk\u00fdm teori\u00edm. Ty tvrdily, \u017ee cel\u00e9 LGBT++ hnut\u00ed bylo vymy\u0161leno \u017eidovsk\u00fdmi aktivisty a financov\u00e1no \u017eidovsk\u00fdmi milion\u00e1\u0159i s c\u00edlem rozvr\u00e1tit g\u00f3jsk\u00e9 rodiny a n\u00e1rody.\u00a0<\/b>Zast\u00e1nci t\u011bchto teori\u00ed argumentovali \u017eidovsk\u00fdmi p\u016fvodem velk\u00e9 v\u011bt\u0161iny aktivist\u016f, podporovatel\u016f a sponzor\u016f LGBT++ agendy. T\u00edmto rozhodnut\u00edm Knesset uk\u00e1zal, \u017ee LGBT++ agenda nen\u00ed jen pro g\u00f3je\u2026..<\/p>\n<figure class=\"wp-block-image size-large\"><img decoding=\"async\" loading=\"lazy\" class=\"wp-image-5436 aligncenter\" src=\"https:\/\/ceskavec.com\/wp-content\/uploads\/2019\/12\/proga-1024x746.jpg\" sizes=\"(max-width: 1024px) 100vw, 1024px\" srcset=\"https:\/\/ceskavec.com\/wp-content\/uploads\/2019\/12\/proga-1024x746.jpg 1024w, https:\/\/ceskavec.com\/wp-content\/uploads\/2019\/12\/proga-300x219.jpg 300w, https:\/\/ceskavec.com\/wp-content\/uploads\/2019\/12\/proga-768x559.jpg 768w, https:\/\/ceskavec.com\/wp-content\/uploads\/2019\/12\/proga.jpg 1440w\" alt=\"\" width=\"653\" height=\"476\" \/><figcaption class=\"wp-element-caption\"><em>N\u011bkter\u00e9 alternativn\u00ed teorie tvrd\u00ed, \u017ee za LGBT++ agendu jsou \u017eidovsk\u00e9 sv\u011btovl\u00e1dn\u00e9 z\u00e1jmy<\/p>\n<p><a href=\"https:\/\/ceskavec.com\/2023\/11\/izraelsky-knesset-prijal-zasadni-rozhodnuti-a-zasadil-tak-ranu-antisemitskym-konspiracnim-teoriim\">\u010cesk\u00e1 v\u011bc<\/a><\/p>\n<p><a href=\"https:\/\/stranapro.cz\/\"><img decoding=\"async\" loading=\"lazy\" class=\"wp-image-40286 aligncenter\" src=\"http:\/\/www.infokuryr.cz\/n\/wp-content\/uploads\/2023\/11\/12pro-300x87.png\" alt=\"\" width=\"1210\" height=\"351\" srcset=\"https:\/\/www.infokuryr.cz\/n\/wp-content\/uploads\/2023\/11\/12pro-300x87.png 300w, https:\/\/www.infokuryr.cz\/n\/wp-content\/uploads\/2023\/11\/12pro.png 366w\" sizes=\"(max-width: 1210px) 100vw, 1210px\" \/><\/a><\/p>\n<p><\/em><\/figcaption><\/figure>\n","protected":false},"excerpt":{"rendered":"<p>Izraelsk\u00fd parlament Knesset p\u0159ijal rozhodnut\u00ed, \u017ee\u00a0stejnopohlavn\u00ed partne\u0159i padl\u00fdch izraelsk\u00fdch voj\u00e1k\u016f\u00a0budou br\u00e1ni jako \u010dlenov\u00e9 rodiny. Budou&#8230;<\/p>\n","protected":false},"author":2,"featured_media":40291,"comment_status":"closed","ping_status":"closed","sticky":false,"template":"","format":"standard","meta":[],"categories":[7],"tags":[241,6277,6278,1239],"_links":{"self":[{"href":"https:\/\/www.infokuryr.cz\/n\/wp-json\/wp\/v2\/posts\/40290"}],"collection":[{"href":"https:\/\/www.infokuryr.cz\/n\/wp-json\/wp\/v2\/posts"}],"about":[{"href":"https:\/\/www.infokuryr.cz\/n\/wp-json\/wp\/v2\/types\/post"}],"author":[{"embeddable":true,"href":"https:\/\/www.infokuryr.cz\/n\/wp-json\/wp\/v2\/users\/2"}],"replies":[{"embeddable":true,"href":"https:\/\/www.infokuryr.cz\/n\/wp-json\/wp\/v2\/comments?post=40290"}],"version-history":[{"count":0,"href":"https:\/\/www.infokuryr.cz\/n\/wp-json\/wp\/v2\/posts\/40290\/revisions"}],"wp:featuredmedia":[{"embeddable":true,"href":"https:\/\/www.infokuryr.cz\/n\/wp-json\/wp\/v2\/media\/40291"}],"wp:attachment":[{"href":"https:\/\/www.infokuryr.cz\/n\/wp-json\/wp\/v2\/media?parent=40290"}],"wp:term":[{"taxonomy":"category","embeddable":true,"href":"https:\/\/www.infokuryr.cz\/n\/wp-json\/wp\/v2\/categories?post=40290"},{"taxonomy":"post_tag","embeddable":true,"href":"https:\/\/www.infokuryr.cz\/n\/wp-json\/wp\/v2\/tags?post=40290"}],"curies":[{"name":"wp","href":"https:\/\/api.w.org\/{rel}","templated":true}]}}