{"id":40195,"date":"2023-11-15T01:09:39","date_gmt":"2023-11-15T00:09:39","guid":{"rendered":"https:\/\/www.infokuryr.cz\/n\/?p=40195"},"modified":"2023-11-14T15:40:17","modified_gmt":"2023-11-14T14:40:17","slug":"brics-s-planem-vlastniho-internetu","status":"publish","type":"post","link":"https:\/\/www.infokuryr.cz\/n\/2023\/11\/15\/brics-s-planem-vlastniho-internetu\/","title":{"rendered":"BRICS s pl\u00e1nem vlastn\u00edho internetu"},"content":{"rendered":"<div id=\"fb-root\"><\/div>\n<p><span>Posledn\u00ed n\u00e1vrh prvn\u00edho m\u00edstop\u0159edsedy kontroln\u00edho v\u00fdboru St\u00e1tn\u00ed dumy Dmitrije Guseva vzbuzuje obavy.<\/span><\/p>\n<p><span>V r\u00e1mci BRICS navrhuje vyvinout internet, ve kter\u00e9m p\u0159evl\u00e1daj\u00ed tradi\u010dn\u00ed hodnoty a dobro.<\/span><\/p>\n<p><span style=\"font-size: 18pt;\"><strong>Alternativn\u00ed internet s \u201ekvalitou\u201c<\/strong><\/span><\/p>\n<p><span>Prvn\u00ed m\u00edstop\u0159edseda kontroln\u00edho v\u00fdboru St\u00e1tn\u00ed dumy Dmitrij Gusev ned\u00e1vno navrhl, aby Rusko vyvinulo alternativn\u00ed internet ve spolupr\u00e1ci s ostatn\u00edmi zem\u011bmi BRICS.<\/span><\/p>\n<p><span>Vypl\u00fdv\u00e1 to z dokumentu, kter\u00fd Gusev p\u0159edlo\u017eil \u0161\u00e9fovi rusk\u00e9ho ministerstva pro digit\u00e1ln\u00ed rozvoj, komunikace a masm\u00e9dia a je pr\u00fd k dispozici tiskov\u00e9 agentu\u0159e\u00a0<\/span><em><span>RIA Novosti<\/span><\/em><span>\u00a0, kter\u00e1 hovo\u0159\u00ed o \u201ejednotn\u00e9m inkluzivn\u00edm kyberprostoru BRICS+\u201c.<\/span><\/p>\n<p><span>N\u00e1vrh \u201evyvinout internet, kde p\u0159evl\u00e1daj\u00ed tradi\u010dn\u00ed hodnoty a dobro\u201c by mohl b\u00fdt realizov\u00e1n \u201eza pomoci technick\u00fdch, organiza\u010dn\u00edch a civiliza\u010dn\u00edch dovednost\u00ed spole\u010dn\u00fdch cel\u00e9mu sdru\u017een\u00ed\u201c.\u00a0Dobrou p\u0159\u00edle\u017eitost\u00ed k diskusi o jednotn\u00e9m internetu pro zem\u011b BRICS by podle Guseva bylo 5. mezin\u00e1rodn\u00ed m\u011bstsk\u00e9 f\u00f3rum BRICS+, kter\u00e9 se ned\u00e1vno konalo v rusk\u00e9m Petrohradu.<\/span><\/p>\n<p><span>BRICS v sou\u010dasnosti zahrnuje \u010dlensk\u00e9 st\u00e1ty Braz\u00edlie, Rusko, Indie, \u010c\u00edna a Ji\u017en\u00ed Afrika.\u00a0Od ledna se ke konfederaci p\u0159ipoj\u00ed Argentina, Egypt, Etiopie, \u00cdr\u00e1n, Sa\u00fadsk\u00e1 Ar\u00e1bie a Spojen\u00e9 arabsk\u00e9 emir\u00e1ty.\u00a0O\u010dek\u00e1v\u00e1 se, \u017ee roz\u0161\u00ed\u0159en\u00e1 skupina nazvan\u00e1 BRICS+ bude do roku 2040 tvo\u0159it t\u00e9m\u011b\u0159 polovinu celosv\u011btov\u00e9ho HDP.<\/span><\/p>\n<p><span>\u010c\u00ednsk\u00fd prezident Si \u0164in-pching na za\u010d\u00e1tku minul\u00e9ho t\u00fddne tak\u00e9 vyzval ke zm\u011bn\u011b zp\u016fsobu, jak\u00fdm funguje glob\u00e1ln\u00ed internet, ve prosp\u011bch lid\u00ed ve v\u0161ech zem\u00edch.<\/span><\/p>\n<p><span>&#8222;Jsme odhodl\u00e1ni up\u0159ednost\u0148ovat rozvoj a vytv\u00e1\u0159et inkluzivn\u011bj\u0161\u00ed a prosperuj\u00edc\u00ed kybernetick\u00fd prostor,&#8220; \u0159ekl na slavnostn\u00edm zah\u00e1jen\u00ed Sv\u011btov\u00e9 internetov\u00e9 konference 2023 ve Wuzhenu.<\/span><\/p>\n<p><img decoding=\"async\" loading=\"lazy\" class=\"alignnone size-full wp-image-1185\" src=\"http:\/\/www.infokuryr.cz\/n\/wp-content\/uploads\/2021\/04\/kuryr-podpis.png\" alt=\"\" width=\"84\" height=\"24\" \/><\/p>\n<p>&nbsp;<\/p>\n<p><a href=\"https:\/\/stranapro.cz\/\"><img decoding=\"async\" loading=\"lazy\" class=\"wp-image-30218 aligncenter\" src=\"http:\/\/www.infokuryr.cz\/n\/wp-content\/uploads\/2023\/06\/PRO-banner-300x36.png\" alt=\"\" width=\"1367\" height=\"164\" srcset=\"https:\/\/www.infokuryr.cz\/n\/wp-content\/uploads\/2023\/06\/PRO-banner-300x36.png 300w, https:\/\/www.infokuryr.cz\/n\/wp-content\/uploads\/2023\/06\/PRO-banner-768x93.png 768w, https:\/\/www.infokuryr.cz\/n\/wp-content\/uploads\/2023\/06\/PRO-banner.png 849w\" sizes=\"(max-width: 1367px) 100vw, 1367px\" \/><\/a><\/p>\n<p>&nbsp;<\/p>\n<p>&nbsp;<\/p>\n<p>&nbsp;<\/p>\n","protected":false},"excerpt":{"rendered":"<p>Posledn\u00ed n\u00e1vrh prvn\u00edho m\u00edstop\u0159edsedy kontroln\u00edho v\u00fdboru St\u00e1tn\u00ed dumy Dmitrije Guseva vzbuzuje obavy. V r\u00e1mci BRICS&#8230;<\/p>\n","protected":false},"author":2,"featured_media":29150,"comment_status":"closed","ping_status":"closed","sticky":false,"template":"","format":"standard","meta":[],"categories":[7],"tags":[1161,647,1505],"_links":{"self":[{"href":"https:\/\/www.infokuryr.cz\/n\/wp-json\/wp\/v2\/posts\/40195"}],"collection":[{"href":"https:\/\/www.infokuryr.cz\/n\/wp-json\/wp\/v2\/posts"}],"about":[{"href":"https:\/\/www.infokuryr.cz\/n\/wp-json\/wp\/v2\/types\/post"}],"author":[{"embeddable":true,"href":"https:\/\/www.infokuryr.cz\/n\/wp-json\/wp\/v2\/users\/2"}],"replies":[{"embeddable":true,"href":"https:\/\/www.infokuryr.cz\/n\/wp-json\/wp\/v2\/comments?post=40195"}],"version-history":[{"count":0,"href":"https:\/\/www.infokuryr.cz\/n\/wp-json\/wp\/v2\/posts\/40195\/revisions"}],"wp:featuredmedia":[{"embeddable":true,"href":"https:\/\/www.infokuryr.cz\/n\/wp-json\/wp\/v2\/media\/29150"}],"wp:attachment":[{"href":"https:\/\/www.infokuryr.cz\/n\/wp-json\/wp\/v2\/media?parent=40195"}],"wp:term":[{"taxonomy":"category","embeddable":true,"href":"https:\/\/www.infokuryr.cz\/n\/wp-json\/wp\/v2\/categories?post=40195"},{"taxonomy":"post_tag","embeddable":true,"href":"https:\/\/www.infokuryr.cz\/n\/wp-json\/wp\/v2\/tags?post=40195"}],"curies":[{"name":"wp","href":"https:\/\/api.w.org\/{rel}","templated":true}]}}