{"id":4018,"date":"2021-08-12T08:12:09","date_gmt":"2021-08-12T06:12:09","guid":{"rendered":"http:\/\/www.infokuryr.cz\/n\/?p=4018"},"modified":"2021-08-12T08:12:09","modified_gmt":"2021-08-12T06:12:09","slug":"kdyby-pirati-vyhrali-volby-a-premierem-se-stal-bartos","status":"publish","type":"post","link":"https:\/\/www.infokuryr.cz\/n\/2021\/08\/12\/kdyby-pirati-vyhrali-volby-a-premierem-se-stal-bartos\/","title":{"rendered":"Kdyby Pir\u00e1ti vyhr\u00e1li volby a premi\u00e9rem se stal Barto\u0161&#8230;"},"content":{"rendered":"<div id=\"fb-root\"><\/div>\n<p><strong>Americk\u00fd novin\u00e1\u0159 \u017eij\u00edc\u00ed v Praze, Erik Best, pravil: &#8222;Kdyby Pir\u00e1ti vyhr\u00e1li volby a premi\u00e9rem se stal fe\u0165\u00e1k Barto\u0161, tak po\u010d\u00edtejte s t\u00edm, \u017ee:<\/p>\n<p><\/strong>&#8211; nejd\u0159\u00edv by likvidovali v\u0161e, co zavedlo ANO. nap\u0159. valorizaci d\u016fchod\u016f a vr\u00e1cen\u00ed jejich v\u00fd\u0161\u00ed na dobu p\u0159ed rokem 2017.<br \/>\n&#8211; d\u00e1le by legalizovali svoji milici ANTIFA, kter\u00e1 by rozpoutala v republice peklo. Byla by nad polici\u00ed.<br \/>\n&#8211; a kone\u010dn\u011b by do\u0161lo k tomu, k \u010demu se zav\u00e1zali u George S\u00f6ro\u0161e, t.j. zaplavit republiku ileg\u00e1ln\u00edmi migranty.<br \/>\n&#8211; a nejen to, definit\u00edvn\u011b by odstranili Bene\u0161ovy dekrety, aby za\u010dala kone\u010dn\u00e1 likvidace \u010desk\u00fdch zem\u00ed.<br \/>\nTomu v\u0161emu m\u00e1 p\u0159edch\u00e1zet mlha o jak\u00e9si digitalizaci. Nemohou p\u0159ece ihned odhalit sv\u00e9 pl\u00e1ny. Jak by to tu m\u011blo vypadat, vid\u00edme v Praze, kde je prim\u00e1torem Pir\u00e1t H\u0159ib.<\/p>\n<p>D\u016fchodci by m\u011bli b\u00fdt lovnou zv\u011b\u0159\u00ed, bez jak\u00fdchkoli pr\u00e1v a pokud bydl\u00ed sami, m\u011bli by se starat o migranty. M\u011bli by b\u00fdt poni\u017eov\u00e1ni a \u0161ikanov\u00e1ni ml\u00e1de\u017e\u00ed, v\u0161ude kde se objev\u00ed. V obchodech, l\u00e9k\u00e1rn\u00e1ch a pod. Zav\u00e1zali se u S\u00f6ro\u0161e k likvidaci Slovan\u016f a za\u010dali by u t\u011bch bezbrann\u00fdch.<\/p>\n<p><strong>To je tak v kostce jejich program. A spole\u010dn\u00fd program demobloku a Pir\u00e1t\u016f by byl dovr\u0161en. Zd\u00e1 se v\u00e1m to m\u00e1lo ?<\/strong><\/p>\n<p><em>KOB &#8211; Koncepce Ob\u010dansk\u00e9 Bezpe\u010dnosti<\/em><\/p>\n<p>&nbsp;<\/p>\n","protected":false},"excerpt":{"rendered":"<p>Americk\u00fd novin\u00e1\u0159 \u017eij\u00edc\u00ed v Praze, Erik Best, pravil: &#8222;Kdyby Pir\u00e1ti vyhr\u00e1li volby a premi\u00e9rem se&#8230;<\/p>\n","protected":false},"author":2,"featured_media":863,"comment_status":"closed","ping_status":"closed","sticky":false,"template":"","format":"standard","meta":[],"categories":[6],"tags":[137,1031,27],"_links":{"self":[{"href":"https:\/\/www.infokuryr.cz\/n\/wp-json\/wp\/v2\/posts\/4018"}],"collection":[{"href":"https:\/\/www.infokuryr.cz\/n\/wp-json\/wp\/v2\/posts"}],"about":[{"href":"https:\/\/www.infokuryr.cz\/n\/wp-json\/wp\/v2\/types\/post"}],"author":[{"embeddable":true,"href":"https:\/\/www.infokuryr.cz\/n\/wp-json\/wp\/v2\/users\/2"}],"replies":[{"embeddable":true,"href":"https:\/\/www.infokuryr.cz\/n\/wp-json\/wp\/v2\/comments?post=4018"}],"version-history":[{"count":0,"href":"https:\/\/www.infokuryr.cz\/n\/wp-json\/wp\/v2\/posts\/4018\/revisions"}],"wp:featuredmedia":[{"embeddable":true,"href":"https:\/\/www.infokuryr.cz\/n\/wp-json\/wp\/v2\/media\/863"}],"wp:attachment":[{"href":"https:\/\/www.infokuryr.cz\/n\/wp-json\/wp\/v2\/media?parent=4018"}],"wp:term":[{"taxonomy":"category","embeddable":true,"href":"https:\/\/www.infokuryr.cz\/n\/wp-json\/wp\/v2\/categories?post=4018"},{"taxonomy":"post_tag","embeddable":true,"href":"https:\/\/www.infokuryr.cz\/n\/wp-json\/wp\/v2\/tags?post=4018"}],"curies":[{"name":"wp","href":"https:\/\/api.w.org\/{rel}","templated":true}]}}